{"id":37107,"date":"2019-03-06T10:00:32","date_gmt":"2019-03-06T09:00:32","guid":{"rendered":"https:\/\/www.igmg.org\/?p=37107"},"modified":"2019-03-04T10:31:38","modified_gmt":"2019-03-04T09:31:38","slug":"huesn-i-hat-kursu-yogun-ilgi-goerdue","status":"publish","type":"post","link":"https:\/\/www.igmg.org\/tr\/huesn-i-hat-kursu-yogun-ilgi-goerdue\/","title":{"rendered":"H\u00fcsn-i Hat kursu yo\u011fun ilgi g\u00f6rd\u00fc"},"content":{"rendered":"<h2 class=\"p1\"><span class=\"s1\"><b>Zembil Sabah \u00dclkesi Sanat Merkezi ilk H\u00fcsn-i Hat kursu i\u00e7in bilgilendirme toplant\u0131s\u0131n\u0131 Genel Merkez binas\u0131nda ger\u00e7ekle\u015ftirdi ve derslere ba\u015fland\u0131.<\/b><\/span><\/h2>\n<p class=\"p1\"><span class=\"s1\">Zembil Sabah \u00dclkesi Sanat Merkezi 60\u2019\u0131n \u00fczerinde kat\u0131l\u0131m ile H\u00fcsn-i Hat derslerine Genel Merkez\u2019de ba\u015flad\u0131. IGMG Gen\u00e7lik Te\u015fkilat\u0131 Ba\u015fkan\u0131 ve ayn\u0131 zamanda icazetli hat sanatk\u00e2r\u0131 olan \u00dcnal \u00dcnalan, \u00e7al\u0131\u015fmalara belirli s\u00fcrelerde davet edilen Hattat Mustafa Cemil Efe\u2019nin takibiyle H\u00fcsn-i Hat dersini i\u015fleyecek.<\/span><\/p>\n<p class=\"p1\"><span class=\"s1\">H\u00fcsn-i hat sanatk\u00e2r\u0131 \u00dcnal \u00dcnalan kursa kay\u0131t olmay\u0131 arzulayan kat\u0131l\u0131mc\u0131lara dersin i\u00e7eri\u011fi hakk\u0131nda bilgi verdi. Akabinde kat\u0131l\u0131mc\u0131lara hat sanat\u0131n\u0131n, ge\u00e7mi\u015ften g\u00fcn\u00fcm\u00fcze kadar olan tarihini ele ald\u0131. \u00dcnalan, hat sanat\u0131n\u0131n herhangi bir sanat olmad\u0131\u011f\u0131n\u0131 belirterek \u015funlar\u0131 s\u00f6yledi: \u201cHat sanat\u0131 sab\u0131r ve azim i\u015fidir. Manevi boyutu y\u00fcksektir. Hat sanat\u0131nda kullan\u0131lan ne k\u00e2\u011f\u0131t, ne de kam\u0131\u015f israf edilmez. Eskiden hattatlar kam\u0131\u015f kalemlerinin u\u00e7lar\u0131n\u0131 a\u00e7\u0131nca \u00e7\u0131kan kam\u0131\u015f yontular\u0131n\u0131 atmay\u0131p biriktirirlermi\u015f. Sonra da o biriktirdikleri kam\u0131\u015f art\u0131klar\u0131n\u0131 \u00f6ld\u00fckten sonra gasil suyunun \u0131s\u0131t\u0131lmas\u0131nda kullan\u0131lmas\u0131 i\u00e7in vasiyet ederlermi\u015f. B\u00f6ylece hi\u00e7bir zerresi israf olmazm\u0131\u015f. Siz de kam\u0131\u015f yontular\u0131n\u0131 atmay\u0131n.\u201d diyerek, hat gelene\u011finin bu boyutunu kat\u0131l\u0131mc\u0131lara aktard\u0131. <\/span><\/p>\n<p class=\"p1\"><span class=\"s1\">\u00dcnalan, hat sanat\u0131n\u0131 \u00f6\u011frenecek olan kat\u0131l\u0131mc\u0131lar\u0131n istikrarl\u0131 bir \u015fekilde derslere devam etmesi gerekti\u011fine vurgu yapt\u0131. Kat\u0131l\u0131mc\u0131lar i\u00e7in ders her hafta \u00e7ar\u015famba g\u00fcn\u00fc saat 16:30 itibar\u0131yla ba\u015fl\u0131yor. Me\u015fklerin haftal\u0131k takibi olurken, her ay bir pazar g\u00fcn\u00fc teori konular\u0131n\u0131n i\u015flendi\u011fi m\u00fc\u015fterek ders ger\u00e7ekle\u015ftiriliyor.<\/span><\/p>\n<p class=\"p1\"><span class=\"s1\">Kurs kat\u0131l\u0131mc\u0131lar\u0131ndan Enis Bulut \u201cH\u00fcsn-i Hat kursunun a\u00e7\u0131laca\u011f\u0131n\u0131 sosyal medya \u00fczerinden g\u00f6rd\u00fcm ve an\u0131nda kay\u0131t oldum. Avrupa\u2019da ilk defa geni\u015f \u00e7apta sunulan bu sanat\u0131n \u00f6\u011frencisi olman\u0131n b\u00fcy\u00fck bir ayr\u0131cal\u0131k oldu\u011funu d\u00fc\u015f\u00fcn\u00fcyorum. H\u00fcsn-i hat sanat\u0131 her zaman ilgimi \u00e7ekmi\u015ftir. Bu sanatta yaz\u0131 sadece bilgi aktaran bir ara\u00e7 de\u011fildir. Hat sanat\u0131 bir ruh ta\u015f\u0131r, insan\u0131n b\u00fct\u00fcn duygu d\u00fcnyas\u0131n\u0131 ortaya \u00e7\u0131kar\u0131r. Bu y\u00fczden \u00e7ocuklar\u0131ma ve gen\u00e7 nesillere bu sanat\u0131 aktarmak isterim.\u201d diyerek memnuniyetini dile getirdi.<\/span><\/p>\n<p class=\"p1\"><span class=\"s1\">Bir di\u011fer kat\u0131l\u0131mc\u0131 Seyhan \u015eahin ise kurs hakk\u0131nda \u015fu yorumlarda bulundu: \u201cHattatlar\u0131n yapt\u0131\u011f\u0131 eserlere bakt\u0131\u011f\u0131m zaman, hattatlara g\u0131pta ederdim. Zor bir sanat oldu\u011funun fark\u0131ndayd\u0131m ancak bunu ilk kurs g\u00fcn\u00fcnde daha iyi anlam\u0131\u015f oldum. Almanya\u2019da b\u00f6yle bir hizmetin verilmesi \u00e7ok \u00f6nemli. \u00d6nceden b\u00f6yle bir kurs verilseydi, yine kat\u0131lmak isterdim. Evim buraya \u00e7ok yak\u0131n olmamas\u0131na ra\u011fmen buna de\u011fer diye d\u00fc\u015f\u00fcn\u00fcyorum, in\u015fallah muvaffak olurum.\u201d<\/span><\/p>\n","protected":false},"excerpt":{"rendered":"<p>Zembil Sabah \u00dclkesi Sanat Merkezi ilk H\u00fcsn-i Hat kursu i\u00e7in bilgilendirme toplant\u0131s\u0131n\u0131 Genel Merkez binas\u0131nda ger\u00e7ekle\u015ftirdi ve derslere ba\u015fland\u0131. <\/p>\n","protected":false},"author":1,"featured_media":37108,"comment_status":"open","ping_status":"open","sticky":false,"template":"","format":"standard","meta":{"ngg_post_thumbnail":0},"categories":[23259],"tags":[],"_links":{"self":[{"href":"https:\/\/www.igmg.org\/tr\/wp-json\/wp\/v2\/posts\/37107"}],"collection":[{"href":"https:\/\/www.igmg.org\/tr\/wp-json\/wp\/v2\/posts"}],"about":[{"href":"https:\/\/www.igmg.org\/tr\/wp-json\/wp\/v2\/types\/post"}],"author":[{"embeddable":true,"href":"https:\/\/www.igmg.org\/tr\/wp-json\/wp\/v2\/users\/1"}],"replies":[{"embeddable":true,"href":"https:\/\/www.igmg.org\/tr\/wp-json\/wp\/v2\/comments?post=37107"}],"version-history":[{"count":2,"href":"https:\/\/www.igmg.org\/tr\/wp-json\/wp\/v2\/posts\/37107\/revisions"}],"predecessor-version":[{"id":37111,"href":"https:\/\/www.igmg.org\/tr\/wp-json\/wp\/v2\/posts\/37107\/revisions\/37111"}],"wp:featuredmedia":[{"embeddable":true,"href":"https:\/\/www.igmg.org\/tr\/wp-json\/wp\/v2\/media\/37108"}],"wp:attachment":[{"href":"https:\/\/www.igmg.org\/tr\/wp-json\/wp\/v2\/media?parent=37107"}],"wp:term":[{"taxonomy":"category","embeddable":true,"href":"https:\/\/www.igmg.org\/tr\/wp-json\/wp\/v2\/categories?post=37107"},{"taxonomy":"post_tag","embeddable":true,"href":"https:\/\/www.igmg.org\/tr\/wp-json\/wp\/v2\/tags?post=37107"}],"curies":[{"name":"wp","href":"https:\/\/api.w.org\/{rel}","templated":true}]}}