{"id":37129,"date":"2019-03-08T10:29:36","date_gmt":"2019-03-08T09:29:36","guid":{"rendered":"https:\/\/www.igmg.org\/?p=37129"},"modified":"2019-03-08T10:29:36","modified_gmt":"2019-03-08T09:29:36","slug":"duenya-kadinlar-guenue-mueslueman-kadinlar-icin-de-firsat-esitligi","status":"publish","type":"post","link":"https:\/\/www.igmg.org\/tr\/duenya-kadinlar-guenue-mueslueman-kadinlar-icin-de-firsat-esitligi\/","title":{"rendered":"D\u00fcnya Kad\u0131nlar G\u00fcn\u00fc \u2013 M\u00fcsl\u00fcman kad\u0131nlar i\u00e7in de f\u0131rsat e\u015fitli\u011fi"},"content":{"rendered":"<p><strong>\u0130slam Toplumu Mill\u00ee G\u00f6r\u00fc\u015f (IGMG) Kad\u0131nlar Te\u015fkilat\u0131 Ba\u015fkan\u0131 Handan Yaz\u0131c\u0131 8 Mart D\u00fcnya Kad\u0131nlar G\u00fcn\u00fc m\u00fcnasebetiyle bir a\u00e7\u0131klama yapt\u0131. \u201cM\u00fcsl\u00fcman kad\u0131nlar\u0131n maruz kald\u0131klar\u0131 \u00e7al\u0131\u015fma yasaklar\u0131n\u0131n da f\u0131rsat e\u015fitli\u011fi tart\u0131\u015fmalar\u0131nda dile getirilmesi gerekir. Yasama organ\u0131 acilen bu soruna bir \u00e7\u00f6z\u00fcm bulmal\u0131d\u0131r.\u201d diyen Yaz\u0131c\u0131 s\u00f6zlerini \u015f\u00f6yle s\u00fcrd\u00fcrd\u00fc:<\/strong><\/p>\n<p>\u201cKad\u0131nlar hakk\u0131nda yap\u0131lan tart\u0131\u015fmalarda \u00e7o\u011funlukla i\u015f d\u00fcnyas\u0131nda f\u0131rsat e\u015fitli\u011fi konusu ele al\u0131nmaktad\u0131r. \u015e\u00fcphesiz kad\u0131nlar da terfi etme hususunda ayn\u0131 \u015fartlara sahip olmal\u0131, ayn\u0131 i\u015fi yapt\u0131klar\u0131nda onlar da erkekler kadar kazanmal\u0131d\u0131r. Politikada kad\u0131nlar da ayn\u0131 oranda temsil edilmeli, parlamentolardaki kad\u0131n oranlar\u0131 \u00e7ok daha y\u00fcksek olmal\u0131d\u0131r. Bunlar dikkate al\u0131nmas\u0131 gereken, \u00f6nemli taleplerdir.<\/p>\n<p>Bununla birlikte, s\u00fcregelen tart\u0131\u015fmalarda kad\u0131nlar\u0131n maruz kald\u0131klar\u0131 \u00e7ok y\u00f6nl\u00fc ayr\u0131mc\u0131l\u0131\u011f\u0131n da konu edilmesi gerekmektedir. Kad\u0131nlar\u0131n genel olarak ya\u015fad\u0131klar\u0131 dezavantajlara ek olarak, az\u0131nl\u0131klar ba\u015fka kriterler sebebiyle de \u00e7ok y\u00f6nl\u00fc ayr\u0131mc\u0131l\u0131kla kar\u015f\u0131 kar\u015f\u0131ya kalmaktad\u0131rlar.<\/p>\n<p>Almanya\u2019da kad\u0131n n\u00fcfusun yakla\u015f\u0131k %5\u2019i M\u00fcsl\u00fcman\u2019d\u0131r. Giyim tarzlar\u0131 sebebiyle M\u00fcsl\u00fcman olduklar\u0131 d\u0131\u015far\u0131dan anla\u015f\u0131labilen kad\u0131nlar \u00f6rne\u011fin \u00f6\u011fretmen veya h\u00e2kim olarak \u00e7al\u0131\u015famamakta, bu ki\u015filere neredeyse b\u00fct\u00fcn memuriyet yollar\u0131 kapat\u0131lmaktad\u0131r. Mesleki yeterlilik s\u0131navlar\u0131n\u0131 ba\u015far\u0131yla ge\u00e7mi\u015f olsalar dahi, baz\u0131 binalarda ancak temizlik\u00e7i olarak \u00e7al\u0131\u015fmalar\u0131na m\u00fcsaade edilmektedir.<\/p>\n<p>Devletin ortaya koydu\u011fu bu olumsuz uygulamay\u0131 \u00e7o\u011fu zaman \u00f6zel sekt\u00f6rdeki i\u015fverenler de \u00f6rnek almaktad\u0131r. Devleti \u00f6rnek alan i\u015fverenlerin say\u0131s\u0131 gittik\u00e7e artmaktad\u0131r. Art\u0131k buna bir son verme zaman\u0131 gelmi\u015ftir. Yasama organ\u0131, pratikte yaln\u0131zca M\u00fcsl\u00fcmanlar\u0131 hedef alan ve i\u015f d\u00fcnyas\u0131ndan soyutlayan s\u00f6z konusu yasaklar\u0131 acilen ortadan kald\u0131rmal\u0131d\u0131r.\u201d<\/p>\n","protected":false},"excerpt":{"rendered":"<p>\u0130slam Toplumu Mill\u00ee G\u00f6r\u00fc\u015f (IGMG) Kad\u0131nlar Te\u015fkilat\u0131 Ba\u015fkan\u0131 Handan Yaz\u0131c\u0131 8 Mart D\u00fcnya Kad\u0131nlar G\u00fcn\u00fc m\u00fcnasebetiyle bir a\u00e7\u0131klama yapt\u0131. \u201cM\u00fcsl\u00fcman kad\u0131nlar\u0131n maruz kald\u0131klar\u0131 \u00e7al\u0131\u015fma yasaklar\u0131n\u0131n da f\u0131rsat e\u015fitli\u011fi tart\u0131\u015fmalar\u0131nda dile getirilmesi gerekir. Yasama organ\u0131 acilen bu soruna bir \u00e7\u00f6z\u00fcm bulmal\u0131d\u0131r.\u201d diyen Yaz\u0131c\u0131 s\u00f6zlerini \u015f\u00f6yle s\u00fcrd\u00fcrd\u00fc:<\/p>\n","protected":false},"author":1,"featured_media":32515,"comment_status":"open","ping_status":"open","sticky":false,"template":"","format":"standard","meta":{"ngg_post_thumbnail":0},"categories":[23244,23257],"tags":[24324,24374,24675],"_links":{"self":[{"href":"https:\/\/www.igmg.org\/tr\/wp-json\/wp\/v2\/posts\/37129"}],"collection":[{"href":"https:\/\/www.igmg.org\/tr\/wp-json\/wp\/v2\/posts"}],"about":[{"href":"https:\/\/www.igmg.org\/tr\/wp-json\/wp\/v2\/types\/post"}],"author":[{"embeddable":true,"href":"https:\/\/www.igmg.org\/tr\/wp-json\/wp\/v2\/users\/1"}],"replies":[{"embeddable":true,"href":"https:\/\/www.igmg.org\/tr\/wp-json\/wp\/v2\/comments?post=37129"}],"version-history":[{"count":1,"href":"https:\/\/www.igmg.org\/tr\/wp-json\/wp\/v2\/posts\/37129\/revisions"}],"predecessor-version":[{"id":37130,"href":"https:\/\/www.igmg.org\/tr\/wp-json\/wp\/v2\/posts\/37129\/revisions\/37130"}],"wp:featuredmedia":[{"embeddable":true,"href":"https:\/\/www.igmg.org\/tr\/wp-json\/wp\/v2\/media\/32515"}],"wp:attachment":[{"href":"https:\/\/www.igmg.org\/tr\/wp-json\/wp\/v2\/media?parent=37129"}],"wp:term":[{"taxonomy":"category","embeddable":true,"href":"https:\/\/www.igmg.org\/tr\/wp-json\/wp\/v2\/categories?post=37129"},{"taxonomy":"post_tag","embeddable":true,"href":"https:\/\/www.igmg.org\/tr\/wp-json\/wp\/v2\/tags?post=37129"}],"curies":[{"name":"wp","href":"https:\/\/api.w.org\/{rel}","templated":true}]}}