{"id":37160,"date":"2019-03-16T10:41:49","date_gmt":"2019-03-16T09:41:49","guid":{"rendered":"https:\/\/www.igmg.org\/?p=37160"},"modified":"2019-03-15T14:46:55","modified_gmt":"2019-03-15T13:46:55","slug":"camileri-desteklemek-toplumsal-bir-sorumluluktur","status":"publish","type":"post","link":"https:\/\/www.igmg.org\/tr\/camileri-desteklemek-toplumsal-bir-sorumluluktur\/","title":{"rendered":"Camileri desteklemek toplumsal bir sorumluluktur!"},"content":{"rendered":"<h2>\u0130slam Toplumu Mill\u00ee G\u00f6r\u00fc\u015f Te\u015fkilatlar\u0131 daha \u00f6nceki y\u0131llarda oldu\u011fu gibi bu \u00e7al\u0131\u015fma d\u00f6neminde de m\u00fcbarek \u00fc\u00e7 aylar\u0131n girmesi ile birlikte t\u00fcm Mill\u00ee G\u00f6r\u00fc\u015f camilerinde \u201cCamiye \u00dcyelik Kampanyas\u0131\u201d \u00e7al\u0131\u015fmas\u0131 ba\u015flatt\u0131. Camia olarak camiye \u00fcyelik kampanyas\u0131n\u0131 IGMG Genel Ba\u015fkan Yard\u0131mc\u0131s\u0131 ve Te\u015fkilatlanma Ba\u015fkan\u0131 Murat \u0130leri\u2019ye sorduk.<\/h2>\n<h3 class=\"p1\"><span class=\"s1\"><b>\u0130slam Toplumu Mill\u00ee G\u00f6r\u00fc\u015f Te\u015fkilatlar\u0131 olarak ni\u00e7in camiye \u00fcyelik kampanyas\u0131 yap\u0131yorsunuz?<\/b><\/span><\/h3>\n<p class=\"p2\">\u0130slam Toplumu Mill\u00ee G\u00f6r\u00fc\u015f (IGMG) ba\u015fta Avrupa olmak \u00fczere, Kanda ve Avustralya\u2019da M\u00fcsl\u00fcmanlar\u0131n ihtiya\u00e7lar\u0131n\u0131 kar\u015f\u0131lamak \u00fczere kurulmu\u015f bir te\u015fkilatt\u0131r. M\u00fcsl\u00fcmanlar \u015fuurlans\u0131n, bulunduklar\u0131 \u00fclke ve b\u00f6lgelerde varl\u0131klar\u0131n\u0131 ve kimliklerini muhafaza etsin diye bu te\u015fkilatlar kurulmu\u015ftur. IGMG\u2019nin, cami ile M\u00fcsl\u00fcmanlar\u0131 bulu\u015fturmas\u0131 sorumlulu\u011funun bir gere\u011fidir. Bunun sa\u011flanmas\u0131na yard\u0131mc\u0131 olmak i\u00e7in de Te\u015fkilatlanma Ba\u015fkanl\u0131\u011f\u0131m\u0131z \u201cCamilerimize \u00dcye Kampanyas\u0131\u201d ba\u015flat\u0131lm\u0131\u015ft\u0131r. \u0130steriz ki cami \u00e7at\u0131s\u0131 alt\u0131na girmemi\u015f tek bir M\u00fcsl\u00fcman kalmas\u0131n. M\u00fcsl\u00fcmanlar\u0131n camilerde bulu\u015fmas\u0131 ve cemaat olmalar\u0131 en b\u00fcy\u00fck arzumuzdur. B\u00f6yle bir konuyu hayata ge\u00e7irmeyi sorumlulu\u011fumuzun gere\u011fi olarak g\u00f6rmekteyiz.<\/p>\n<h3 class=\"p1\"><span class=\"s1\"><b>Camilerin M\u00fcsl\u00fcmanlar\u0131n hayat\u0131 \u00fczerinde \u00e7ok b\u00fcy\u00fck etkisi oldu\u011fu a\u015fikar. Bu manada camiler bir M\u00fcsl\u00fcman\u2019\u0131n hayat\u0131n\u0131 nas\u0131l etkilemektedir?<\/b><\/span><\/h3>\n<p class=\"p2\"><span class=\"s1\">\u015eu iyi bilinmeli ki, camiler, M\u00fcsl\u00fcmanlar\u0131n vazge\u00e7ilmezi, evi, s\u0131\u011f\u0131na\u011f\u0131, \u00f6zellikle de hayatlar\u0131n\u0131n merkezidir. Camilerimizi din\u00ee ve k\u00fclt\u00fcrel de\u011ferlerimizden ayr\u0131 d\u00fc\u015f\u00fcnemeyiz. Camilerimiz ibadet etme yeri olmalar\u0131n\u0131n yan\u0131 s\u0131ra M\u00fcsl\u00fcman\u2019\u0131n erke\u011fi, kad\u0131n\u0131 ve \u00e7ocu\u011fuyla birlikte e\u011fitim ald\u0131klar\u0131 e\u011fitim merkezleri, bir araya geldikleri sosyal mek\u00e2nlard\u0131r. Camiler, bir yerde, M\u00fcsl\u00fcmanlar\u0131n varl\u0131\u011f\u0131n\u0131n m\u00fchr\u00fc ve ispat\u0131d\u0131r. Camiler, k\u00fclt\u00fcrel etkinliklerin yap\u0131ld\u0131\u011f\u0131, \u0130slam\u2019\u0131n tan\u0131t\u0131ld\u0131\u011f\u0131 temel mek\u00e2nlard\u0131r. Camiler mutlu ve sevin\u00e7li g\u00fcnlerde toplanma yeridir. \u0130slami kimli\u011fin korunmas\u0131 ve geli\u015fiminde caminin \u00e7ok \u00f6nemli bir yeri vard\u0131r. Camiler cemaat olman\u0131n sembol\u00fcd\u00fcr. B\u00fct\u00fcn bunlar d\u00fc\u015f\u00fcn\u00fcld\u00fc\u011f\u00fcnde camilerin hayat\u0131m\u0131zda ne kadar b\u00fcy\u00fck bir fonksiyonu oldu\u011fu da a\u00e7\u0131k\u00e7a anla\u015f\u0131lmaktad\u0131r. Bundan hareketle M\u00fcsl\u00fcman\u2019\u0131 camiden ayr\u0131 d\u00fc\u015f\u00fcnmemiz m\u00fcmk\u00fcn de\u011fildir. <\/span><\/p>\n<h3 class=\"p1\"><span class=\"s1\"><b>Bir M\u00fcsl\u00fcman dinini kendisi tek ba\u015f\u0131na oldu\u011fu gibi ya\u015fayamaz m\u0131? Bir camiye \u00fcye olmak zorunda m\u0131d\u0131r, bu ni\u00e7in \u00f6nem arz ediyor?<\/b><\/span><\/h3>\n<p class=\"p2\">Yukar\u0131da da bahsetti\u011fimiz gibi camiler M\u00fcsl\u00fcmanlar\u0131n toplanma yerleridir. Cami M\u00fcsl\u00fcmanlar\u0131n ibadet mek\u00e2n\u0131d\u0131r. Allah (c.c.): \u201cAllah\u2019\u0131n mescitlerini, ancak Allah\u2019a ve ahiret g\u00fcn\u00fcne inanan, namaz\u0131 dosdo\u011fru k\u0131lan, zek\u00e2t\u0131 veren ve Allah\u2019tan ba\u015fkas\u0131ndan korkmayan kimseler imar eder. \u0130\u015fte onlar\u0131n do\u011fru yolu bulanlardan olmalar\u0131 umulur.\u201d (Tevbe suresi, 9:18) ayetiyle camilerin ne kadar \u00f6nemli oldu\u011funu bildirmekte olup, bizlere cemaat olmam\u0131z\u0131 emretmektedir. Dolay\u0131s\u0131yla inanc\u0131m\u0131z\u0131n gere\u011fini yerine getirme zorunlulu\u011fu da bizi bu g\u00f6revi ifa etmeye te\u015fvik etmektedir. Had\u00ees-i \u015ferifte Peygamber Efendimiz (s.a.v.), \u201cKurt s\u00fcr\u00fcden ayr\u0131lan koyunu sever, \u015feytan da cemaatten ayr\u0131lan M\u00fcsl\u00fcman\u2019\u0131 sever.\u201d buyurmu\u015ftur. M\u00fcsl\u00fcmanlar\u0131 cami \u00fcyeli\u011fine \u00e7a\u011f\u0131rmak, d\u00fcnya ve ahiret hayat\u0131m\u0131z i\u00e7in ciddi bir gerekliliktir. Bu gereklili\u011fi \u015f\u00f6ylece maddeler h\u00e2linde de s\u0131ralayarak \u00f6zetleyebiliriz:<\/p>\n<ul>\n<li class=\"p5\">\u00c7ocuklar\u0131m\u0131z\u0131n kimlik ve ki\u015fili\u011finin olu\u015fmas\u0131na ve korunmas\u0131na katk\u0131 sa\u011flamak i\u00e7in,<\/li>\n<li class=\"p5\">Neslimizin din\u00ee kaynaklar\u0131n\u0131 \u00f6\u011frenebilmesi ve ya\u015famas\u0131 i\u00e7in,<\/li>\n<li class=\"p5\">Sa\u011fl\u0131kl\u0131 bir toplumun in\u015fa edilmesi i\u00e7in,<\/li>\n<li class=\"p5\">ireyselle\u015fen d\u00fcnyada g\u00fc\u00e7l\u00fc ve sa\u011fl\u0131kl\u0131 bir toplum olarak kalabilmek i\u00e7in,<\/li>\n<li class=\"p5\">Amel defterlerimizin a\u00e7\u0131k kalmas\u0131 ve hay\u0131rla y\u00e2d edilmek i\u00e7in,<\/li>\n<li class=\"p5\">Aktif bir sosyal ve k\u00fclt\u00fcrel \u00e7evreye sahip olmak i\u00e7in, \u2026<\/li>\n<\/ul>\n<h3 class=\"p1\"><span class=\"s1\"><b>Daha \u00e7ok M\u00fcsl\u00fcman\u2019\u0131n camiye \u00fcye olmas\u0131 topluma ne kazand\u0131racakt\u0131r?<\/b><\/span><\/h3>\n<p class=\"p2\">Bir toplumun g\u00fc\u00e7l\u00fc bir temsil ve etkinlik sa\u011flamas\u0131 ancak organize olmas\u0131yla m\u00fcmk\u00fcnd\u00fcr. Din\u00ee ve sivil kurumlar\u0131n, resm\u00ee kurumlar kar\u015f\u0131s\u0131nda i\u015flev ve de\u011fer kazanmas\u0131 organize g\u00fc\u00e7 olmalar\u0131na ba\u011fl\u0131d\u0131r. Gerekti\u011finde geni\u015f kitlelerin haklar\u0131n\u0131 arama hususunda da organize olmak \u00f6nemli i\u015flev g\u00f6recektir. Camilerin \u00fcye say\u0131s\u0131n\u0131n artmas\u0131yla, bir sivil toplum kurulu\u015fu olarak daha g\u00fc\u00e7l\u00fc olacak ve bu g\u00fcc\u00fc nisbetinde ortaya koydu\u011fu hizmet ve kazan\u0131mlardan, yine \u00fcyeleri ve M\u00fcsl\u00fcmanlar istifade edeceklerdir.<\/p>\n<p class=\"p2\">Ayr\u0131ca, M\u00fcsl\u00fcmanlar\u0131n g\u00f6revlerinden bir tanesi de Kur\u2019\u00e2n-\u0131 Ker\u00eem\u2019de buyurulan, \u201c\u0130yilik ve takvada yard\u0131mla\u015f\u0131n, g\u00fcnah ve d\u00fc\u015fmanl\u0131kta yard\u0131mla\u015fmay\u0131n.\u201d emrini yerine getirmektir.<\/p>\n<h3 class=\"p1\"><span class=\"s1\"><b>Peki M\u00fcsl\u00fcmanlar cemaat h\u00e2linde ya\u015famak zorunda m\u0131d\u0131rlar? Bir M\u00fcsl\u00fcman camiye gelip gitse, hatta camiye \u00fcye olsa, ama cemaatle sosyal ili\u015fkileri zay\u0131f olsa, yaln\u0131z ya\u015famay\u0131 tercih etse, \u0130slam dini b\u00f6yle bir duruma nas\u0131l bakmaktad\u0131r? <\/b><\/span><\/h3>\n<p class=\"p2\">Bizi biz yapan, sahip oldu\u011fumuz manevi de\u011ferler ve bu de\u011ferlerimizi ya\u015fama gayretimizdir. Ya\u015fad\u0131\u011f\u0131m\u0131z hayat bu de\u011ferler \u00fczerinden anlam bulur. Toplumlar da ancak de\u011ferleriyle varl\u0131klar\u0131n\u0131 s\u00fcrd\u00fcr\u00fcr. De\u011ferlerimizin korunmas\u0131nda en \u00f6nemli toplumsal g\u00f6revi \u00fcstlenmi\u015f olan camilerimizin ya\u015fat\u0131lmas\u0131 gerekir. Zira camilerimizi desteklemek ve burada cemaat olmak ise toplumsal sorumlulu\u011fumuzdur. Hz. Ali (r.a.) cemaati \u015f\u00f6yle tarif eder: \u201cCemaat, Hak ehlinin az da olsalar Hak \u00fczere birle\u015fmeleridir.\u201d Cemaati \u015f\u00f6yle de tarif edebiliriz: Hedefi, stratejisi, prensibi ve hiyerar\u015fik bir sistemi olan \u015fuurlu M\u00fcsl\u00fcmanlar toplulu\u011fudur. Cemaat olmak Allah Te\u00e2l\u00e2\u2019n\u0131n emridir: \u201cHepiniz toptan, Allah\u2019\u0131n ipine s\u0131ms\u0131k\u0131 sar\u0131l\u0131n, b\u00f6l\u00fcn\u00fcp ayr\u0131lmay\u0131n.\u201d (\u00c2l-i \u0130mr\u00e2n s\u00fbresi, 3:103) denilmektedir. Bu emir cemaat olarak ya\u015famam\u0131z\u0131n gereklili\u011fini ortaya koymaktad\u0131r. Burada \u00f6nemli olan cemaati te\u015fkil eden bir fert olabilmektir. Hz. Peygamber (s.a.v.) de bu konuda: \u201cAyr\u0131lmaktan ve ayr\u0131 kalmaktan sak\u0131n\u0131n! Cemaate, (\u0130slam) toplumuna ve mescide yap\u0131\u015f\u0131n.\u201d (Ahmed, V, 233, 243) ve \u201cAllah\u2019\u0131n eli cemaatle beraber, \u015feytan ise cemaatten ayr\u0131l\u0131p muhalefet edenle beraberdir.\u201d (Heysem\u00ee, Mecmeu\u2019z-Zev\u00e2id, V, 218.) buyurarak cemaat olman\u0131n \u00f6nemini ciddi bir \u015fekilde vurgulam\u0131\u015ft\u0131r. \u00d6ylese biz M\u00fcsl\u00fcmanlara d\u00fc\u015fen vazife, bu emirlerin \u015fuurunda olarak kesinlikle \u0130slam cemaati ile birlikte hareket etmemizdir.<\/p>\n<h3 class=\"p1\"><span class=\"s1\"><b>\u015e\u00f6yle diyebilir miyiz? M\u00fcsl\u00fcmanlar d\u00fcnyan\u0131n neresinde ya\u015farsa ya\u015fas\u0131n mutlaka bulundu\u011fu yerde e\u011fer yoksa kendi camilerini in\u015fa etmeleri gerekiyor! <\/b><\/span><\/h3>\n<p class=\"p2\"><span class=\"s1\">Tabii ki. Cami sadece bir bina de\u011fildir. Ama, cami in\u015fa etmek M\u00fcsl\u00fcmanlar\u0131n en asli g\u00f6revlerindendir. Bunu da en g\u00fczel Allah Resul\u00fc\u2019n\u00fcn hayat\u0131nda g\u00f6r\u00fcyoruz. Peygamberimiz Kub\u00e2\u2019da iki hafta gibi k\u0131sa bir s\u00fcre kalmas\u0131na ra\u011fmen orada ilk camiyi in\u015fa etmi\u015ftir. Medine\u2019ye vard\u0131\u011f\u0131nda da ilk i\u015f olarak mescit in\u015fa etmi\u015ftir. Peygamberimiz ba\u015f\u0131n\u0131 sokacak bir evi yokken \u00f6ncelikle M\u00fcsl\u00fcmanlar\u0131n g\u00fcnde be\u015f vakit i\u00e7inde toplanacaklar\u0131 camiyi in\u015fa etmi\u015ftir. M\u00fcminlerin, cenneti kazanma yollar\u0131ndan birisi olan cami in\u015fas\u0131n\u0131n ehemmiyetini a\u015fa\u011f\u0131daki had\u00ees-i \u015ferifte de g\u00f6rmekteyiz: Res\u00fblullah (s.a.v.) buyurdular ki: \u201cKim Allah\u2019\u0131n r\u0131zas\u0131n\u0131 talep ederek bir mescit in\u015fa ederse, Allah ona cennette bir ev in\u015fa eder.\u201d Dolay\u0131s\u0131 ile d\u00fcnyada in\u015fa edilecek cami, ahirette cennet evi olacakt\u0131r.<\/span><\/p>\n<h3 class=\"p1\"><span class=\"s1\"><b>Camilere \u00fcye olman\u0131n M\u00fcsl\u00fcmanlar\u0131n hayat\u0131na ba\u015fka ne gibi katk\u0131lar\u0131 vard\u0131r?<\/b><\/span><\/h3>\n<ul>\n<li class=\"p2\">Bu katk\u0131lar\u0131 \u015f\u00f6yle s\u0131ralamak m\u00fcmk\u00fcn olabilir:<\/li>\n<li class=\"p5\">Camiler, bireyselle\u015fen d\u00fcnyada g\u00fc\u00e7l\u00fc bir toplum olarak kalabilmenin, nesillerimiz i\u00e7in iyi bir gelecek in\u015fa etmenin en g\u00fczel yoludur.<\/li>\n<li class=\"p5\">Camiler sosyalle\u015ftirir, e\u011fitir, birle\u015ftirir ve kayna\u015ft\u0131r\u0131r.<\/li>\n<li class=\"p5\">Gelece\u011fin in\u015fas\u0131, manevi de\u011ferlerimizle yo\u011frulmu\u015f nesillerimizin i\u00e7erisinde yeti\u015fti\u011fi camilerin ya\u015famas\u0131 ve ya\u015fat\u0131lmas\u0131 ile ancak m\u00fcmk\u00fcn olur.<\/li>\n<li class=\"p5\">Camiler toplumun merkezindedir. \u0130slam beldelerinde camiler en merkezi yerlere yap\u0131lm\u0131\u015f ve toplumsal hayat\u0131n kalbinin att\u0131\u011f\u0131 mekanlar olmu\u015flard\u0131r.<\/li>\n<li class=\"p5\"><span class=\"s1\">Cami merkezli bir hayat\u0131n i\u00e7erisinde yeti\u015fen nesillerin zihinleri sa\u011fl\u0131kl\u0131 ve huzurlu olurlar.<\/span><\/li>\n<li class=\"p5\">\u00c7ocuklar\u0131m\u0131z\u0131n ve gen\u00e7lerimizin gelece\u011fine kay\u0131ts\u0131z kalmayan bizler, camilerin ya\u015famas\u0131 ve ya\u015fat\u0131lmas\u0131 hususunda da kay\u0131ts\u0131z kalamay\u0131z.<\/li>\n<li class=\"p5\">Peygamberimiz\u2019in, \u201cHayra delalet (\u00f6nc\u00fcl\u00fck) eden o hayr\u0131 islemi\u015f olur.\u201d m\u00fcjdesine ula\u015fmak i\u00e7in camilere \u00fcye ve cemaat kazand\u0131rmak gerekir.<\/li>\n<li class=\"p5\">Fitresi, zek\u00e2t\u0131, teberrusu, kurban\u0131 ile Allah ile aras\u0131nda perde olmayan mazlumlara yard\u0131m ederek onlara g\u00fc\u00e7 ve moral vermek, onlar\u0131n hay\u0131r dualar\u0131n\u0131 almak i\u00e7in camiye \u00fcye olmak gerekir.<\/li>\n<li class=\"p5\">\u00dcye oldu\u011fu caminin d\u00fcnya \u00e7ap\u0131nda yapt\u0131\u011f\u0131 t\u00fcm hay\u0131rl\u0131 hizmetlerden nasiplenir, \u00f6lm\u00fc\u015f olsa dahi amel defteri a\u00e7\u0131k olur ve sevaplar yaz\u0131lmaya devam eder.<\/li>\n<li class=\"p5\">\u00d6deyece\u011fi aidatlar ve yapaca\u011f\u0131 di\u011fer hay\u0131rl\u0131 \u00e7al\u0131\u015fmalarla mal\u0131n\u0131n bereketlenmesine, ailesinin huzura kavu\u015fmas\u0131na sebep olur.<\/li>\n<li class=\"p5\">Gerek ya\u015farken, gerekse \u00f6ld\u00fckten sonra kendisine hay\u0131r dua edecek daha \u00e7ok dost kazanm\u0131\u015f olur.<\/li>\n<\/ul>\n<h3 class=\"p1\"><span class=\"s1\"><b>Kampanya ile ilgili olarak son s\u00f6yleyecekleriniz nelerdir?<\/b><\/span><\/h3>\n<p class=\"p2\">Camilere \u00fcye olman\u0131n \u00f6nemini yeterince anlatt\u0131\u011f\u0131m\u0131z kanaatindeyim. IGMG Te\u015fkilatlanma Ba\u015fkanl\u0131\u011f\u0131 olarak her y\u0131l \u00fc\u00e7 aylar olarak adland\u0131rd\u0131\u011f\u0131m\u0131z recep, \u015faban ve ramazan aylar\u0131nda kampanyam\u0131zla M\u00fcsl\u00fcman karde\u015flerimizi camilerimize \u00fcye olmaya davet etmekteyiz. Hatta sadece kendilerinin \u00fcye olmas\u0131n\u0131 de\u011fil, \u201c\u00dcye olal\u0131m, \u00fcye bulal\u0131m!!\u201d slogan\u0131m\u0131zla ba\u015fka M\u00fcsl\u00fcmanlar\u0131n da \u00fcye olmalar\u0131na vesile olmalar\u0131n\u0131 te\u015fvik etmekteyiz. \u00dcyelik kampanyas\u0131 \u00e7al\u0131\u015fmam\u0131z\u0131 Ana Te\u015fkilat (AT), Kad\u0131nlar Te\u015fkilat\u0131 (KT), Gen\u00e7lik Te\u015fkilat\u0131 (GT) ve Kad\u0131nlar Gen\u00e7lik Te\u015fkilat\u0131 (KGT) olarak d\u00f6rt koldan y\u00fcr\u00fctmekteyiz. B\u00f6ylece baba, anne, erkek\/k\u0131z gen\u00e7lerimiz olarak toplumumuzun her kesimine camilere \u00fcye olmalar\u0131 konusunda ula\u015fm\u0131\u015f olaca\u011f\u0131m\u0131z\u0131 d\u00fc\u015f\u00fcnmekteyiz.<\/p>\n<p class=\"p2\"><span class=\"s1\">Camia arac\u0131l\u0131\u011f\u0131yla t\u00fcm karde\u015flerimize bir kez daha sesleniyorum. E\u011fer kendileri camiye \u00fcye de\u011fillerse vakit kaybetmeden hemen gidip camiye \u00fcye olsunlar. E\u011fer kendileri \u00fcye iseler, en az\u0131ndan bir karde\u015fimizin daha \u00fcye olmas\u0131 i\u00e7in \u00e7al\u0131\u015fma yaps\u0131nlar. \u00c7al\u0131\u015fmak bizden muvaffakiyet Allah\u2019tand\u0131r.<\/span><\/p>\n","protected":false},"excerpt":{"rendered":"<p>\u0130slam Toplumu Mill\u00ee G\u00f6r\u00fc\u015f Te\u015fkilatlar\u0131 daha \u00f6nceki y\u0131llarda oldu\u011fu gibi bu \u00e7al\u0131\u015fma d\u00f6neminde de m\u00fcbarek \u00fc\u00e7 aylar\u0131n girmesi ile birlikte t\u00fcm Mill\u00ee G\u00f6r\u00fc\u015f camilerinde \u201cCamiye \u00dcyelik Kampanyas\u0131\u201d \u00e7al\u0131\u015fmas\u0131 ba\u015flatt\u0131. Camia olarak camiye \u00fcyelik kampanyas\u0131n\u0131 IGMG Genel Ba\u015fkan Yard\u0131mc\u0131s\u0131 ve Te\u015fkilatlanma Ba\u015fkan\u0131 Murat \u0130leri\u2019ye sorduk.<\/p>\n","protected":false},"author":1,"featured_media":37161,"comment_status":"open","ping_status":"open","sticky":false,"template":"","format":"standard","meta":{"ngg_post_thumbnail":0},"categories":[23235],"tags":[24677],"_links":{"self":[{"href":"https:\/\/www.igmg.org\/tr\/wp-json\/wp\/v2\/posts\/37160"}],"collection":[{"href":"https:\/\/www.igmg.org\/tr\/wp-json\/wp\/v2\/posts"}],"about":[{"href":"https:\/\/www.igmg.org\/tr\/wp-json\/wp\/v2\/types\/post"}],"author":[{"embeddable":true,"href":"https:\/\/www.igmg.org\/tr\/wp-json\/wp\/v2\/users\/1"}],"replies":[{"embeddable":true,"href":"https:\/\/www.igmg.org\/tr\/wp-json\/wp\/v2\/comments?post=37160"}],"version-history":[{"count":2,"href":"https:\/\/www.igmg.org\/tr\/wp-json\/wp\/v2\/posts\/37160\/revisions"}],"predecessor-version":[{"id":37164,"href":"https:\/\/www.igmg.org\/tr\/wp-json\/wp\/v2\/posts\/37160\/revisions\/37164"}],"wp:featuredmedia":[{"embeddable":true,"href":"https:\/\/www.igmg.org\/tr\/wp-json\/wp\/v2\/media\/37161"}],"wp:attachment":[{"href":"https:\/\/www.igmg.org\/tr\/wp-json\/wp\/v2\/media?parent=37160"}],"wp:term":[{"taxonomy":"category","embeddable":true,"href":"https:\/\/www.igmg.org\/tr\/wp-json\/wp\/v2\/categories?post=37160"},{"taxonomy":"post_tag","embeddable":true,"href":"https:\/\/www.igmg.org\/tr\/wp-json\/wp\/v2\/tags?post=37160"}],"curies":[{"name":"wp","href":"https:\/\/api.w.org\/{rel}","templated":true}]}}