{"id":37230,"date":"2019-04-01T11:58:34","date_gmt":"2019-04-01T09:58:34","guid":{"rendered":"https:\/\/www.igmg.org\/?p=37230"},"modified":"2019-03-29T12:00:05","modified_gmt":"2019-03-29T11:00:05","slug":"hakkin-hatiri-halkin-hatirindan-u%cc%88stu%cc%88ndu%cc%88r","status":"publish","type":"post","link":"https:\/\/www.igmg.org\/tr\/hakkin-hatiri-halkin-hatirindan-u%cc%88stu%cc%88ndu%cc%88r\/","title":{"rendered":"\u201cHakk\u2019\u0131n hat\u0131r\u0131 halk\u0131n hat\u0131r\u0131ndan u\u0308stu\u0308ndu\u0308r.\u201d"},"content":{"rendered":"<h3 class=\"p2\"><b>IGMG Kad\u0131nlar Te\u015fkilat\u0131 2019 d\u00f6nemi 2. B\u00f6lge Ba\u015fkanlar\u0131 Toplant\u0131s\u0131 16-17 Mart tarihlerinde Genel Merkez\u2019de yap\u0131ld\u0131.<\/b><\/h3>\n<p class=\"p2\">Kad\u0131nlar Te\u015fkilat\u0131 (KT) 2. B\u00f6lge Ba\u015fkanlar\u0131 Toplant\u0131s\u0131 (BBT) 29 b\u00f6lge ve birim e\u011fitimi i\u00e7in gelen 24 ir\u015fad ve 26 sosyal hizmetler ba\u015fkan\u0131n\u0131n kat\u0131l\u0131m\u0131 ile yap\u0131ld\u0131. Di\u011fer toplant\u0131lardan farkl\u0131 olarak Kad\u0131nlar Gen\u00e7lik Te\u015fkilat\u0131 (KGT) ile m\u00fc\u015fterek k\u0131s\u0131mlar\u0131n yer ald\u0131\u011f\u0131 toplant\u0131, KT ve KGT aras\u0131ndaki dayan\u0131\u015fma ve i\u015f birli\u011finin de art\u0131r\u0131lmas\u0131na y\u00f6nelik \u00f6nemli bir ad\u0131m oldu.<\/p>\n<p class=\"p2\">Toplant\u0131n\u0131n m\u00fc\u015fterek k\u0131sm\u0131nda konu\u015fan KT Ba\u015fkan\u0131 Handan Yaz\u0131c\u0131 \u201cRecep Allah\u2019\u0131n ay\u0131, \u015faban benim ay\u0131m, ramazan da \u00fcmmetimin ay\u0131d\u0131r.\u201d had\u00ees-i \u015ferifini ele alarak bu ba\u011flamda Allah (c.c.)\u2019a kar\u015f\u0131 olan esas duru\u015fumuz, Peygamber Efendimiz (s.a.v.)\u2019e kar\u015f\u0131 esas duru\u015fumuz ve \u00fcmmete kar\u015f\u0131 duru\u015fumuz konular\u0131na de\u011findi. Handan Yaz\u0131c\u0131 ayr\u0131ca Rachel Corrie\u2019nin \u00f6l\u00fcm y\u0131l d\u00f6n\u00fcm\u00fcn\u00fc hat\u0131rlatt\u0131 ve onun gibi isimlerin unutulmamas\u0131 gerekti\u011fini vurgulad\u0131. Yeni Zelanda\u2019daki sald\u0131r\u0131n\u0131n ard\u0131ndan kimi M\u00fcsl\u00fcmanlar\u0131n \u00e7ocuklar\u0131n\u0131 camiye g\u00f6ndermediklerini s\u00f6yleyen Yaz\u0131c\u0131 bu gibi hususlar\u0131n bildirilmesini istedi. Yerel kad\u0131n kurulu\u015flar\u0131 ile ortak \u00e7al\u0131\u015fmalar yap\u0131lmas\u0131n\u0131n \u00f6nemine de\u011finen Yaz\u0131c\u0131, 30 Mart\u2019ta Almanya Katolik Kad\u0131nlar Derne\u011fi ile yap\u0131lacak olan bir y\u0131ll\u0131k \u00e7al\u0131\u015fman\u0131n kapan\u0131\u015f program\u0131ndan bahsetti. Bu \u00e7al\u0131\u015fman\u0131n her iki taraf i\u00e7in de g\u00fczel bir deneyim oldu\u011funu s\u00f6yledi. Genel Ba\u015fkan Kemal Erg\u00fcn Yeni Zelanda\u2019daki gibi sald\u0131r\u0131larda siyaset\u00e7ilerin \u0130slam\u2019\u0131 ve M\u00fcsl\u00fcmanlar\u0131 hedef g\u00f6stermelerinin etkili oldu\u011funu hat\u0131rlatt\u0131. Erg\u00fcn \u00f6zetle \u015funlar\u0131 s\u00f6yledi: \u201cYeni Zelanda\u2019da te\u015fkilat\u0131m\u0131za yak\u0131\u015f\u0131r \u015fekilde o karde\u015flerimizin yan\u0131nda olaca\u011f\u0131z. Te\u015fkilat olarak b\u00fct\u00fcn \u00e7al\u0131\u015fmalar\u0131m\u0131z\u0131 cihat \u015fuuru ile yapmal\u0131 ve 5 hususa dikkat etmeliyiz: 1. M\u00fccahide olan ki\u015fi erkek kad\u0131n ayr\u0131m\u0131na gitmez. Biz birbirimizin rakibi de\u011fil, refiki olaca\u011f\u0131z. 2. Tevazu sahibi olaca\u011f\u0131z. En b\u00fcy\u00fck d\u00fc\u015fman\u0131n her \u015feyi g\u00fczel ve s\u00fcsl\u00fc g\u00f6steren nefsindir. Tevazu bizim yol haritam\u0131z olmal\u0131 ve Hakk\u2019\u0131n hat\u0131r\u0131n\u0131 halk\u0131n hat\u0131r\u0131ndan \u00fcst\u00fcn tutmal\u0131y\u0131z. 3. Vahdet sahibi olaca\u011f\u0131z. \u00dcmmetin birli\u011fi i\u00e7in \u00e7al\u0131\u015faca\u011f\u0131z. 4. Bar\u0131\u015f\u0131n el\u00e7ileri olaca\u011f\u0131z. 5. Mazlum ve ma\u011fdurlar\u0131n yan\u0131nda olaca\u011f\u0131z. Bug\u00fcn KT ve KGT olarak birlikte toplant\u0131 yap\u0131yorsunuz. B\u00f6yle bir karde\u015flik \u00e7ok \u00f6nemlidir.\u201d<\/p>\n<p class=\"p3\">Genel Ba\u015fkan\u2019\u0131n hitab\u0131ndan sonra KGT Ba\u015fkanlar\u0131 salondan ayr\u0131larak kendi toplant\u0131lar\u0131na devam ettiler. KT Te\u015fkilatlanma Ba\u015fkan\u0131 Adeviye Temel ramazan \u00f6ncesi \u015eube \u00dcyeler Toplant\u0131s\u0131 yap\u0131lmas\u0131 ve ramazan takviminin \u00fcyelere ula\u015ft\u0131r\u0131lmas\u0131 gerekti\u011fini s\u00f6yledi. Temel ayr\u0131ca ramazan i\u00e7erisinde \u00fcyelere \u00f6zel iftar yap\u0131lmas\u0131 talimat\u0131n\u0131 verdi. BBT\u2019de KT Te\u015fkilatlanma Ba\u015fkanl\u0131\u011f\u0131nda kategorilere g\u00f6re ilk 3\u2019e giren b\u00f6lgelere karneleri takdim edildi. E\u011fitim ve \u0130r\u015fad Ba\u015fkanl\u0131klar\u0131 da b\u00f6lge karnelerini a\u00e7\u0131klad\u0131. E\u011fitim Ba\u015fkan\u0131 Elif K\u00f6se KT E\u011fitim Ba\u015fkanlar\u0131n\u0131n \u00e7al\u0131\u015fmalar\u0131n\u0131 hat\u0131rlatarak \u00f6zellikle Yeti\u015fkinler E\u011fitim Kurslar\u0131nda te\u015fkilat seminerlerinin takibinin \u00f6nemine de\u011findi.<\/p>\n<p class=\"p3\">Kurumsal \u0130leti\u015fim Ba\u015fkan\u0131 iyi bir tan\u0131t\u0131m\u0131n medyay\u0131 iyi kullanmakla m\u00fcmk\u00fcn oldu\u011funa vurguda bulundu. K\u00fc\u00e7\u00fck ayr\u0131ca \u201cBuyrun, ben M\u00fcsl\u00fcman\u2019\u0131m\u201d ve \u201c\u00c7e\u015fitlili\u011fi Destekle\u201d aksiyonlar\u0131 ile ilgili bilgilendirmede bulundu.<\/p>\n<p class=\"p3\">KT Hac Umre Ba\u015fkan\u0131 Cahide Y\u0131lmaz 2019 y\u0131l\u0131 umre programlar\u0131 ve hacc\u0131n 50. y\u0131l\u0131 nedeniyle yap\u0131lan \u00e7al\u0131\u015fmalara de\u011findi. B\u00f6lge ve \u015fubelerde \u201cHac\u0131lar ve Umreciler Bulu\u015fma G\u00fcnleri\u201d, \u201cHac Umre Te\u015fvik Programlar\u0131\u201d yap\u0131lmas\u0131n\u0131n \u00f6nemine i\u015faret etti.<\/p>\n<p class=\"p3\">\u0130lk g\u00fcn\u00fcn sonunda KT ve KGT idarecileri bir araya gelerek birlikte nas\u0131l ortak B\u00f6lge Y\u00f6netim Kurulu Toplant\u0131s\u0131 yap\u0131labilir hususunu ele ald\u0131klar\u0131 bir grup \u00e7al\u0131\u015fmas\u0131 yapt\u0131lar.<\/p>\n<p class=\"p3\">Pazar g\u00fcnk\u00fc toplant\u0131 Genel Sekreter Yard\u0131mc\u0131s\u0131 Murat G\u00fcm\u00fc\u015f\u2019\u00fcn semineriyle ba\u015flad\u0131. G\u00fcm\u00fc\u015f, Yeni Zelanda\u2019da sald\u0131r\u0131dan sonra polisle irtibatta olundu\u011funu belirtti. \u201cGerekti\u011finde g\u00fcvenlik \u00f6nlemleri al\u0131nmas\u0131 hususu taraf\u0131m\u0131zdan takip ediliyor.\u201d dedi. Ayr\u0131mc\u0131l\u0131kla m\u00fccadelede e\u011fitimin ve \u201ckendimizi yerli g\u00f6rmenin\u201d \u00f6nemli oldu\u011funu s\u00f6yleyen G\u00fcm\u00fc\u015f \u201cOkullar en \u00e7ok ayr\u0131mc\u0131l\u0131\u011f\u0131n ya\u015fand\u0131\u011f\u0131 yerler. Ba\u015f\u00f6rt\u00fcs\u00fc, \u00e7ocuklar\u0131n oru\u00e7 tutmas\u0131 gibi hususlar nedeniyle \u00f6\u011frencilere d\u00fc\u015f\u00fck not verilmesi ya da bir \u00fcst okula g\u00f6nderilme a\u015famas\u0131nda haks\u0131zl\u0131k edilmesi gibi sorunlar s\u0131k ya\u015fan\u0131yor.\u201d dedi. Almanya \u0130slam Konferans\u0131\u2019n\u0131n M\u00fcsl\u00fcmanlar\u0131n taleplerinin aktar\u0131lmas\u0131 i\u00e7in iyi bir platform oldu\u011funu belirten G\u00fcm\u00fc\u015f burada sunulmak \u00fczere bir rapor haz\u0131rland\u0131\u011f\u0131n\u0131 s\u00f6yleyerek, burada g\u00f6r\u00fc\u015f\u00fclmesi gereken hususlar hakk\u0131nda kat\u0131l\u0131mc\u0131lar\u0131n fikirlerini ald\u0131.<\/p>\n<p class=\"p3\">KT \u0130r\u015fad Ba\u015fkan\u0131 Nermin \u015eeker Yal\u0131nk\u0131l\u0131\u00e7, Kur\u2019\u00e2n-\u0131 Ker\u00eem Tilavet Yar\u0131\u015fmas\u0131\u2019na de\u011findi. 2019 B\u00f6lge Tilavet Yar\u0131\u015fmas\u0131 tarihlerini ve \u015fube ve b\u00f6lge elemelerinde dikkat edilmesi gereken konular\u0131 aktaran Yal\u0131nk\u0131l\u0131\u00e7 t\u00fcm \u015fubelerde Kur\u2019an e\u011fitimi i\u00e7in kamplar veya \u00f6zel kurslar d\u00fczenlenmesini hedeflediklerini belirtti. Ramazanda yap\u0131lacak \u00e7al\u0131\u015fmalar konusunda bilgi veren Yal\u0131nk\u0131l\u0131\u00e7, \u00f6zellikle itik\u00e2f hususuna \u00f6nem verilmesini isteyen Yal\u0131nk\u0131l\u0131\u00e7, ramazan takvimi haz\u0131rlayarak g\u00fcn g\u00fcn neler yap\u0131labilece\u011fini g\u00f6steren bir \u00e7al\u0131\u015fma haz\u0131rlad\u0131klar\u0131n\u0131 s\u00f6yledi.<\/p>\n<p class=\"p3\">Sosyal Hizmetler Ba\u015fkan\u0131 Selma Zor ise \u0130nfak Kampanyas\u0131\u2019nda 25 b\u00f6lgenin hedefini a\u015ft\u0131\u011f\u0131n\u0131, genelde KT olarak %137 gibi bir ba\u015far\u0131ya imza at\u0131ld\u0131\u011f\u0131n\u0131 kaydetti. Muhabbet Bulu\u015fmalar\u0131 ve 2019 Kumanya Kampanyas\u0131 hakk\u0131nda bilgi veren zor, ramazan ay\u0131nda \u00f6zel sosyal aktivite ve aksiyonlar ile cemaate hizmetler sunulmas\u0131n\u0131 hedeflediklerini s\u00f6yledi.<\/p>\n<p class=\"p3\">KT Tefti\u015f Ba\u015fkan\u0131 Hatice \u00c7evik isti\u015farenin \u00f6nemine ve isti\u015farenin sonu\u00e7lar\u0131n\u0131n kabullenilmesine de\u011findi. \u00c7al\u0131\u015fmalara s\u0131f\u0131rdan ba\u015flamamak i\u00e7in g\u00f6revlerin devir tesliminde dikkat edilmesi gereken hususlar\u0131 aktard\u0131.<\/p>\n","protected":false},"excerpt":{"rendered":"<p>Te\u015fkilat\u0131n tu\u0308m birimlerinin Sosyal Hizmetler Ba\u015fkanlar\u0131n\u0131n kat\u0131ld\u0131\u011f\u0131 Geni\u015fletilmi\u015f B\u00f6lge Sosyal Hizmetler Ba\u015fkanlar\u0131 Toplant\u0131s\u0131 IGMG Genel Merkezi\u2019nde<br \/>\nyap\u0131ld\u0131.<\/p>\n","protected":false},"author":1,"featured_media":37231,"comment_status":"open","ping_status":"open","sticky":false,"template":"","format":"standard","meta":{"ngg_post_thumbnail":0},"categories":[23257],"tags":[],"_links":{"self":[{"href":"https:\/\/www.igmg.org\/tr\/wp-json\/wp\/v2\/posts\/37230"}],"collection":[{"href":"https:\/\/www.igmg.org\/tr\/wp-json\/wp\/v2\/posts"}],"about":[{"href":"https:\/\/www.igmg.org\/tr\/wp-json\/wp\/v2\/types\/post"}],"author":[{"embeddable":true,"href":"https:\/\/www.igmg.org\/tr\/wp-json\/wp\/v2\/users\/1"}],"replies":[{"embeddable":true,"href":"https:\/\/www.igmg.org\/tr\/wp-json\/wp\/v2\/comments?post=37230"}],"version-history":[{"count":1,"href":"https:\/\/www.igmg.org\/tr\/wp-json\/wp\/v2\/posts\/37230\/revisions"}],"predecessor-version":[{"id":37233,"href":"https:\/\/www.igmg.org\/tr\/wp-json\/wp\/v2\/posts\/37230\/revisions\/37233"}],"wp:featuredmedia":[{"embeddable":true,"href":"https:\/\/www.igmg.org\/tr\/wp-json\/wp\/v2\/media\/37231"}],"wp:attachment":[{"href":"https:\/\/www.igmg.org\/tr\/wp-json\/wp\/v2\/media?parent=37230"}],"wp:term":[{"taxonomy":"category","embeddable":true,"href":"https:\/\/www.igmg.org\/tr\/wp-json\/wp\/v2\/categories?post=37230"},{"taxonomy":"post_tag","embeddable":true,"href":"https:\/\/www.igmg.org\/tr\/wp-json\/wp\/v2\/tags?post=37230"}],"curies":[{"name":"wp","href":"https:\/\/api.w.org\/{rel}","templated":true}]}}