{"id":37287,"date":"2019-04-13T16:32:22","date_gmt":"2019-04-13T14:32:22","guid":{"rendered":"https:\/\/www.igmg.org\/?p=37287"},"modified":"2019-04-22T17:32:20","modified_gmt":"2019-04-22T15:32:20","slug":"buyrun-ben-muesluemanim-ile-220-bin-kisiye-ulastik","status":"publish","type":"post","link":"https:\/\/www.igmg.org\/tr\/buyrun-ben-muesluemanim-ile-220-bin-kisiye-ulastik\/","title":{"rendered":"\u201cBuyrun, ben M\u00fcsl\u00fcman\u2019\u0131m\u201d ile 220 bin ki\u015fiye ula\u015ft\u0131k"},"content":{"rendered":"<p><strong>\u0130slam Toplumu Mill\u00ee G\u00f6r\u00fc\u015f (IGMG) taraf\u0131ndan her sene d\u00fczenli olarak icra edilen \u201cBuyrun, ben M\u00fcsl\u00fcman\u2019\u0131m\u201d etkinli\u011fi bu y\u0131l 13 Nisan 2019 Cumartesi g\u00fcn\u00fc ger\u00e7ekle\u015ftirildi. Etkinlik \u00e7er\u00e7evesinde 12 \u00fclkede toplam 210 noktada vatanda\u015flar ile ileti\u015fime ge\u00e7ildi, sohbetler edildi, \u00f6n yarg\u0131lar\u0131n y\u0131k\u0131lmas\u0131 ve toplumsal birliktelik i\u00e7in mesajlar verildi.<\/strong><\/p>\n<p>IGMG Kurumsal \u0130leti\u015fim Ba\u015fkan\u0131 Osman Yusuf yapt\u0131\u011f\u0131 a\u00e7\u0131klamada \u201cToplumsal birlikteli\u011fe her zamankinden daha \u00e7ok ihtiyac\u0131m\u0131z var. Dolay\u0131s\u0131yla bu y\u0131l da &#8216;Buyrun, ben M\u00fcsl\u00fcman\u2019\u0131m&#8217; etkinli\u011fimizin g\u00fczel yank\u0131 bulmas\u0131 bizleri olduk\u00e7a memnun etti. Hem etkinli\u011fe kat\u0131lan cemiyet \u00fcyelerimizden hem de etkinlik kapsam\u0131nda ileti\u015fime ge\u00e7ilen insanlardan \u00e7ok olumlu tepkiler ald\u0131k.\u201d ifadelerinde bulundu.<\/p>\n<p>\u201cBuyrun, ben M\u00fcsl\u00fcman\u2019\u0131m\u201d etkinli\u011fi ayn\u0131 \u015fehirde ya\u015fayan insanlarla ileti\u015fime ge\u00e7mek i\u00e7in imk\u00e2n sa\u011fl\u0131yor. \u0130nsanlara M\u00fcsl\u00fcman kom\u015fular\u0131 ile daha yak\u0131ndan tan\u0131\u015fma ve onlarla kar\u015f\u0131l\u0131kl\u0131 fikir al\u0131\u015fveri\u015finde bulunma f\u0131rsat\u0131 sunuyor. Osman Yusuf a\u00e7\u0131klamas\u0131n\u0131n devam\u0131nda \u015funlar\u0131 belirtti: \u201c\u0130rtibata ge\u00e7ti\u011fimiz insan say\u0131s\u0131n\u0131 bu y\u0131l da art\u0131rm\u0131\u015f olmak bizi ayr\u0131ca sevindirdi. \u0130nsanlar ak\u0131llar\u0131ndaki soru i\u015faretlerini gidermek i\u00e7in imk\u00e2n buldular. Bilimsel ara\u015ft\u0131rmalar, insanlar\u0131n \u00f6n yarg\u0131lar\u0131n\u0131n ve endi\u015felerinin bertaraf edilmesinde en \u00f6nemli fakt\u00f6rlerden birinin do\u011frudan ileti\u015fim oldu\u011funu ortaya koyuyor.\u201d  <\/p>\n<p>\u201cBuyrun, ben M\u00fcsl\u00fcman\u2019\u0131m\u201d etkinli\u011fi bu y\u0131l be\u015finci kez yap\u0131ld\u0131. IGMG inisiyatifiyle hayata ge\u00e7irilen etkinlik Avrupa \u00e7ap\u0131nda 550\u2019nin \u00fczerinde cami cemiyeti taraf\u0131ndan ger\u00e7ekle\u015ftiriliyor. \u00c7ok say\u0131da Avrupa \u00fclkesinin ve Avustralya\u2019n\u0131n yan\u0131 s\u0131ra etkinlik Almanya\u2019da da b\u00fct\u00fcn \u00fclke \u00e7ap\u0131nda icra edildi.<\/p>\n<p>Osman Yusuf a\u00e7\u0131klamas\u0131n\u0131 \u015f\u00f6yle noktalad\u0131: \u201cEtkinli\u011fimizin bu y\u0131l be\u015finci kez ba\u015far\u0131yla ger\u00e7ekle\u015ftirilmesine katk\u0131 sa\u011flam\u0131\u015f olan b\u00fct\u00fcn g\u00f6n\u00fcll\u00fclerimize can-\u0131 g\u00f6n\u00fclden te\u015fekk\u00fcr ediyorum. Bu gayretleriyle toplumsal birlikteli\u011fe \u00e7ok de\u011ferli bir katk\u0131da bulundular, hepsinden Allah raz\u0131 olsun.\u201d<\/p>\n","protected":false},"excerpt":{"rendered":"<p>\u0130slam Toplumu Mill\u00ee G\u00f6r\u00fc\u015f (IGMG) taraf\u0131ndan her sene d\u00fczenli olarak icra edilen \u201cBuyrun, ben M\u00fcsl\u00fcman\u2019\u0131m\u201d etkinli\u011fi bu y\u0131l 13 Nisan 2019 Cumartesi g\u00fcn\u00fc ger\u00e7ekle\u015ftirildi. Etkinlik \u00e7er\u00e7evesinde 12 \u00fclkede toplam 210 noktada vatanda\u015flar ile ileti\u015fime ge\u00e7ildi, sohbetler edildi, \u00f6n yarg\u0131lar\u0131n y\u0131k\u0131lmas\u0131 ve toplumsal birliktelik i\u00e7in mesajlar verildi.<\/p>\n","protected":false},"author":1,"featured_media":37288,"comment_status":"open","ping_status":"open","sticky":false,"template":"","format":"standard","meta":{"ngg_post_thumbnail":0},"categories":[23244,23262,24684],"tags":[24324,24524,24424],"_links":{"self":[{"href":"https:\/\/www.igmg.org\/tr\/wp-json\/wp\/v2\/posts\/37287"}],"collection":[{"href":"https:\/\/www.igmg.org\/tr\/wp-json\/wp\/v2\/posts"}],"about":[{"href":"https:\/\/www.igmg.org\/tr\/wp-json\/wp\/v2\/types\/post"}],"author":[{"embeddable":true,"href":"https:\/\/www.igmg.org\/tr\/wp-json\/wp\/v2\/users\/1"}],"replies":[{"embeddable":true,"href":"https:\/\/www.igmg.org\/tr\/wp-json\/wp\/v2\/comments?post=37287"}],"version-history":[{"count":2,"href":"https:\/\/www.igmg.org\/tr\/wp-json\/wp\/v2\/posts\/37287\/revisions"}],"predecessor-version":[{"id":37290,"href":"https:\/\/www.igmg.org\/tr\/wp-json\/wp\/v2\/posts\/37287\/revisions\/37290"}],"wp:featuredmedia":[{"embeddable":true,"href":"https:\/\/www.igmg.org\/tr\/wp-json\/wp\/v2\/media\/37288"}],"wp:attachment":[{"href":"https:\/\/www.igmg.org\/tr\/wp-json\/wp\/v2\/media?parent=37287"}],"wp:term":[{"taxonomy":"category","embeddable":true,"href":"https:\/\/www.igmg.org\/tr\/wp-json\/wp\/v2\/categories?post=37287"},{"taxonomy":"post_tag","embeddable":true,"href":"https:\/\/www.igmg.org\/tr\/wp-json\/wp\/v2\/tags?post=37287"}],"curies":[{"name":"wp","href":"https:\/\/api.w.org\/{rel}","templated":true}]}}