{"id":37305,"date":"2019-04-28T13:50:43","date_gmt":"2019-04-28T11:50:43","guid":{"rendered":"https:\/\/www.igmg.org\/?p=37305"},"modified":"2019-04-12T13:53:45","modified_gmt":"2019-04-12T11:53:45","slug":"gecmisini-bilmeyen-gelecegine-yoen-veremez","status":"publish","type":"post","link":"https:\/\/www.igmg.org\/tr\/gecmisini-bilmeyen-gelecegine-yoen-veremez\/","title":{"rendered":"\u201cGe\u00e7mi\u015fini bilmeyen, gelece\u011fine y\u00f6n veremez.\u201d"},"content":{"rendered":"<h2 class=\"p1\"><span class=\"s1\"><b>Kad\u0131nlar Gen\u00e7lik Te\u015fkilat\u0131 kurulu\u015funun 10. y\u0131l\u0131 m\u00fcnasebetiyle \u0130dareciler G\u00fcn\u00fc 2019 program\u0131n\u0131 \u201cR\u00fczg\u00e2r bizden, y\u00fckselmek sizden\u201d slogan\u0131 ile Bielefeld\u2019de ger\u00e7ekle\u015ftirdi.<\/b><\/span><\/h2>\n<p class=\"p1\"><span class=\"s1\">Avustralya\u2019dan Kanada\u2019ya d\u00fcnyan\u0131n farkl\u0131 b\u00f6lgelerinden, Avrupa\u2019n\u0131n d\u00f6rt bir yan\u0131ndan 3 bine yak\u0131n gen\u00e7 idareci Kad\u0131nlar Gen\u00e7lik Te\u015fkilat\u0131\u2019n\u0131n (KGT) kurulu\u015funun 10. y\u0131l\u0131 m\u00fcnasebetiyle Bielefeld\u2019deki Stadthalle\u2019de (kent salonunda) bir araya geldi. <\/span><\/p>\n<p class=\"p1\"><span class=\"s1\">Program, Kad\u0131nlar Te\u015fkilat\u0131 15. Avrupa Kur\u2019\u00e2n-\u0131 Ker\u00eem Tilavet Yar\u0131\u015fmas\u0131 birincisi Ay\u015fenur \u015eaplak\u2019\u0131n Kur\u2019an tilaveti ile ba\u015flad\u0131. Ard\u0131ndan KGT Ba\u015fkan\u0131 Meryem Saral KGT B\u00f6lge Ba\u015fkanlar\u0131yla salona giri\u015f yapt\u0131. 2011 y\u0131l\u0131nda ilki ger\u00e7ekle\u015ftirilen \u0130dareciler G\u00fcn\u00fc\u2019n\u00fcn klibi sunuldu. KGT Te\u015fkilatlanma Ba\u015fkan\u0131 Zehra Karata\u015f\u2019\u0131n \u201cBizim karde\u015fli\u011fimiz iman ba\u011f\u0131 ile dava karde\u015fli\u011fi ile sabitlenmi\u015ftir.\u201d diyerek M\u00fcsl\u00fcman karde\u015fli\u011fine vurgu yapt\u0131\u011f\u0131 konu\u015fma ve yoklama ile program devam etti.<\/span><\/p>\n<p class=\"p1\"><span class=\"s1\">Genel Ba\u015fkan Kemal Erg\u00fcn t\u00fcm gen\u00e7leri selamlad\u0131\u011f\u0131 konu\u015fmas\u0131nda KGT\u2019nin kurulu\u015fundan beri \u00f6nc\u00fc olmu\u015f, ahlak\u0131yla, zanaat\u0131yla, sanat\u0131yla \u00f6rnek olmu\u015f gen\u00e7ler yeti\u015ftirdi\u011fine i\u015faret etti. \u201c\u0130man bir belgedir, duru\u015f k\u0131yama kalk\u0131\u015ft\u0131r.\u201d diyen Erg\u00fcn, \u201cYapt\u0131\u011f\u0131m\u0131z iman\u0131m\u0131z\u0131n tezah\u00fcr\u00fc ve gereksinimidir.\u201d diyerek konu\u015fmas\u0131na devam etti. Motivasyon kayna\u011f\u0131n\u0131n gen\u00e7ler oldu\u011funu ve misyon ta\u015f\u0131yan medeniyetlerin, gen\u00e7li\u011fin omuzunda y\u00fckseldi\u011fini anlatarak gen\u00e7lerin itici g\u00fcc\u00fcn\u00fc aktard\u0131. Gen\u00e7lerin bunu nas\u0131l yapaca\u011f\u0131n\u0131 ve nelere dikkat edece\u011fini anlatan Erg\u00fcn hem\u015fehricilik ve \u0131rk\u00e7\u0131l\u0131k yapmadan, hikmetle, ikna ederek, usand\u0131rmadan, nefret ettirmeden, kucaklayarak, sevdirerek, de\u011ferlerimizi anlay\u0131p anlatarak insanl\u0131\u011fa hizmet etmeyi \u00f6\u011f\u00fctledi. Erg\u00fcn, g\u00fcn\u00fcm\u00fczde ya\u015fanan problemlere de\u011finerek, IGMG kimli\u011fini \u00f6nder yapmak i\u00e7in rol model yeti\u015ftirilmesi gerekti\u011fini belirtti \u201cCemaatten ayr\u0131 olan tek kanatl\u0131 ku\u015f gibidir.\u201d diyerek cemaat olman\u0131n \u00f6nemine dikkat \u00e7ekti. \u201cG\u00fcn Allah\u2019\u0131n bana l\u00fctfetti\u011fi g\u00fcnd\u00fcr. G\u00fcn hayat\u0131m iman ve cihatt\u0131r diyenin g\u00fcn\u00fcd\u00fcr.\u201d diyerek konu\u015fmas\u0131n\u0131 tamamlad\u0131.<\/span><\/p>\n<p class=\"p1\"><span class=\"s1\">KGT Ba\u015fkan\u0131 Meryal Saral ise konu\u015fmas\u0131na \u201cBug\u00fcn KGT\u2019nin g\u00fcn\u00fcd\u00fcr. Ge\u00e7mi\u015fini bilmeyen, gelece\u011fine y\u00f6n veremez.\u201d diyerek ba\u015flad\u0131. Bu kocaman ailenin olu\u015fumunun rastgele bir olu\u015fum olmad\u0131\u011f\u0131n\u0131, takvas\u0131n\u0131 Hz. Meryem\u2019den, ilmini Hz. \u00c2i\u015fe\u2019den, cesaretini Hz. Hatice\u2019den ald\u0131\u011f\u0131n\u0131 s\u00f6yledi. \u201cBug\u00fcn bu iman\u0131n \u015f\u00fckr\u00fcn\u00fc ifa ediyoruz. Bu ortam bana vefa, azim g\u00f6steriyor. Bu kitle gelece\u011fi vadediyor.\u201d dedi. Saral KGT b\u00fcnyesindeki \u201ckarde\u015flerimize\u201d abla olman\u0131n \u00f6nemini vurgulad\u0131. \u201cY\u00fczy\u0131llard\u0131r bir r\u00fczg\u00e2r esiyor, ad\u0131 \u0130slam olan. Nas\u0131l bir ba\u015fkas\u0131n\u0131n r\u00fczg\u00e2r\u0131 bize vesile olduysa, sizin r\u00fczg\u00e2r\u0131n\u0131z da ba\u015fkas\u0131na vesile olsun.\u201d diyen Saral toplumun in\u015fas\u0131n\u0131n ahlak\u0131n imar\u0131yla olaca\u011f\u0131n\u0131 anlatt\u0131. Bug\u00fcn imanl\u0131, takval\u0131 bir gen\u00e7 yeti\u015fiyorsa burada IGMG\u2019nin rol\u00fcn\u00fcn b\u00fcy\u00fck oldu\u011funu s\u00f6yleyerek konu\u015fmas\u0131n\u0131 sona erdirdi. Ard\u0131ndan IGMG KGT ilk ba\u015fkan\u0131 olan Nurcan Demiry\u00fcrek ve ikinci ba\u015fkan olan Fatma Gencal sahneye davet edilerek kendilerine plaket takdim edilip te\u015fekk\u00fcr edildi.<\/span><\/p>\n<p class=\"p1\"><span class=\"s1\">Program\u0131n konu\u015fmac\u0131 olarak kat\u0131lan, II. Abd\u00fclhamid Han\u2019\u0131n 5. ku\u015fak torunu Nilhan Osmano\u011flu da KGT idarecilerine Osmanl\u0131 d\u00f6nemindeki \u00f6nc\u00fc kad\u0131nlar\u0131, aile hayat\u0131n\u0131 ve topluma katt\u0131klar\u0131 de\u011feri anlatt\u0131. Kad\u0131n ve erke\u011fin e\u015fit de\u011fil birbirinin tamamlay\u0131c\u0131s\u0131 oldu\u011funu ve g\u00f6revlerinin topluma hay\u0131rl\u0131 fertler yeti\u015ftirmek oldu\u011funu vurgulayan Osmano\u011flu, \u201cNe oldu da bize kad\u0131n haklar\u0131n\u0131n \u0130slam\u2019da olmad\u0131\u011f\u0131na, kad\u0131n\u0131n erke\u011fin k\u00f6lesi oldu\u011funa inand\u0131r\u0131ld\u0131k? Bizdeki \u00f6rneklerle hi\u00e7bir \u2018medeni\u2019 toplumda kar\u015f\u0131la\u015f\u0131lmam\u0131\u015ft\u0131r.\u201d diyerek tarihten somut \u00f6rnekler verdi. Osmano\u011flu \u201c\u0130slam kimli\u011fini korumak en b\u00fcy\u00fck cihatt\u0131r.\u201d diyerek konu\u015fmas\u0131n\u0131 tamamlad\u0131. <\/span><\/p>\n<p class=\"p1\"><span class=\"s1\">IGMG KT Ba\u015fkan\u0131 Handan Yaz\u0131c\u0131 da mikrofona gelerek bu davan\u0131n ilk sahiplerinin gen\u00e7ler oldu\u011funu s\u00f6yledi ve Peygamber Efendimizin \u201cBana gen\u00e7li\u011fin yard\u0131m\u0131 l\u00fctfedildi.\u201d s\u00f6z\u00fcn\u00fc hat\u0131rlatt\u0131. Avrupal\u0131 gen\u00e7lerin sahabenin yapt\u0131\u011f\u0131 gibi \u0130slam\u2019\u0131n do\u011fru anla\u015f\u0131lmas\u0131 ve ya\u015fanmas\u0131 i\u00e7in b\u00fcy\u00fck bir misyon y\u00fcklendiklerinin alt\u0131n\u0131 \u00e7izdi.<\/span><\/p>\n<p class=\"p1\"><span class=\"s1\">Programda KGT\u2019nin kurulu\u015funun \u00f6ncesi ve sonras\u0131nda g\u00f6rev alan idarecilerin r\u00f6portajlar\u0131ndan olu\u015fan \u201cGe\u00e7mi\u015ften gelece\u011fe\u201d adl\u0131 video g\u00f6sterildi. Ayr\u0131ca yeni bestelenen IGMG ezgisi ilk defa bu programda dinleyicisi ile bulu\u015ftu. Yap\u0131lan \u00e7ekili\u015fte ise kat\u0131lan t\u00fcm idareciler aras\u0131ndan birinciye umre, ikinciye End\u00fcl\u00fcs ve \u00fc\u00e7\u00fcnc\u00fcye Bosna Gezisi hediye edildi.<\/span><\/p>\n<p class=\"p1\"><span class=\"s1\">KGT \u0130dareciler G\u00fcn\u00fc\u2019ne \u00f6zel yap\u0131lan \u201c\u0130lme ara\u00e7 ol\u201d Sosyal Sorumluluk Projesi ise bug\u00fcnk\u00fc bulu\u015fman\u0131n \u015f\u00fckr\u00fc, birlik ve dirli\u011fin sadakas\u0131, hay\u0131r \u00e7al\u0131\u015fmalar\u0131n\u0131n k\u0131yamete kadar s\u00fcrmesi ve bu \u00f6nemli amaca ara\u00e7 olmak niyeti ile ger\u00e7ekle\u015ftirildi. 3 haftal\u0131k proje kapsam\u0131nda toplanan toplam 3.475 paket say\u0131s\u0131 da programda ilan edildi.<\/span><\/p>\n<p class=\"p1\"><span class=\"s1\">Son olarak KGT b\u00f6lge ba\u015fkanlar\u0131 ve ge\u00e7mi\u015f y\u0131llarda KGT b\u00f6lge ba\u015fkanl\u0131\u011f\u0131 yapm\u0131\u015f isimler sahneye davet edilerek hepsine plaket takdim edildi. Foto\u011fraf \u00e7ekiminden sonra program Kur\u2019\u00e2n-\u0131 Ker\u00eem tilaveti ile sona erdi.<\/span><\/p>\n","protected":false},"excerpt":{"rendered":"<p>Kad\u0131nlar Gen\u00e7lik Te\u015fkilat\u0131 kurulu\u015funun 10. y\u0131l\u0131 m\u00fcnasebetiyle \u0130dareciler G\u00fcn\u00fc 2019 program\u0131n\u0131 \u201cR\u00fczg\u00e2r bizden, y\u00fckselmek sizden\u201d slogan\u0131 ile Bielefeld\u2019de ger\u00e7ekle\u015ftirdi.<\/p>\n","protected":false},"author":1,"featured_media":37306,"comment_status":"open","ping_status":"open","sticky":false,"template":"","format":"standard","meta":{"ngg_post_thumbnail":0},"categories":[23258],"tags":[24685,24404],"_links":{"self":[{"href":"https:\/\/www.igmg.org\/tr\/wp-json\/wp\/v2\/posts\/37305"}],"collection":[{"href":"https:\/\/www.igmg.org\/tr\/wp-json\/wp\/v2\/posts"}],"about":[{"href":"https:\/\/www.igmg.org\/tr\/wp-json\/wp\/v2\/types\/post"}],"author":[{"embeddable":true,"href":"https:\/\/www.igmg.org\/tr\/wp-json\/wp\/v2\/users\/1"}],"replies":[{"embeddable":true,"href":"https:\/\/www.igmg.org\/tr\/wp-json\/wp\/v2\/comments?post=37305"}],"version-history":[{"count":1,"href":"https:\/\/www.igmg.org\/tr\/wp-json\/wp\/v2\/posts\/37305\/revisions"}],"predecessor-version":[{"id":37308,"href":"https:\/\/www.igmg.org\/tr\/wp-json\/wp\/v2\/posts\/37305\/revisions\/37308"}],"wp:featuredmedia":[{"embeddable":true,"href":"https:\/\/www.igmg.org\/tr\/wp-json\/wp\/v2\/media\/37306"}],"wp:attachment":[{"href":"https:\/\/www.igmg.org\/tr\/wp-json\/wp\/v2\/media?parent=37305"}],"wp:term":[{"taxonomy":"category","embeddable":true,"href":"https:\/\/www.igmg.org\/tr\/wp-json\/wp\/v2\/categories?post=37305"},{"taxonomy":"post_tag","embeddable":true,"href":"https:\/\/www.igmg.org\/tr\/wp-json\/wp\/v2\/tags?post=37305"}],"curies":[{"name":"wp","href":"https:\/\/api.w.org\/{rel}","templated":true}]}}