{"id":37400,"date":"2019-05-02T12:34:47","date_gmt":"2019-05-02T10:34:47","guid":{"rendered":"https:\/\/www.igmg.org\/?p=37400"},"modified":"2019-04-30T12:37:35","modified_gmt":"2019-04-30T10:37:35","slug":"cemaat-mensubiyetini-teskilat-aidiyetini-suurlu-bir-sekilde-isleyecegiz","status":"publish","type":"post","link":"https:\/\/www.igmg.org\/tr\/cemaat-mensubiyetini-teskilat-aidiyetini-suurlu-bir-sekilde-isleyecegiz\/","title":{"rendered":"\u201cCemaat  mensubiyetini, te\u015fkilat aidiyetini \u015fuurlu bir \u015fekilde i\u015fleyece\u011fiz.\u201d"},"content":{"rendered":"<h2>Genel \u0130mam Hatipler Toplant\u0131s\u0131\u2019nda, \u0130r\u015fad Ba\u015fkanl\u0131\u011f\u0131n\u0131n faaliyetleri ile ramazan ay\u0131 programlar\u0131 takdim edildi.<\/h2>\n<p class=\"p1\"><span class=\"s1\">IGMG \u0130r\u015fad Ba\u015fkanl\u0131\u011f\u0131 taraf\u0131ndan 17 Nisan\u2019da yap\u0131lan \u0130mam Hatipler Toplant\u0131s\u0131 yo\u011fun bir g\u00fcndemle yap\u0131ld\u0131. Toplant\u0131ya kat\u0131lan Genel Ba\u015fkan Kemal Erg\u00fcn yapt\u0131\u011f\u0131 konu\u015fmada, bir M\u00fcsl\u00fcman olarak \u00f6nderi Hz. Muhammed Mustafa (s.a.v.) olanlar\u0131n lanet\u00e7i bir dili kullanamayaca\u011f\u0131na bir kez daha dikkat \u00e7ekti. \u201cBizi k\u0131\u015fk\u0131rtan, bize hakaret edenlere biz g\u00f6nl\u00fcm\u00fcz\u00fc a\u00e7acak, onlar\u0131n kalplerini de tedavi edece\u011fiz. 20 ya\u015f\u0131nda bir gencin, kan\u0131 kaynayan bir delikanl\u0131n\u0131n veya bu i\u015flerin derununu bilmeyen \u00e7ok iyi niyetli bir idarecinin dolduru\u015funa asla gelmeyece\u011fiz.\u201d diyen Erg\u00fcn \u015f\u00f6yle devam etti:<span class=\"Apple-converted-space\">&nbsp; <\/span>\u201c\u0130mamlar olarak, Hz. Muhammed Mustafa (s.a.v.)\u2019in bu davet metodunu ilmek ilmek i\u015fleyece\u011fiz, bu insanlar\u0131 sahabe nesline d\u00f6n\u00fc\u015ft\u00fcrmek i\u00e7in \u00f6nc\u00fc olaca\u011f\u0131z. Bizim en \u00f6nemli vasf\u0131m\u0131z budur. Bu te\u015fkilat\u0131n temel esaslar\u0131n\u0131 da mutlaka \u00f6z\u00fcmseyece\u011fiz, anlayaca\u011f\u0131z ve aktaraca\u011f\u0131z. Yani, cemaate aidiyet \u015fuuru verece\u011fiz. Cemaat ve te\u015fkilat mensubiyetini, te\u015fkilat aidiyetini \u015fuurlu bir \u015fekilde i\u015fleyece\u011fiz. Kuruldu\u011fundan beri ifrat ve tefritten uzan duran bu te\u015fkilat\u0131m mensuplar\u0131 olarak te\u015fkilat\u0131m\u0131z\u0131, te\u015fkilat aidiyetimizi, temel esaslar\u0131m\u0131z\u0131, bu gen\u00e7lerimize, bu cemaatimize sizlerle birlikte vermemiz laz\u0131m.<\/span><\/p>\n<p class=\"p1\"><span class=\"s1\">Te\u015fkilat\u0131m\u0131z\u0131n t\u00fcm faaliyetlerinin ana belirgin \u00f6geleri sizlersiniz. Siz faillersiniz, mefuller de\u011filsiniz. \u0130mamlar\u0131m\u0131z olarak bu faaliyetlerimizin ana akt\u00f6rleri sizlersiniz. Onun i\u00e7in \u00e7al\u0131\u015fmalar\u0131n\u0131z da bu \u015fuurla olmal\u0131d\u0131r.\u201d<\/span><\/p>\n<p class=\"p1\"><span class=\"s1\">\u0130stisnai de olsa baz\u0131 imam hatiplerin sosyal medya payla\u015f\u0131mlar\u0131n\u0131n kabul edilemez oldu\u011funu da s\u00f6yleyen Erg\u00fcn bu konuda \u015fu uyar\u0131lar\u0131 yapt\u0131: \u201cBurada baz\u0131 \u00e7ok yanl\u0131\u015f uygulamalara da dikkat \u00e7ekmeden ge\u00e7emeyece\u011fim. IGMG m\u00fcntesipli\u011fi, IGMG\u2019nin dava aidiyeti bize heyecan vermiyor mu ki, h\u00e2l\u00e2, hi\u00e7 de i\u015fimiz olmayan \u00e7e\u015fitli payla\u015f\u0131mlar\u0131 \u00f6nc\u00fcleyenler var. IGMG\u2019nin faaliyetlerini kendi sosyal medya hesaplar\u0131ndan payla\u015fma yapamayan bir hoca efendi bu te\u015fkilat ile ilgili ne yapacakt\u0131r? Sizlerin bu meselelerde ne kadar da hassas oldu\u011funu biliyorum. Ama, istisnalardan bahsediyoruz. Onun i\u00e7in bir kez daha vurguluyorum. IGMG\u2019nin k\u00fcrs\u00fcs\u00fcnden istedi\u011finiz gibi konu\u015famaz, istedi\u011finiz gibi davranamazs\u0131n\u0131z. A\u00e7\u0131k ve net s\u00f6yl\u00fcyorum. IGMG\u2019nin temel ilkeleri ile ba\u011fda\u015fmayan hi\u00e7 bir \u015fey s\u00f6yleyemezsiniz. Oras\u0131, IGMG\u2019nin ve M\u00fcsl\u00fcmanlar\u0131n k\u00fcrs\u00fcs\u00fc. Bu y\u00fczden, sorumluluk y\u00fckleneceksiniz, sorun ortaya \u00e7\u0131karmayacaks\u0131n\u0131z. Sizin bir ifadeniz bu cemaate ve M\u00fcsl\u00fcmanlara zarar verecekse, konu\u015famazs\u0131n. Konu\u015ftuklar\u0131n\u0131z\u0131 tartacak, te\u015fkilata ve M\u00fcsl\u00fcmanlara ne zarar verecek diye on kere d\u00fc\u015f\u00fcneceksiniz.\u201d<\/span><\/p>\n<p class=\"p1\"><span class=\"s1\">Uzun y\u0131llar te\u015fkilata ba\u011fl\u0131 camilerde imam hatip olarak g\u00f6rev yapt\u0131ktan sonra Hessen B\u00f6lge Ba\u015fkanl\u0131\u011f\u0131na getirilen ve IGMG Din \u0130sti\u015fare Kurulu \u00fcyesi olan Bilal Ka\u00e7maz da \u201cBir imam olarak be\u015feri ili\u015fkilerimiz nas\u0131l olmal\u0131d\u0131r?\u201d konulu bir konu\u015fma yapt\u0131. \u0130mam deyince akla cesaretin ve takvan\u0131n gelmesi gerekti\u011fine i\u015faret eden Bilal Ka\u00e7maz, takvan\u0131n bir imam\u0131n en \u00f6nemli vasf\u0131 oldu\u011funu s\u00f6yledi ve takvay\u0131 \u201cKalabal\u0131kta da ayn\u0131, karanl\u0131klarda da ayn\u0131 davran\u0131\u015f ve tutum.\u201d olarak yorumlad\u0131. Ka\u00e7maz \u00f6zetle \u015f\u00f6yle dedi: \u201c\u0130nsanlara ula\u015fmak i\u00e7in mutlaka bir sebeb aray\u0131p bulmak gerekir. \u0130nsanlar\u0131 davet edebilmek i\u00e7in bir vesile aramak zorunday\u0131z. Her konuyu, her olay\u0131, hastal\u0131\u011f\u0131, vefat\u0131, do\u011fumu, d\u00fc\u011f\u00fcn\u00fc hep vesile bilece\u011fiz. Te\u015fkilat \u00e7al\u0131\u015fmas\u0131 asl\u0131nda bu be\u015feri m\u00fcnasebetler demektir. Hakk\u0131 tebli\u011f etmek, iyili\u011fi emretmek, k\u00f6t\u00fcl\u00fcklerden uzak durmalar\u0131n\u0131 s\u00f6ylemek i\u00e7indir. Vesileleri \u00e7o\u011faltarak insanlar\u0131n kalbine g\u00f6nl\u00fcne girmeliyiz.\u201d<\/span><\/p>\n<h3 class=\"p2\"><span class=\"s1\"><b>\u0130r\u015fad programlar\u0131<\/b><\/span><\/h3>\n<p class=\"p1\"><span class=\"s1\">\u0130r\u015fad Ba\u015fkan Yard\u0131mc\u0131s\u0131 Ali Bozkurt, \u0130r\u015fad Ba\u015fkanl\u0131\u011f\u0131 taraf\u0131ndan organize ve takip edilen programlar\u0131 anlatt\u0131\u011f\u0131 konu\u015fmas\u0131nda bu programlar\u0131n nas\u0131l yap\u0131ld\u0131\u011f\u0131n\u0131 ve yap\u0131lmas\u0131 gerekti\u011fi \u00fczerinde durdu. Bu programlar aras\u0131nda, \u00c2lemlere Rahmet, Kur\u2019an Y\u0131ld\u0131zlar\u0131, Maide-i Kuran, \u00d6nden Gidenler, Ahmed bin Hanbel ve Hanbel\u00ee Mezhebi Konulu \u0130r\u015fad Paneli, yap\u0131lan 30. ve yap\u0131lacak olan 31. Kur\u2019\u00e2n-\u0131 Ker\u00eem Tilavet Yar\u0131\u015fmas\u0131 ile Erkam Sohbetleri yer ald\u0131. Ali Bozkurt ayr\u0131ca ramazan ay\u0131 haz\u0131rl\u0131klar\u0131 ile ramazan ay\u0131 ir\u015fad programlar\u0131 hakk\u0131nda bilgilendirmelerde bulundu.<\/span><\/p>\n<h3 class=\"p2\"><span class=\"s1\"><b>E\u011fitim ve tek\u00e2m\u00fcl \u00e7al\u0131\u015fmalar\u0131<\/b><\/span><\/h3>\n<p class=\"p1\"><span class=\"s1\">\u0130r\u015fad Ba\u015fkanl\u0131\u011f\u0131 E\u011fitim ve Tek\u00e2m\u00fcl Sorumlusu Yavuz Yaylak ise haf\u0131zl\u0131k m\u00fcesseselerinin \u00e7al\u0131\u015fmalar\u0131, bu konudaki geli\u015fmeler ile haz\u0131rl\u0131klar\u0131 hakk\u0131nda bilgilendirmelerde bulundu.<span class=\"Apple-converted-space\">&nbsp; <\/span>\u0130r\u015fad otomasyon program\u0131n\u0131n da tan\u0131t\u0131m\u0131n\u0131 yapan Yaylak, Mainz \u0130lahiyat Meslek Okulu, imam hatip yeti\u015ftirme, gen\u00e7 imam hatiplerin stajlar\u0131 ve Yaz Kur\u2019\u00e2n-\u0131 Ker\u00eem Tilavet Kursu (YAKUT) hakk\u0131nda da a\u00e7\u0131klamalar yapt\u0131.<\/span><\/p>\n<h3 class=\"p2\"><span class=\"s1\"><b>Din \u0130sti\u015fare Kurulu \u00e7al\u0131\u015fmalar\u0131<\/b><\/span><\/h3>\n<p class=\"p1\"><span class=\"s1\">Ayn\u0131 zamanda imam-hatiplik de yapmakta olan ve IGMG Din \u0130sti\u015fare Kurulu \u00fcyesi Dr. Mustafa Duman da kurulun \u00e7al\u0131\u015fmalar\u0131 hakk\u0131nda bilgilendirmelerde bulundu. Kurul kararlar\u0131n\u0131n baz\u0131lar\u0131n\u0131n konu ba\u015fl\u0131klar\u0131n\u0131 aktaran ve IGMG Din \u0130sti\u015fare Kurulu\u2019nun kararlar\u0131n\u0131n pek \u00e7o\u011funun yay\u0131nland\u0131\u011f\u0131n\u0131 bildiren Duman, kararlar\u0131n \u00fc\u00e7\u00fcnc\u00fc kitab\u0131n\u0131n yay\u0131m haz\u0131rl\u0131klar\u0131n\u0131n tamamlanmakta oldu\u011funu s\u00f6yledi. \u201cD\u00f6rd\u00fcnc\u00fc kitab\u0131m\u0131z da gelecek sene yay\u0131na girecek.\u201d diyen Duman, konular\u0131n \u00e7ok dikkatli bir \u015fekilde ara\u015ft\u0131r\u0131ld\u0131\u011f\u0131n\u0131 ve \u00e7\u00f6z\u00fcm odakl\u0131 olarak kararlar al\u0131nd\u0131\u011f\u0131n\u0131 s\u00f6yledi.<\/span><\/p>\n<h3 class=\"p2\"><span class=\"s1\"><b>\u0130slam alg\u0131s\u0131n\u0131 olumsuz etkileyen fakt\u00f6rler<\/b><\/span><\/h3>\n<p class=\"p1\"><span class=\"s1\">IGMG \u0130r\u015fad Ba\u015fkanl\u0131\u011f\u0131 Ara\u015ft\u0131rma G\u00f6revlisi Muhammed Mustafa Y\u00fcksel Avrupa \u00fclkelerinde \u0130slam alg\u0131s\u0131n\u0131 olumlu veya olumsuz etkileyen fakt\u00f6rleri anlatt\u0131\u011f\u0131 konu\u015fmas\u0131nda, bu konuda pop\u00fclist politikac\u0131lar\u0131n, bas\u0131l\u0131 veya g\u00f6r\u00fcnt\u00fcl\u00fc veya sosyal medyan\u0131n olumsuz etkisi olmas\u0131na ra\u011fmen ayn\u0131 zamanda din\u00ee kurulu\u015flar\u0131n ortaya koydu\u011fu \u00e7al\u0131\u015fmalar ile bu kurulu\u015flarda g\u00f6rev yapan imam hatiplerle idareci ve cemaatlerin de s\u00f6ylem ve eylemlerinin rol\u00fc bulundu\u011funu s\u00f6yledi.<\/span><\/p>\n<p class=\"p1\"><span class=\"s1\">Y\u00fcksel, ancak t\u00fcm bu olup bitenlere ra\u011fmen Avrupa\u2019da olsun, Yeni Zelanda ve Avustralya\u2019da olsun M\u00fcsl\u00fcmanlar\u0131n az\u0131nl\u0131kta ya\u015fad\u0131\u011f\u0131 yerlerde siyaset ve h\u00fck\u00fbmet nezdinde, bakan, ba\u015fbakan, cumhurba\u015fkan\u0131 d\u00fczeyinde M\u00fcsl\u00fcmanlar\u0131 bu toplumlar\u0131n bir par\u00e7as\u0131 sayan ve ayr\u0131mc\u0131l\u0131klara kar\u015f\u0131 \u00e7\u0131kan politikac\u0131lar\u0131n oldu\u011funu da hat\u0131rlatt\u0131. Bu konuda \u00e7e\u015fitli isimler veren Muhammed Y\u00fcksel, buna kar\u015f\u0131l\u0131k, \u0130slam\u2019a ve M\u00fcsl\u00fcmanlara kar\u015f\u0131 olu\u015fan olumsuz alg\u0131ya bizzat \u0130slam toplumunun \u00e7e\u015fitli katmanlar\u0131n\u0131n katk\u0131 yapt\u0131\u011f\u0131na dikkat \u00e7ekti. Y\u00fcksel ayr\u0131ca, \u00f6n yarg\u0131lar\u0131n y\u0131k\u0131labilmesi i\u00e7in M\u00fcsl\u00fcman toplumlar\u0131n tebli\u011f \u00e7al\u0131\u015fmalar\u0131na a\u011f\u0131rl\u0131k vermelerini bunun i\u00e7in de etkin bir tebli\u011f metodu uygulanmas\u0131n\u0131 istedi. Likayatli bir temsilin de burada \u00f6nemli oldu\u011funa dikkat \u00e7eken Y\u00fcksel, din m\u00fcntesipleri aras\u0131nda ileti\u015fimi s\u00fcrekli tutmak, gayrim\u00fcslim kom\u015fu ve toplumla medeni ili\u015fkileri artt\u0131rmak gibi \u00e7e\u015fitli \u00e7al\u0131\u015fma \u015fekillerinden \u00f6rnekler verdi.<\/span><\/p>\n<h3 class=\"p2\"><b>Zek\u00e2t\u0131n da\u011f\u0131t\u0131ld\u0131\u011f\u0131 yerler <\/b><\/h3>\n<p class=\"p1\">IGMG Sosyal Hizmetler Ba\u015fkan\u0131 Dr. Mustafa Uyan\u0131k ise Hasene International Derne\u011fi \u00f6nc\u00fcl\u00fc\u011f\u00fcnde y\u00fcr\u00fct\u00fclen Fitre Zek\u00e2t Kampanyas\u0131 hakk\u0131nda bilgilendirmelerde bulundu. Ni\u00e7in bir zek\u00e2t \u00e7al\u0131\u015fmas\u0131 yap\u0131ld\u0131\u011f\u0131n\u0131 izah eden Mustafa Uyan\u0131k, zek\u00e2t potansiyelinin daha \u00e7ok olmas\u0131na ra\u011fmen, kampanyaya daha fazla kat\u0131l\u0131m\u0131n nas\u0131l sa\u011flanaca\u011f\u0131 ve bu konuda neler yap\u0131lmas\u0131 gerekti\u011fini anlatt\u0131.<\/p>\n<p class=\"p1\"><span class=\"s1\">Bizler de bu niyetle Avrupa\u2019da M\u00fcsl\u00fcman bir toplumun in\u015fa ve ihyas\u0131 i\u00e7in zek\u00e2t fonuyla, zek\u00e2t alma g\u00f6revini yerine getirdiklerini bildiren Dr. Uyan\u0131k, bu konuda \u00e7al\u0131\u015fman\u0131n fazileti hakk\u0131nda \u201cZek\u00e2t \u00fczerinde d\u00fcr\u00fcst bir \u015fekilde \u00e7al\u0131\u015fan kimse, evine d\u00f6n\u00fcnceye kadar Allah yolunda cihat eden kimse gibidir.\u201d \u015feklindeki hadisi hat\u0131rlatt\u0131. Uyan\u0131k, uzun bir s\u00fcreden beri zek\u00e2t kampanyas\u0131 y\u00fcr\u00fct\u00fclmesine ra\u011fmen h\u00e2l\u00e2, zek\u00e2ttan haberi olmayan, zek\u00e2t verip vermeyece\u011fini bilmeyen, zek\u00e2t vermesi gerekti\u011fi h\u00e2lde zengin olmad\u0131\u011f\u0131n\u0131 ileri s\u00fcren, zek\u00e2t\u0131n\u0131 hesaplamadan sadaka gibi bir miktar \u00f6deyen insanlar\u0131n oldu\u011funu ifade ettikten sonra, ihsan sohbetlerine kat\u0131lm\u0131\u015f olsalar bile binlerce i\u015fadam\u0131 ve esnaf\u0131n, cemiyetlerin hay\u0131r \u00e7ar\u015f\u0131lar\u0131na destek veren esnaf ile, idarecilerimiz ile \u00fcyelerimizin tamam\u0131ndan zek\u00e2t al\u0131namad\u0131\u011f\u0131n\u0131 anlatt\u0131.<\/span><\/p>\n<p class=\"p1\"><span class=\"s1\">Bu konudaki olumsuzluklar\u0131n, takipsizlik, insanlarda zek\u00e2t ve zek\u00e2t\u0131n da\u011f\u0131t\u0131lmas\u0131 ile ilgili yanl\u0131\u015f alg\u0131 ve bilgisizlikten kaynakland\u0131\u011f\u0131n\u0131 s\u00f6yledi. Uyan\u0131k zek\u00e2t fonunun Allah yolunda tebli\u011f, davet ve tan\u0131tma \u00e7al\u0131\u015fmalar\u0131na, g\u00f6n\u00fcllerinin \u0130slam\u2019a \u0131s\u0131nd\u0131r\u0131lmas\u0131 \u00e7al\u0131\u015fmalar\u0131na, M\u00fcsl\u00fcman varl\u0131\u011f\u0131n\u0131n s\u00fcrd\u00fcr\u00fclmesi i\u00e7in gerekli harcamalara, \u0130slam toplumu olu\u015fturma \u00e7al\u0131\u015fmalar\u0131na, M\u00fcsl\u00fcman nesillerin din\u00ee ve k\u00fclt\u00fcrel e\u011fitimlerine, \u00f6\u011frenim g\u00f6renlere, ihtiya\u00e7 sahibi talebelere, y\u00fcksek okul talebelerine, hi\u00e7bir geliri olmayan fakir, dul ve yetimlerle yolda kalm\u0131\u015flara, maddi imk\u00e2ns\u0131zl\u0131k sebebiyle tedavi olamayan yoksul hastalara, okul, vak\u0131f ve hastanelerdeki ihtiya\u00e7 sahiplerine, deprem ve sel gibi, tabii afetlerden dolay\u0131 ma\u011fdur kalanlara harcand\u0131\u011f\u0131n\u0131 s\u00f6yledi.<\/span><\/p>\n<p class=\"p1\"><span class=\"s1\">Genel \u0130mam Hatipler Toplant\u0131s\u0131, Adem Hendek hocan\u0131n Kur\u2019an tilaveti ile sona erdi.<\/span><\/p>\n","protected":false},"excerpt":{"rendered":"<p>Genel \u0130mam Hatipler Toplant\u0131s\u0131\u2019nda, \u0130r\u015fad Ba\u015fkanl\u0131\u011f\u0131n\u0131n faaliyetleri ile ramazan ay\u0131 programlar\u0131 takdim edildi.<\/p>\n","protected":false},"author":1,"featured_media":37401,"comment_status":"open","ping_status":"open","sticky":false,"template":"","format":"standard","meta":{"ngg_post_thumbnail":0},"categories":[23256],"tags":[],"_links":{"self":[{"href":"https:\/\/www.igmg.org\/tr\/wp-json\/wp\/v2\/posts\/37400"}],"collection":[{"href":"https:\/\/www.igmg.org\/tr\/wp-json\/wp\/v2\/posts"}],"about":[{"href":"https:\/\/www.igmg.org\/tr\/wp-json\/wp\/v2\/types\/post"}],"author":[{"embeddable":true,"href":"https:\/\/www.igmg.org\/tr\/wp-json\/wp\/v2\/users\/1"}],"replies":[{"embeddable":true,"href":"https:\/\/www.igmg.org\/tr\/wp-json\/wp\/v2\/comments?post=37400"}],"version-history":[{"count":2,"href":"https:\/\/www.igmg.org\/tr\/wp-json\/wp\/v2\/posts\/37400\/revisions"}],"predecessor-version":[{"id":37404,"href":"https:\/\/www.igmg.org\/tr\/wp-json\/wp\/v2\/posts\/37400\/revisions\/37404"}],"wp:featuredmedia":[{"embeddable":true,"href":"https:\/\/www.igmg.org\/tr\/wp-json\/wp\/v2\/media\/37401"}],"wp:attachment":[{"href":"https:\/\/www.igmg.org\/tr\/wp-json\/wp\/v2\/media?parent=37400"}],"wp:term":[{"taxonomy":"category","embeddable":true,"href":"https:\/\/www.igmg.org\/tr\/wp-json\/wp\/v2\/categories?post=37400"},{"taxonomy":"post_tag","embeddable":true,"href":"https:\/\/www.igmg.org\/tr\/wp-json\/wp\/v2\/tags?post=37400"}],"curies":[{"name":"wp","href":"https:\/\/api.w.org\/{rel}","templated":true}]}}