{"id":37813,"date":"2019-08-10T12:02:49","date_gmt":"2019-08-10T10:02:49","guid":{"rendered":"https:\/\/www.igmg.org\/?p=37813"},"modified":"2019-08-21T11:32:20","modified_gmt":"2019-08-21T09:32:20","slug":"kemal-erguen-kurban-yakinlasma-vesilesidir","status":"publish","type":"post","link":"https:\/\/www.igmg.org\/tr\/kemal-erguen-kurban-yakinlasma-vesilesidir\/","title":{"rendered":"Kemal Erg\u00fcn: \u201cKurban yak\u0131nla\u015fma vesilesidir.\u201d"},"content":{"rendered":"<p><strong>\u0130slam Toplumu Mill\u00ee G\u00f6r\u00fc\u015f (IGMG) Genel Ba\u015fkan\u0131 Kemal Erg\u00fcn Kurban Bayram\u0131 m\u00fcnasebetiyle bir tebrik mesaj\u0131 yay\u0131mlad\u0131. \u201cKurban, insanlar\u0131 birbirlerine ve Allah\u2019a yak\u0131nla\u015ft\u0131ran kadim bir ibadettir. Kurban Bayram\u0131 karde\u015fli\u011fimizi ve kullu\u011fumuzu peki\u015ftirmeye vesile olsun.\u201d diyen Erg\u00fcn s\u00f6zlerini \u015f\u00f6yle s\u00fcrd\u00fcrd\u00fc: <\/strong><\/p>\n<p>\u201cKurban ibadeti Hz. Peygamber\u2019in hi\u00e7 aksatmadan uygulad\u0131\u011f\u0131, \u00fcmmeti i\u00e7erisinde maddi durumu elveri\u015fli olanlardan muhakkak yerine getirmelerini istedi\u011fi bir ibadettir. Kurban sadece \u0130slam dinine has olmamakla birlikte, ilk \u00e7a\u011flardan g\u00fcn\u00fcm\u00fcze kadar \u00e7e\u015fitli \u015fekillerde ifa edilen kadim bir ibadet \u015feklidir. Kurban ibadetinin bulunmad\u0131\u011f\u0131 din veya k\u00fclt\u00fcr yok denecek kadar azd\u0131r. <\/p>\n<p>Biz M\u00fcsl\u00fcmanlar i\u00e7inse kurban hem bireysel hem de toplumsal anlamda \u00e7ok b\u00fcy\u00fck \u00f6nem arz eden bir ibadettir. Kelime manas\u0131 olarak \u2018yak\u0131nla\u015fmak\u2019 anlam\u0131n\u0131 ifade eden kurban ibadetiyle insanlar hem Allah Te\u00e2l\u00e2\u2019ya hem de birbirlerine yak\u0131nla\u015f\u0131rlar. G\u00fcn\u00fcm\u00fcz teknolojik imk\u00e2nlar\u0131yla birlikte art\u0131k insanlar kurbanlar\u0131n\u0131 d\u00fcnyan\u0131n en \u00fccra k\u00f6\u015felerindeki muhta\u00e7lara dahi h\u0131zl\u0131 bir \u015fekilde ula\u015ft\u0131rabilmekte, b\u00f6ylece onlar\u0131n da kurban ibadetinin yak\u0131nla\u015ft\u0131r\u0131c\u0131 ve birle\u015ftirici atmosferini hissetmeleri sa\u011flanabilmektedir. Ayr\u0131ca Peygamber Efendimizin tavsiyesi \u00fczerine, kesti\u011fimiz kurbanlar\u0131n bir k\u0131sm\u0131n\u0131 dost, kom\u015fu ve akrabalar\u0131m\u0131za ikram etmemiz yine bu ibadetin toplumsal faydalar\u0131n\u0131 g\u00f6steren en \u00f6nemli \u00f6rneklerdendir.<\/p>\n<p>Her bayramda oldu\u011fu gibi bu bayramda da darg\u0131nlar\u0131n bar\u0131\u015ft\u0131r\u0131lmas\u0131 hususunu hat\u0131rlatmak istiyorum. B\u00fct\u00fcn karde\u015flerimizden ricam, aralar\u0131nda k\u00fcsl\u00fck bulunanlar\u0131n birbirleriyle bar\u0131\u015fmas\u0131, \u00e7evrelerindeki karde\u015flerimizin bu k\u00fcslerin bar\u0131\u015fmas\u0131 i\u00e7in gerekli te\u015fvik ve deste\u011fi sa\u011flamas\u0131d\u0131r. Zira ancak o zaman bayram\u0131m\u0131z anlaml\u0131 h\u00e2le gelir. Hi\u00e7 g\u00f6r\u00fcp tan\u0131mad\u0131\u011f\u0131m\u0131z insanlarla kurbanlar\u0131m\u0131z\u0131 payla\u015f\u0131p onlarla manevi anlamda yak\u0131nla\u015f\u0131rken, ayn\u0131 toplum i\u00e7erisinde ya\u015fad\u0131\u011f\u0131m\u0131z karde\u015flerimizle k\u00fcs kalmam\u0131z do\u011fru olmaz.<\/p>\n<p>Bu duygu ve d\u00fc\u015f\u00fcncelerle Kurban Bayram\u0131\u2019n\u0131n b\u00fct\u00fcn \u0130slam \u00e2lemine ve insanl\u0131\u011fa hay\u0131rlar getirmesini diliyorum. Bu vesileyle, t\u00fcm karde\u015flerimizin kurban ibadetlerinin, hac\u0131 aday\u0131 karde\u015flerimizin de hac ibadetlerinin Y\u00fcce Allah kat\u0131nda en g\u00fczel \u015fekilde kabul\u00fcn\u00fc niyaz ediyorum.\u201d<\/p>\n","protected":false},"excerpt":{"rendered":"<p>\u0130slam Toplumu Mill\u00ee G\u00f6r\u00fc\u015f (IGMG) Genel Ba\u015fkan\u0131 Kemal Erg\u00fcn Kurban Bayram\u0131 m\u00fcnasebetiyle bir tebrik mesaj\u0131 yay\u0131mlad\u0131. \u201cKurban, insanlar\u0131 birbirlerine ve Allah\u2019a yak\u0131nla\u015ft\u0131ran kadim bir ibadettir. Kurban Bayram\u0131 karde\u015fli\u011fimizi ve kullu\u011fumuzu peki\u015ftirmeye vesile olsun.\u201d diyen Erg\u00fcn s\u00f6zlerini \u015f\u00f6yle s\u00fcrd\u00fcrd\u00fc: <\/p>\n","protected":false},"author":1,"featured_media":32515,"comment_status":"open","ping_status":"open","sticky":false,"template":"","format":"standard","meta":{"ngg_post_thumbnail":0},"categories":[23244,23254],"tags":[24324,24665,24703],"_links":{"self":[{"href":"https:\/\/www.igmg.org\/tr\/wp-json\/wp\/v2\/posts\/37813"}],"collection":[{"href":"https:\/\/www.igmg.org\/tr\/wp-json\/wp\/v2\/posts"}],"about":[{"href":"https:\/\/www.igmg.org\/tr\/wp-json\/wp\/v2\/types\/post"}],"author":[{"embeddable":true,"href":"https:\/\/www.igmg.org\/tr\/wp-json\/wp\/v2\/users\/1"}],"replies":[{"embeddable":true,"href":"https:\/\/www.igmg.org\/tr\/wp-json\/wp\/v2\/comments?post=37813"}],"version-history":[{"count":1,"href":"https:\/\/www.igmg.org\/tr\/wp-json\/wp\/v2\/posts\/37813\/revisions"}],"predecessor-version":[{"id":37814,"href":"https:\/\/www.igmg.org\/tr\/wp-json\/wp\/v2\/posts\/37813\/revisions\/37814"}],"wp:featuredmedia":[{"embeddable":true,"href":"https:\/\/www.igmg.org\/tr\/wp-json\/wp\/v2\/media\/32515"}],"wp:attachment":[{"href":"https:\/\/www.igmg.org\/tr\/wp-json\/wp\/v2\/media?parent=37813"}],"wp:term":[{"taxonomy":"category","embeddable":true,"href":"https:\/\/www.igmg.org\/tr\/wp-json\/wp\/v2\/categories?post=37813"},{"taxonomy":"post_tag","embeddable":true,"href":"https:\/\/www.igmg.org\/tr\/wp-json\/wp\/v2\/tags?post=37813"}],"curies":[{"name":"wp","href":"https:\/\/api.w.org\/{rel}","templated":true}]}}