{"id":37878,"date":"2019-08-28T21:15:43","date_gmt":"2019-08-28T19:15:43","guid":{"rendered":"https:\/\/www.igmg.org\/?p=37878"},"modified":"2019-08-28T21:15:43","modified_gmt":"2019-08-28T19:15:43","slug":"hutbe-hicretin-kazanimi-islam-kardesligi","status":"publish","type":"post","link":"https:\/\/www.igmg.org\/tr\/hutbe-hicretin-kazanimi-islam-kardesligi\/","title":{"rendered":"Hutbe: Hicretin Kazan\u0131m\u0131 &#8211; \u0130slam Karde\u015fli\u011fi"},"content":{"rendered":"<p><strong>K\u0131ymetli M\u00fcsl\u00fcmanlar!<\/strong><\/p>\n<p>Ris\u00e2letin ba\u015flang\u0131c\u0131 ile birlikte, Res\u00fblullah \ufdfa yak\u0131n akrabalar\u0131ndan ba\u015flayarak Mekke toplumuna \u0130slam\u2019\u0131 tebli\u011f etmeye ba\u015flam\u0131\u015ft\u0131r. Peygamber Efendimiz \ufdfa\u2019in davetine icabet eden M\u00fcsl\u00fcmanlar, din ve vicdan h\u00fcrriyetine sayg\u0131s\u0131 olmayan m\u00fc\u015frikler taraf\u0131ndan zulme maruz kalm\u0131\u015flard\u0131r. On \u00fc\u00e7 y\u0131ll\u0131k Mekke d\u00f6neminde m\u00fcminlerin bir k\u0131sm\u0131, ilk olarak ba\u015f\u0131nda adil bir Hristiyan Kral\u0131 olan Neca\u015fi\u2019nin memleketi Habe\u015fistan\u2019a s\u0131\u011f\u0131nd\u0131lar. Daha sonras\u0131nda ise, \u0130slam\u2019\u0131n medeniyet plan\u0131nda tezah\u00fcr ve tecess\u00fcm etmesine merkezlik yapacak olan Medine\u2019ye hicret ettiler. M\u00fcsl\u00fcmanlar hicretle birlikte, dinlerini \u00f6zg\u00fcrce ya\u015fayabilecekleri bir mek\u00e2na kavu\u015fmu\u015f oldular.<\/p>\n<p><strong>Aziz Cemaat!<\/strong><\/p>\n<p>Mekkeli m\u00fc\u015friklerin zulm\u00fcnden ka\u00e7\u0131p Medine\u2019ye s\u0131\u011f\u0131nan muhacirler, t\u00fcm maddi varl\u0131klar\u0131n\u0131 geride b\u0131rakm\u0131\u015flard\u0131. Ya\u015fan\u0131lacak ge\u00e7im zorlu\u011funu hafifletmek amac\u0131yla, Peygamber Efendimiz \ufdfa Mekkeli muhacirlerle Medineli ensar aras\u0131nda, karde\u015flik tesis etmi\u015fti. Kabile k\u00fclt\u00fcr\u00fcn\u00fcn h\u00e2kim oldu\u011fu Arap co\u011frafyas\u0131nda, kan ba\u011f\u0131n\u0131n ve menfaat birlikteli\u011finin \u00f6tesinde bir dayan\u0131\u015fma ortaya kondu. Ensar, evini ve sofras\u0131n\u0131 muhacir karde\u015fleriyle payla\u015ft\u0131. Y\u00fcce Rabbimiz, Medineli m\u00fcminlerin sergilemi\u015f oldu\u011fu bu ahlaki g\u00fczelli\u011fi k\u0131yamete kadar bizlere hat\u0131rlatacak olan \u015fu \u00e2yet-i ker\u00eemeyi indirdi; <strong>\u201cDaha \u00f6nceden Medine\u2019yi yurt edinmi\u015f ve g\u00f6n\u00fcllerine iman\u0131 yerle\u015ftirmi\u015f olan kimseler, kendilerine g\u00f6\u00e7 edip gelenleri severler ve onlara verilenlerden dolay\u0131 i\u00e7lerinde bir rahats\u0131zl\u0131k hissetmezler. Kendileri zaruret i\u00e7inde bulunsalar bile onlar\u0131 kendilerine tercih ederler.<br \/>\nKim nefsinin cimrili\u011finden korunursa, i\u015fte onlar kurtulu\u015fa erenlerdir.\u201d<\/strong><a href=\"#_ftn1\" name=\"_ftnref1\">[1]<\/a><\/p>\n<p><strong>Muhterem M\u00fcminler!<\/strong><\/p>\n<p>G\u00fcn\u00fcm\u00fcz M\u00fcsl\u00fcmanlar\u0131 olarak bizler, \u0130slam tarihinin ba\u015flang\u0131c\u0131nda ya\u015fanan bu karde\u015flik misalinden kendimize d\u00fc\u015fen pay\u0131 \u00e7\u0131karabilmeliyiz. Acaba bizler, farkl\u0131 co\u011frafyalarda ya\u015fayan M\u00fcsl\u00fcman karde\u015flerimizin s\u0131k\u0131nt\u0131lar\u0131yla ilgili miyiz? Ya\u015fad\u0131klar\u0131 ac\u0131lar\u0131 ve ma\u011fduriyetleri y\u00fcre\u011fimizde hissedebiliyor muyuz? Sorunlar\u0131n\u0131n \u00e7aresi olabilmek i\u00e7in can at\u0131yor muyuz? Allah Resul\u00fc \ufdfa, tam da bu mevzu ile alakal\u0131 olarak: <strong>\u201cM\u00fcminler birbirini sevmekte, birbirlerine ac\u0131makta ve birbirlerini korumakta bir v\u00fccuda benzerler. V\u00fccudun bir uzvu hasta oldu\u011fu zaman, di\u011fer uzuvlar da bu sebeple uykusuzlu\u011fa ve ate\u015fli hastal\u0131\u011fa tutulurlar.\u201d<\/strong><a href=\"#_ftn2\" name=\"_ftnref2\">[2]<\/a> diye buyurmaktad\u0131r.<\/p>\n<p><strong>De\u011ferli Karde\u015flerim!<\/strong><\/p>\n<p>Hicret sonras\u0131nda Medine-i M\u00fcnevvere\u2019de ya\u015fanm\u0131\u015f olan ve insanl\u0131k tarihine alt\u0131n harflerle ge\u00e7en inan\u00e7 temelli karde\u015flik anlay\u0131\u015f\u0131n\u0131n, k\u0131yamet g\u00fcn\u00fcne kadar bizlere \u00f6rneklik te\u015fkil etmesi gerekmektedir. Dili, rengi, etnik k\u00f6keni ne olursa olsun, Allah\u2019a, Resul\u00fcne ve ahiret g\u00fcn\u00fcne iman etmi\u015f olan t\u00fcm insanlar bizlerin karde\u015fidir. \u00c2lemlerin Rabbi olan Mevlam\u0131z; <strong>\u201c\u015e\u00fcphesiz M\u00fcminler karde\u015ftirler.\u201d<\/strong><a href=\"#_ftn3\" name=\"_ftnref3\">[3]<\/a> h\u00fckm\u00fcn\u00fc bizlere bildirmi\u015ftir. Bu h\u00fckme uymam\u0131z, \u00f6zellikle bug\u00fcnlerde \u00e7ok b\u00fcy\u00fck bir anlam ifade etmektedir. D\u00fcnyan\u0131n d\u00f6rt bir yan\u0131nda, yard\u0131ma muhta\u00e7 olan M\u00fcsl\u00fcman karde\u015flerimizle maddi ve manevi dayan\u0131\u015fma i\u00e7erisinde olmak, k\u0131ld\u0131\u011f\u0131m\u0131z namazlar, tuttu\u011fumuz oru\u00e7lar, verdi\u011fimiz zek\u00e2tlar gibi Allah\u2019\u0131n birer emridir. Dolay\u0131s\u0131yla hicri bir y\u0131l d\u00f6n\u00fcm\u00fcn\u00fc daha tamamlarken, bu karde\u015flik ve dayan\u0131\u015fma duygusunun en g\u00fczel \u00f6rne\u011fi olan muhacir ve ensar karde\u015fli\u011fini ya\u015famak ve ya\u015fatmak hepimizin g\u00f6revidir. Bu vazifeyi ise, ya\u015fad\u0131\u011f\u0131m\u0131z \u00fclkelere g\u00f6\u00e7 etmi\u015f olan muhacirlere ensar olmak suretiyle ifa etmeliyiz.<\/p>\n<p>Rabbimiz bizleri b\u00fct\u00fcn \u00fcmmetin dertleriyle dertlenen ve \u00e7\u00f6z\u00fcm bulmaya gayret eden kullar\u0131ndan eylesin. Amin.<\/p>\n<p><a href=\"#_ftnref1\" name=\"_ftn1\">[1]<\/a> Ha\u015fr suresi, 59:9<br \/>\n<a href=\"#_ftnref2\" name=\"_ftn2\">[2]<\/a> M\u00fcsl\u00fcm, Birr, 17; Buh\u00e2r\u00ee, Edeb, 27<br \/>\n<a href=\"#_ftnref3\" name=\"_ftn3\">[3]<\/a> Hucurat suresi, 49:10<\/p>\n<p><a href=\"https:\/\/www.igmg.org\/wp-content\/uploads\/2019\/08\/20190830-Hutbe-Hicretin-Kazan\u0131m\u0131-\u0130slam-Karde\u015fli\u011fi.pdf\">Hutbe-Hicretin Kazan\u0131m\u0131: \u0130slam Karde\u015fli\u011fi<\/a><\/p>\n<p><a href=\"https:\/\/www.igmg.org\/wp-content\/uploads\/2019\/08\/20190830-Hutba-Arabisch.pdf\">Hutbe-Arap\u00e7a<\/a><\/p>\n","protected":false},"excerpt":{"rendered":"<p>K\u0131ymetli M\u00fcsl\u00fcmanlar! Ris\u00e2letin ba\u015flang\u0131c\u0131 ile birlikte, Res\u00fblullah \ufdfa yak\u0131n akrabalar\u0131ndan ba\u015flayarak Mekke toplumuna \u0130slam\u2019\u0131 tebli\u011f etmeye ba\u015flam\u0131\u015ft\u0131r. Peygamber Efendimiz \ufdfa\u2019in davetine icabet eden M\u00fcsl\u00fcmanlar, din ve vicdan h\u00fcrriyetine sayg\u0131s\u0131 olmayan m\u00fc\u015frikler taraf\u0131ndan zulme maruz kalm\u0131\u015flard\u0131r. On \u00fc\u00e7 y\u0131ll\u0131k Mekke d\u00f6neminde m\u00fcminlerin bir k\u0131sm\u0131, ilk olarak ba\u015f\u0131nda adil bir Hristiyan Kral\u0131 olan Neca\u015fi\u2019nin memleketi Habe\u015fistan\u2019a s\u0131\u011f\u0131nd\u0131lar. [&hellip;]<\/p>\n","protected":false},"author":1,"featured_media":31397,"comment_status":"open","ping_status":"open","sticky":false,"template":"","format":"standard","meta":{"ngg_post_thumbnail":0},"categories":[23242],"tags":[],"_links":{"self":[{"href":"https:\/\/www.igmg.org\/tr\/wp-json\/wp\/v2\/posts\/37878"}],"collection":[{"href":"https:\/\/www.igmg.org\/tr\/wp-json\/wp\/v2\/posts"}],"about":[{"href":"https:\/\/www.igmg.org\/tr\/wp-json\/wp\/v2\/types\/post"}],"author":[{"embeddable":true,"href":"https:\/\/www.igmg.org\/tr\/wp-json\/wp\/v2\/users\/1"}],"replies":[{"embeddable":true,"href":"https:\/\/www.igmg.org\/tr\/wp-json\/wp\/v2\/comments?post=37878"}],"version-history":[{"count":1,"href":"https:\/\/www.igmg.org\/tr\/wp-json\/wp\/v2\/posts\/37878\/revisions"}],"predecessor-version":[{"id":37879,"href":"https:\/\/www.igmg.org\/tr\/wp-json\/wp\/v2\/posts\/37878\/revisions\/37879"}],"wp:featuredmedia":[{"embeddable":true,"href":"https:\/\/www.igmg.org\/tr\/wp-json\/wp\/v2\/media\/31397"}],"wp:attachment":[{"href":"https:\/\/www.igmg.org\/tr\/wp-json\/wp\/v2\/media?parent=37878"}],"wp:term":[{"taxonomy":"category","embeddable":true,"href":"https:\/\/www.igmg.org\/tr\/wp-json\/wp\/v2\/categories?post=37878"},{"taxonomy":"post_tag","embeddable":true,"href":"https:\/\/www.igmg.org\/tr\/wp-json\/wp\/v2\/tags?post=37878"}],"curies":[{"name":"wp","href":"https:\/\/api.w.org\/{rel}","templated":true}]}}