{"id":38112,"date":"2019-11-07T15:37:26","date_gmt":"2019-11-07T14:37:26","guid":{"rendered":"https:\/\/www.igmg.org\/?p=38112"},"modified":"2019-11-05T15:40:04","modified_gmt":"2019-11-05T14:40:04","slug":"nitelikli-bir-toplum-icin-durmadan-calisacagiz","status":"publish","type":"post","link":"https:\/\/www.igmg.org\/tr\/nitelikli-bir-toplum-icin-durmadan-calisacagiz\/","title":{"rendered":"\u201cNitelikli bir toplum i\u00e7in durmadan \u00e7al\u0131\u015faca\u011f\u0131z.\u201d"},"content":{"rendered":"<h2 class=\"p1\"><span class=\"s1\"><b>\u0130slam Toplumu Mill\u00ee G\u00f6r\u00fc\u015f (IGMG) Gen\u00e7lik Te\u015fkilat\u0131 Orta\u00f6\u011fretim Ba\u015fkanl\u0131\u011f\u0131 26-27 Ekim tarihleri aras\u0131nda bir dizi program ger\u00e7ekle\u015ftirdi.<\/b><\/span><\/h2>\n<p class=\"p1\"><span class=\"s1\">\u0130slam Toplumu Mill\u00ee G\u00f6r\u00fc\u015f (IGMG) Gen\u00e7lik Te\u015fkilat\u0131 Orta\u00f6\u011fretim Ba\u015fkanl\u0131\u011f\u0131\u2019n\u0131n d\u00fczenlemi\u015f oldu\u011fu bir dizi program IGMG Genel Merkez binas\u0131nda ger\u00e7ekle\u015ftirildi. Abi-Karde\u015f Sorumlular\u0131 Toplant\u0131s\u0131, Y\u0131ld\u0131z Gen\u00e7lik M\u00fcd\u00fcrleri Toplant\u0131s\u0131, Abiler E\u011fitim ve Y\u0131ld\u0131z Hitabet Yar\u0131\u015fmas\u0131 Haz\u0131rl\u0131k Semineri programlar\u0131na Avrupa\u2019n\u0131n farkl\u0131 b\u00f6lgelerinden 80 ki\u015fi kat\u0131l\u0131m sa\u011flad\u0131. <\/span><\/p>\n<h2 class=\"p3\"><span class=\"s1\"><b>\u201cAmac\u0131m\u0131z, te\u015fkilata ve topluma faydal\u0131 insanlar yeti\u015ftirmek.\u201d<\/b><\/span><\/h2>\n<p class=\"p1\"><span class=\"s1\">Abiler-E\u011fitim Program\u0131 IGMG Gen\u00e7lik Te\u015fkilat\u0131 (GT) Orta\u00f6\u011fretim Ba\u015fkan\u0131 Sezai \u00c7akan\u2019\u0131n selamlama konu\u015fmas\u0131yla ba\u015flarken, \u00c7akan konu\u015fmas\u0131nda \u201cBizde insan \u00f6nemlidir, sistem de\u011fil. Biz, insan varsa medeniyet kurar\u0131z. \u201d dedi. \u00c7al\u0131\u015fmalarda topluma donan\u0131ml\u0131 ve faydal\u0131 bireyler kazand\u0131rmaya kararl\u0131 olduklar\u0131n\u0131 da belirten \u00c7akan, \u201c\u00c7\u00fcnk\u00fc g\u00fcn\u00fcm\u00fczde belki de hi\u00e7 olmad\u0131\u011f\u0131 kadar kalitesini ve donan\u0131m\u0131n\u0131 faydal\u0131 i\u015flere d\u00f6n\u00fc\u015ft\u00fcren insanlara ihtiya\u00e7 var. Nitelikli bir toplum i\u00e7in durmadan \u00e7al\u0131\u015faca\u011f\u0131z.\u201d<span class=\"Apple-converted-space\">&nbsp; &nbsp; <\/span>ifadelerini kulland\u0131. \u00c7akan Abi-Karde\u015f \u00e7al\u0131\u015fmas\u0131n\u0131n as\u0131l amac\u0131n\u0131 ise \u015fu s\u00f6zlerle aktard\u0131: \u201cB\u00fcy\u00fck amac\u0131m\u0131z ise te\u015fkilata ve topluma faydal\u0131 ve kaliteli insanlar yeti\u015ftirmek. Fayday\u0131 \u00f6nce s\u00f6yl\u00fcyorum. \u00c7\u00fcnk\u00fc ki\u015fi kaliteli olabilir ama kalite faydaya d\u00f6n\u00fc\u015fmeli.\u201d <\/span><\/p>\n<h2 class=\"p3\"><span class=\"s1\"><b>\u201cTarihin seyrini sizin ataca\u011f\u0131n\u0131z ad\u0131mlar de\u011fi\u015ftirecek.\u201d<\/b><\/span><\/h2>\n<p class=\"p1\"><span class=\"s1\">Sezai \u00c7akan\u2019\u0131n konu\u015fmas\u0131n\u0131n ard\u0131ndan ise IGMG GT \u00dcniversiteliler Ba\u015fkan\u0131 Sel\u00e7uk \u00c7i\u00e7ek kat\u0131l\u0131mc\u0131lara \u201cTarihsel Geli\u015fimi ve Gelecek Perspektifi Bak\u0131m\u0131ndan IGMG\u201d adl\u0131 bir seminer sundu ve IGMG\u2019nin bug\u00fcne kadar ge\u00e7irdi\u011fi s\u00fcre\u00e7lere de\u011findi. \u00c7i\u00e7ek seminere, yazar \u0130hsan Fazl\u0131o\u011flu\u2019nun \u015fu s\u00f6z\u00fcyle ba\u015flad\u0131: \u201cTarih, ancak gelecekle ilgili plan\u0131\/projesi olanlar i\u00e7in anlaml\u0131d\u0131r. Gelecekle ilgili idealleri olmayanlar i\u00e7in tarih sadece bir bilgi y\u00fck\u00fcd\u00fcr.\u201d Sel\u00e7uk \u00c7i\u00e7ek seminerin devam\u0131nda ise \u00f6zetle \u015funlar\u0131 s\u00f6yledi: \u201cIGMG Avrupa\u2019da M\u00fcsl\u00fcmanlar\u0131n M\u00fcsl\u00fcman kimli\u011fini kaybetmemeleri i\u00e7in kurulmu\u015f bir te\u015fkilatt\u0131r. \u0130\u015f\u00e7i g\u00f6\u00e7\u00fc m\u00fcnasebetiyle Avrupa\u2019ya gelen dedelerimiz, asl\u0131nda bir ka\u00e7 y\u0131l \u00e7al\u0131\u015ft\u0131ktan sonra tekrar geri d\u00f6nmek amac\u0131yla gelmi\u015flerdi. Ancak y\u0131llar ge\u00e7tik\u00e7e d\u00f6n\u00fc\u015f\u00fcn de art\u0131k m\u00fcmk\u00fcn olmayaca\u011f\u0131n\u0131 anlad\u0131lar. Bunun neticesinde dedelerimiz, onlar\u0131n \u00e7ocuklar\u0131 ve torunlar\u0131 bug\u00fcn bu topraklarda y\u00fczlerce, binlerce cami a\u00e7t\u0131lar. 1999 y\u0131l\u0131nda ise bir k\u0131r\u0131lma noktas\u0131 ya\u015fand\u0131. Gurbet\u00e7i perspektifinden yerli oldu\u011fumuzu idrak etti\u011fimiz d\u00f6neme ge\u00e7tik.\u201d \u00c7i\u00e7ek, gen\u00e7lerin IGMG\u2019n\u0131n gelecekteki tarihiyle alakal\u0131 b\u00fcy\u00fck rol oynad\u0131klar\u0131n\u0131 ise \u015fu s\u00f6zlerle vurgulad\u0131: \u201cTarihin seyrini sizin ataca\u011f\u0131n\u0131z ad\u0131mlar de\u011fi\u015ftirecek.\u201d <\/span><\/p>\n<h2 class=\"p3\"><span class=\"s1\"><b>\u201c\u0130nan\u0131rsak Allah mutlaka zafer verir.\u201d<\/b><\/span><\/h2>\n<p class=\"p1\"><span class=\"s1\">Programa kat\u0131lan ve selamlama konu\u015fmas\u0131 yapan IGMG Genel Ba\u015fkan\u0131 Kemal Erg\u00fcn de abilere ve Y\u0131ld\u0131z Gen\u00e7lik m\u00fcd\u00fcrlerine yapt\u0131klar\u0131 \u00e7al\u0131\u015fmalardan dolay\u0131 te\u015fekk\u00fcr ettikten sonra \u201cM\u00fcsl\u00fcmanlar olarak ba\u015fl\u0131ca g\u00f6revimiz, toplum i\u00e7erisinde \u0130slam\u2019\u0131 temsil etmektir. Bu vazifenin hakk\u0131n\u0131 vermek zorunday\u0131z. Bunu yapabilmek i\u00e7in de \u00f6ncelikle iyi bir M\u00fcsl\u00fcman olmak zorunday\u0131z.\u201d ifadelerini kulland\u0131. <\/span><\/p>\n<p class=\"p1\"><span class=\"s1\">Erg\u00fcn konu\u015fmas\u0131n\u0131n devam\u0131nda ise \u015funlar\u0131 kaydetti: \u201cBu topraklar\u0131n asli unsurlar\u0131 olarak d\u00fc\u015f\u00fcncemizi, ideallerimizi, iman\u0131n\u0131z\u0131 muhafaza etmek i\u00e7in bu \u00e7at\u0131n\u0131n alt\u0131nday\u0131z. Gayemiz Allah\u2019\u0131n r\u0131zas\u0131n\u0131 kazanmakt\u0131r. Hedefimiz de Kur\u2019an ve s\u00fcnnet \u0131\u015f\u0131\u011f\u0131nda bir hayat i\u00e7in gayret etmekir. \u0130nan\u0131rsak Allah mutlaka zafer verir. Her\u015fey inanmakla ba\u015flar. \u0130man edersek, Allah pe\u015finden neticelerini ihsan eder. Bu toplumda hayalimiz olacak. \u0130man\u0131m\u0131z\u0131, inanc\u0131m\u0131z\u0131, \u00f6rf\u00fcm\u00fcz\u00fc ya\u015fayaca\u011f\u0131z, koruyaca\u011f\u0131z. Bunlar\u0131n ete kemi\u011fe b\u00fcr\u00fcnmesi i\u00e7in bir davada olaca\u011f\u0131z, bu da IGMG\u2018dir. Hz \u00c2dem (a.s.)\u2019dan akraba oldu\u011fumuz gayrim\u00fcslimlerin \u0130slam\u2019\u0131 tan\u0131mas\u0131 i\u00e7in k\u00f6pr\u00fc olaca\u011f\u0131z. \u00c7al\u0131\u015faca\u011f\u0131z ve gayret edece\u011fiz.\u201d<\/span><\/p>\n<h2 class=\"p3\"><span class=\"s1\"><b>\u201cGen\u00e7lerimizin iddias\u0131z ve idealsiz olmalar\u0131na izin veremeyiz.\u201d<\/b><\/span><\/h2>\n<p class=\"p1\"><span class=\"s1\">IGMG Gen\u00e7lik Orta\u00f6\u011fretim B\u015fkan Yard\u0131mc\u0131s\u0131 ve Abi-Karde\u015f Sorumlusu Muhammed \u015eener ise 21-28 Aral\u0131k 2019 tarihleri aras\u0131 yap\u0131lacak olan Abi-Karde\u015f Haftas\u0131\u2019n\u0131n i\u00e7erik ve hedeflerini takdim etti. Ard\u0131ndan Hasene International Derne\u011fi Ba\u015fkan\u0131 Mesud G\u00fclbahar \u201c\u0130darecilik ve \u0130ddialar\u0131m\u0131z\u201d isimli bir sunum yapt\u0131. G\u00fclbahar, \u201cHepimizin idealleri ve iddialar\u0131 var. Unutmayal\u0131m ki bu ideallerimizi gen\u00e7lerimize de aktarmal\u0131y\u0131z. Gen\u00e7lerimizin iddias\u0131z ve idealsiz olmalar\u0131na izin veremeyiz. \u00c7\u00fcnk\u00fc toplumun onlara ihtiyac\u0131 var.\u201d dedi. \u0130lk g\u00fcn\u00fcn son oturumunda ise Hasene Deutschland\u2019\u0131n d\u00fczenlemi\u015f oldu\u011fu \u201cPoliticken\u201d projesine kat\u0131lan Talha Karahan, Mustafa Albayram ve Halil At\u0131\u015f, pratik uygulamal\u0131 tan\u0131\u015fma ve kayna\u015fma metotlar\u0131n\u0131 g\u00f6stermesiyle sonra erdi.<\/span><\/p>\n<h2 class=\"p3\"><span class=\"s1\"><b>\u201cBilgi \u00e7a\u011f\u0131nda ya\u015fayan bizler, kendimizi iyi yeti\u015ftirmede gayret g\u00f6stermeliyiz.\u201d<\/b><\/span><\/h2>\n<p class=\"p1\"><span class=\"s1\">Program\u0131n ikinci g\u00fcn\u00fcne kat\u0131lan IGMG Gen\u00e7lik Te\u015fkilat\u0131 Ba\u015fkan\u0131 \u00dcnal \u00dcnalan \u201cTopluma Faydal\u0131 Bireyler Kazand\u0131rmada Abi-Karde\u015f ve Y\u0131ld\u0131z Gen\u00e7lik \u00c7al\u0131\u015fmalar\u0131\u201d ba\u015fl\u0131kl\u0131 konu\u015fmas\u0131nda \u015f\u00f6yle dedi: \u201cBilgi \u00e7a\u011f\u0131nda ya\u015fayan bizler, kendimizi iyi yeti\u015ftirmede gayret g\u00f6stermeliyiz. Bildiklerimizi ya\u015famak zorunday\u0131z. Mus\u2019ab bin Umeyr bizim gibi \u00e7ok bilgiye sahip de\u011fildi. Ancak bildi\u011fini ya\u015f\u0131yordu ve \u0130slam\u2019\u0131 ya\u015fayarak en g\u00fczel \u015fekilde temsil etti. \u0130\u015fte \u00f6n\u00fcm\u00fczde b\u00f6yle bir model ve hedef var.\u201d Program, kapan\u0131\u015f Kur\u2019an\u2019\u0131n\u0131n okunmas\u0131 ve aile foto\u011fraf\u0131n\u0131n \u00e7ekilmesiyle son buldu.<\/span><\/p>\n<h2 class=\"p3\"><span class=\"s1\"><b>\u201cY\u0131ld\u0131z Gen\u00e7lik \u00e7al\u0131\u015fmas\u0131yla idari kadrolar\u0131m\u0131z\u0131 g\u00fc\u00e7lendiriyoruz.\u201d<\/b><\/span><\/h2>\n<p class=\"p1\"><span class=\"s1\">Ayn\u0131 tarihlerde yap\u0131lan Y\u0131ld\u0131z M\u00fcd\u00fcrleri Toplant\u0131s\u0131 ve Y\u0131ld\u0131z Hitabet Haz\u0131rl\u0131k Semineri de yo\u011fun bir kat\u0131l\u0131mla ger\u00e7ekle\u015fti. Y\u0131ld\u0131z M\u00fcd\u00fcrleri Toplant\u0131s\u0131\u2019nda 16 b\u00f6lgeden kat\u0131lan Y\u0131ld\u0131z Gen\u00e7lik m\u00fcd\u00fcrleriyle farkl\u0131 konularda isti\u015fareler ve bilgilendirmeler yap\u0131ld\u0131. B\u00f6lgelerde yap\u0131lan Y\u0131ld\u0131z Gen\u00e7lik \u00e7al\u0131\u015fmalar\u0131 hakk\u0131nda al\u0131nan bilgiler sonucunda 400\u2019e yak\u0131n gencin derslere ve programlara kat\u0131ld\u0131\u011f\u0131 tespit edildi. \u00c7al\u0131\u015fmalar\u0131ndan dolay\u0131 Y\u0131ld\u0131z Gen\u00e7lik m\u00fcd\u00fcrlerine te\u015fekk\u00fcr eden IGMG Gen\u00e7lik Te\u015fkilat\u0131 Orta\u00f6\u011fretim Ba\u015fkan\u0131 Sezai \u00c7akan, \u201cHer sene yeni b\u00f6lgelerimizi de aram\u0131za katarak Y\u0131ld\u0131z Gen\u00e7lik \u00e7al\u0131\u015fmam\u0131z\u0131n etkisini art\u0131r\u0131yoruz. Farkl\u0131 format\u0131 ve i\u00e7eri\u011fiyle gen\u00e7lerimizin yo\u011fun ilgisini \u00e7eken Y\u0131ld\u0131z Gen\u00e7lik \u00e7al\u0131\u015fmas\u0131 te\u015fkilat\u0131m\u0131z a\u00e7\u0131s\u0131ndan da b\u00fcy\u00fck \u00f6neme sahiptir. Nitekim bir\u00e7ok b\u00f6lgemizde Y\u0131ld\u0131z Gen\u00e7lik \u00e7al\u0131\u015fmas\u0131yla idari kadrolar\u0131m\u0131z\u0131 g\u00fc\u00e7lendiriyoruz. G\u00f6stermi\u015f oldu\u011funuz gayret ve ba\u015far\u0131dan dolay\u0131 hepinize te\u015fekk\u00fcr ediyorum.\u201d ifadelerini kulland\u0131. Toplant\u0131da ayr\u0131ca 10. Y\u0131ld\u0131z Hitabet Yar\u0131\u015fmas\u0131 hakk\u0131nda bilgilendirme yap\u0131ld\u0131. Daha sonraki oturumlarda ise b\u00f6lgelerin tecr\u00fcbeleri hakk\u0131nda payla\u015f\u0131mlarda bulunduklar\u0131 \u201cY\u0131ld\u0131z Gezisi\u201d ve \u201cY\u0131ld\u0131z Hitabet Haz\u0131rl\u0131k S\u00fcreci\u201d gibi sunumlar ger\u00e7ekle\u015fti. <\/span><\/p>\n<p class=\"p1\"><span class=\"s1\">Y\u0131ld\u0131z Hitabet Haz\u0131rl\u0131k Semineri\u2019nde ise 2019 Y\u0131ld\u0131z Hitabet yar\u0131\u015fmac\u0131lar\u0131 sunum ve hitabet teknikleriyle ilgili bir\u00e7ok sunum dinlerken, yar\u0131\u015fmaya haz\u0131rl\u0131k noktas\u0131nda dikkat edilecek hususlarla alakal\u0131 gen\u00e7lere ip ucu verildi.<\/span><\/p>\n","protected":false},"excerpt":{"rendered":"<p>\u0130slam Toplumu Mill\u00ee G\u00f6r\u00fc\u015f (IGMG) Gen\u00e7lik Te\u015fkilat\u0131 Orta\u00f6\u011fretim Ba\u015fkanl\u0131\u011f\u0131 26-27 Ekim tarihleri aras\u0131nda bir dizi program ger\u00e7ekle\u015ftirdi. \u0130slam Toplumu Mill\u00ee G\u00f6r\u00fc\u015f (IGMG) Gen\u00e7lik Te\u015fkilat\u0131 Orta\u00f6\u011fretim Ba\u015fkanl\u0131\u011f\u0131\u2019n\u0131n d\u00fczenlemi\u015f oldu\u011fu bir dizi program IGMG Genel Merkez binas\u0131nda ger\u00e7ekle\u015ftirildi. Abi-Karde\u015f Sorumlular\u0131 Toplant\u0131s\u0131, Y\u0131ld\u0131z Gen\u00e7lik M\u00fcd\u00fcrleri Toplant\u0131s\u0131, Abiler E\u011fitim ve Y\u0131ld\u0131z Hitabet Yar\u0131\u015fmas\u0131 Haz\u0131rl\u0131k Semineri programlar\u0131na Avrupa\u2019n\u0131n farkl\u0131 b\u00f6lgelerinden [&hellip;]<\/p>\n","protected":false},"author":1,"featured_media":38113,"comment_status":"open","ping_status":"open","sticky":false,"template":"","format":"standard","meta":{"ngg_post_thumbnail":0},"categories":[23259],"tags":[],"_links":{"self":[{"href":"https:\/\/www.igmg.org\/tr\/wp-json\/wp\/v2\/posts\/38112"}],"collection":[{"href":"https:\/\/www.igmg.org\/tr\/wp-json\/wp\/v2\/posts"}],"about":[{"href":"https:\/\/www.igmg.org\/tr\/wp-json\/wp\/v2\/types\/post"}],"author":[{"embeddable":true,"href":"https:\/\/www.igmg.org\/tr\/wp-json\/wp\/v2\/users\/1"}],"replies":[{"embeddable":true,"href":"https:\/\/www.igmg.org\/tr\/wp-json\/wp\/v2\/comments?post=38112"}],"version-history":[{"count":2,"href":"https:\/\/www.igmg.org\/tr\/wp-json\/wp\/v2\/posts\/38112\/revisions"}],"predecessor-version":[{"id":38116,"href":"https:\/\/www.igmg.org\/tr\/wp-json\/wp\/v2\/posts\/38112\/revisions\/38116"}],"wp:featuredmedia":[{"embeddable":true,"href":"https:\/\/www.igmg.org\/tr\/wp-json\/wp\/v2\/media\/38113"}],"wp:attachment":[{"href":"https:\/\/www.igmg.org\/tr\/wp-json\/wp\/v2\/media?parent=38112"}],"wp:term":[{"taxonomy":"category","embeddable":true,"href":"https:\/\/www.igmg.org\/tr\/wp-json\/wp\/v2\/categories?post=38112"},{"taxonomy":"post_tag","embeddable":true,"href":"https:\/\/www.igmg.org\/tr\/wp-json\/wp\/v2\/tags?post=38112"}],"curies":[{"name":"wp","href":"https:\/\/api.w.org\/{rel}","templated":true}]}}