{"id":38311,"date":"2019-12-17T14:11:22","date_gmt":"2019-12-17T13:11:22","guid":{"rendered":"https:\/\/www.igmg.org\/?p=38311"},"modified":"2019-12-17T14:11:22","modified_gmt":"2019-12-17T13:11:22","slug":"resmi-dairelerdeki-asiri-sagin-arastirilmasini-memnuniyetle-karsiliyoruz","status":"publish","type":"post","link":"https:\/\/www.igmg.org\/tr\/resmi-dairelerdeki-asiri-sagin-arastirilmasini-memnuniyetle-karsiliyoruz\/","title":{"rendered":"Resm\u00ee dairelerdeki a\u015f\u0131r\u0131 sa\u011f\u0131n ara\u015ft\u0131r\u0131lmas\u0131n\u0131 memnuniyetle kar\u015f\u0131l\u0131yoruz"},"content":{"rendered":"<p><strong>\u0130slam Toplumu Mill\u00ee G\u00f6r\u00fc\u015f (IGMG) Genel Sekreteri Bekir Alta\u015f, kamusal hizmetlerdeki a\u015f\u0131r\u0131 sa\u011f\u0131 ara\u015ft\u0131rmaya y\u00f6nelik bir merkezin kurulmas\u0131 m\u00fcnasebetiyle bir a\u00e7\u0131klama yapt\u0131. \u201cResm\u00ee dairelerdeki a\u015f\u0131r\u0131 sa\u011fc\u0131l\u0131k vakalar\u0131 art\u0131yor. Bu problemi ciddiyetle ele alman\u0131n tam s\u0131ras\u0131.\u201d diyen Alta\u015f s\u00f6zlerini \u015f\u00f6yle s\u00fcrd\u00fcrd\u00fc:<\/strong><\/p>\n<p>\u201cFederal \u0130\u00e7i\u015fleri Bakan\u0131 Horst Seehofer\u2019in resm\u00ee dairelerdeki a\u015f\u0131r\u0131 sa\u011fc\u0131lara y\u00f6nelik bir ara\u015ft\u0131rma merkezi kurma plan\u0131n\u0131 memnuniyetle kar\u015f\u0131l\u0131yoruz. Bu asl\u0131nda ge\u00e7 kal\u0131nm\u0131\u015f bir ad\u0131m. Resm\u00ee dairelerde bug\u00fcne kadar ortaya \u00e7\u0131km\u0131\u015f olan a\u015f\u0131r\u0131 sa\u011fc\u0131 tutumlar sebebiyle bu dairelere kar\u015f\u0131 g\u00fcven olduk\u00e7a zedelenmi\u015f durumda. Halktaki endi\u015feleri tetikleyen, yaln\u0131zca g\u00fcvenlik birimleri b\u00fcnyesinde meydana gelen skandallar de\u011fil.<\/p>\n<p>\u0130nsanlar, g\u00fcnl\u00fck i\u015flemlerini takip ettikleri belediye daireleri, yabanc\u0131lar dairesi gibi yerlerde ya\u015fad\u0131klar\u0131 ayr\u0131mc\u0131l\u0131k ve kas\u0131tl\u0131 g\u00fc\u00e7l\u00fck \u00e7\u0131karma tutumlar\u0131yla her ge\u00e7en g\u00fcn daha fazla kar\u015f\u0131la\u015f\u0131yorlar. M\u00fcsl\u00fcmanlara kar\u015f\u0131 a\u015fa\u011f\u0131lay\u0131c\u0131 ve \u0130slam d\u00fc\u015fman\u0131 ifadelerde b\u00fcy\u00fck bir art\u0131\u015f s\u00f6z konusu. \u0130nsanlar a\u015f\u0131r\u0131 sa\u011fc\u0131 zihniyetlerini art\u0131k \u00e7ok daha pervas\u0131zca ilan edebiliyor. Son y\u0131llarda bu anlamda e\u015fik iyice d\u00fc\u015fm\u00fc\u015f durumda.<\/p>\n<p>Federal H\u00fck\u00fbmet; a\u015f\u0131r\u0131 sa\u011f\u0131n, \u0130slam d\u00fc\u015fmanl\u0131\u011f\u0131n\u0131n, antisemitizmin ve her \u00e7e\u015fit \u0131rk\u00e7\u0131l\u0131\u011f\u0131n toplumumuzda hi\u00e7bir yerinin olmad\u0131\u011f\u0131na dair art\u0131k net bir mesaj vermelidir.<\/p>\n<p>Resm\u00ee dairelerdeki a\u015f\u0131r\u0131 sa\u011fc\u0131 tutumlara y\u00f6nelik kal\u0131c\u0131 ve tutarl\u0131 bir tav\u0131r bekliyoruz. \u0130lan edilen plan\u0131n uygulan\u0131\u015f s\u00fcrecini titizlikle takip edece\u011fiz. A\u015f\u0131r\u0131 sa\u011f ile ger\u00e7ekten m\u00fccadele etme arzusu olmaks\u0131z\u0131n, hi\u00e7bir etkisi olmayacak \u015fekilde hareket etmek b\u00fcy\u00fck bir hayal k\u0131r\u0131kl\u0131\u011f\u0131na yol a\u00e7ar. Bundan dolay\u0131, \u0130\u00e7i\u015fleri Bakan\u0131 Horst Seehofer\u2019e plan\u0131 uygulamada ve bilhassa bu ara\u015ft\u0131rmalarda istihdam edilecek ki\u015filerin tespitinde ba\u015far\u0131lar diliyoruz.\u201d<\/p>\n","protected":false},"excerpt":{"rendered":"<p>\u0130slam Toplumu Mill\u00ee G\u00f6r\u00fc\u015f (IGMG) Genel Sekreteri Bekir Alta\u015f, kamusal hizmetlerdeki a\u015f\u0131r\u0131 sa\u011f\u0131 ara\u015ft\u0131rmaya y\u00f6nelik bir merkezin kurulmas\u0131 m\u00fcnasebetiyle bir a\u00e7\u0131klama yapt\u0131. \u201cResm\u00ee dairelerdeki a\u015f\u0131r\u0131 sa\u011fc\u0131l\u0131k vakalar\u0131 art\u0131yor. Bu problemi ciddiyetle ele alman\u0131n tam s\u0131ras\u0131.\u201d diyen Alta\u015f s\u00f6zlerini \u015f\u00f6yle s\u00fcrd\u00fcrd\u00fc:<\/p>\n","protected":false},"author":1,"featured_media":32515,"comment_status":"open","ping_status":"open","sticky":false,"template":"","format":"standard","meta":{"ngg_post_thumbnail":0},"categories":[23244,23262],"tags":[24469,24324,24679,24326],"_links":{"self":[{"href":"https:\/\/www.igmg.org\/tr\/wp-json\/wp\/v2\/posts\/38311"}],"collection":[{"href":"https:\/\/www.igmg.org\/tr\/wp-json\/wp\/v2\/posts"}],"about":[{"href":"https:\/\/www.igmg.org\/tr\/wp-json\/wp\/v2\/types\/post"}],"author":[{"embeddable":true,"href":"https:\/\/www.igmg.org\/tr\/wp-json\/wp\/v2\/users\/1"}],"replies":[{"embeddable":true,"href":"https:\/\/www.igmg.org\/tr\/wp-json\/wp\/v2\/comments?post=38311"}],"version-history":[{"count":1,"href":"https:\/\/www.igmg.org\/tr\/wp-json\/wp\/v2\/posts\/38311\/revisions"}],"predecessor-version":[{"id":38312,"href":"https:\/\/www.igmg.org\/tr\/wp-json\/wp\/v2\/posts\/38311\/revisions\/38312"}],"wp:featuredmedia":[{"embeddable":true,"href":"https:\/\/www.igmg.org\/tr\/wp-json\/wp\/v2\/media\/32515"}],"wp:attachment":[{"href":"https:\/\/www.igmg.org\/tr\/wp-json\/wp\/v2\/media?parent=38311"}],"wp:term":[{"taxonomy":"category","embeddable":true,"href":"https:\/\/www.igmg.org\/tr\/wp-json\/wp\/v2\/categories?post=38311"},{"taxonomy":"post_tag","embeddable":true,"href":"https:\/\/www.igmg.org\/tr\/wp-json\/wp\/v2\/tags?post=38311"}],"curies":[{"name":"wp","href":"https:\/\/api.w.org\/{rel}","templated":true}]}}