{"id":38539,"date":"2020-02-18T14:38:53","date_gmt":"2020-02-18T13:38:53","guid":{"rendered":"https:\/\/www.igmg.org\/?p=38539"},"modified":"2020-02-18T14:38:53","modified_gmt":"2020-02-18T13:38:53","slug":"hagendeki-camimizi-kundaklayan-faile-hapis-cezasi","status":"publish","type":"post","link":"https:\/\/www.igmg.org\/tr\/hagendeki-camimizi-kundaklayan-faile-hapis-cezasi\/","title":{"rendered":"Hagen\u2019deki camimizi kundaklayan faile hapis cezas\u0131"},"content":{"rendered":"<p><strong>\u0130slam Toplumu Mill\u00ee G\u00f6r\u00fc\u015f Genel Sekreteri Bekir Alta\u015f Hagen\u2019de IGMG\u2019ye ba\u011fl\u0131 Ulu Cami\u2019yi kundaklayan failin hapis cezas\u0131na mahk\u00fbm edilmesi m\u00fcnasebetiyle bir a\u00e7\u0131klama yapt\u0131. 53 ya\u015f\u0131ndaki fail ge\u00e7ti\u011fimiz y\u0131l\u0131n may\u0131s ay\u0131nda cami giri\u015findeki \u00e7\u00f6p konteynerlerini ate\u015fe vermi\u015f, \u015fans eseri can kayb\u0131 ya\u015fanmam\u0131\u015f ancak cami binas\u0131 hasar g\u00f6rm\u00fc\u015ft\u00fc. A\u011f\u0131r Ceza Mahkemesi faili 3 y\u0131l 6 ay hapis cezas\u0131na \u00e7arpt\u0131rd\u0131. \u201cFailin mahk\u00fbm edilmesini memnuniyetle kar\u015f\u0131l\u0131yoruz. Bu sonu\u00e7, M\u00fcsl\u00fcmanlara y\u00f6nelik sald\u0131r\u0131lar\u0131n ayd\u0131nl\u0131\u011fa kavu\u015fturulmas\u0131ndaki d\u00fc\u015f\u00fck ba\u015far\u0131 y\u00fczdesi sebebiyle bir istisna te\u015fkil ediyor.\u201d diyen Alta\u015f s\u00f6zlerini \u015f\u00f6yle s\u00fcrd\u00fcrd\u00fc:<\/strong><\/p>\n<p>\u201cCamimizi kundaklayan failin mahk\u00fbm edilmesini memnuniyetle kar\u015f\u0131l\u0131yoruz. M\u00fcsl\u00fcmanlara ve \u0130slami kurulu\u015flara y\u00f6nelik sald\u0131r\u0131larda bulunan kimselerin soru\u015fturmaya tabi tutularak bunlara cezai m\u00fceyyide uygulanmas\u0131 maalesef istisnai bir durum. Bir\u00e7ok vakada dosyalar sonu\u00e7suz kalarak kapat\u0131l\u0131yor, faillerse yapt\u0131klar\u0131n\u0131n cezas\u0131n\u0131 \u00e7ekmeden hayatlar\u0131na devam ediyorlar.<\/p>\n<p>\u0130slam d\u00fc\u015fmanl\u0131\u011f\u0131 motivasyonuyla i\u015flenen sald\u0131r\u0131lar\u0131n ayd\u0131nlat\u0131lmas\u0131ndaki ba\u015far\u0131 oran\u0131 ge\u00e7mi\u015fte oldu\u011fu gibi bug\u00fcn de \u00e7ok d\u00fc\u015f\u00fck seviyede. \u0130\u015fte tam da bu sebeple sald\u0131r\u0131lar\u0131n ma\u011fdurlar\u0131, nas\u0131l olsa bir sonu\u00e7 \u00e7\u0131kmayacak d\u00fc\u015f\u00fcncesiyle genellikle su\u00e7 duyurusunda bulunmuyorlar. Ayr\u0131ca failler yakalanm\u0131\u015f olsalar dahi eylemlerinin arkas\u0131ndaki \u0130slam d\u00fc\u015fman\u0131 motivasyon tespit edilemiyor. Yani ma\u011fdurlar yaln\u0131zla\u015ft\u0131r\u0131l\u0131yor, failler ise vakadan ya \u00e7ok hafif cezalarla ya da g\u00fc\u00e7lenerek s\u0131yr\u0131l\u0131yorlar.\u201d<\/p>\n","protected":false},"excerpt":{"rendered":"<p>\u0130slam Toplumu Mill\u00ee G\u00f6r\u00fc\u015f Genel Sekreteri Bekir Alta\u015f Hagen\u2019de IGMG\u2019ye ba\u011fl\u0131 Ulu Cami\u2019yi kundaklayan failin hapis cezas\u0131na mahk\u00fbm edilmesi m\u00fcnasebetiyle bir a\u00e7\u0131klama yapt\u0131. 53 ya\u015f\u0131ndaki fail ge\u00e7ti\u011fimiz y\u0131l\u0131n may\u0131s ay\u0131nda cami giri\u015findeki \u00e7\u00f6p konteynerlerini ate\u015fe vermi\u015f, \u015fans eseri can kayb\u0131 ya\u015fanmam\u0131\u015f ancak cami binas\u0131 hasar g\u00f6rm\u00fc\u015ft\u00fc. A\u011f\u0131r Ceza Mahkemesi faili 3 y\u0131l 6 ay hapis cezas\u0131na \u00e7arpt\u0131rd\u0131. \u201cFailin mahk\u00fbm edilmesini memnuniyetle kar\u015f\u0131l\u0131yoruz. Bu sonu\u00e7, M\u00fcsl\u00fcmanlara y\u00f6nelik sald\u0131r\u0131lar\u0131n ayd\u0131nl\u0131\u011fa kavu\u015fturulmas\u0131ndaki d\u00fc\u015f\u00fck ba\u015far\u0131 y\u00fczdesi sebebiyle bir istisna te\u015fkil ediyor.\u201d diyen Alta\u015f s\u00f6zlerini \u015f\u00f6yle s\u00fcrd\u00fcrd\u00fc:<\/p>\n","protected":false},"author":1,"featured_media":32515,"comment_status":"open","ping_status":"open","sticky":false,"template":"","format":"standard","meta":{"ngg_post_thumbnail":0},"categories":[23244,23262],"tags":[24324,24679,24326],"_links":{"self":[{"href":"https:\/\/www.igmg.org\/tr\/wp-json\/wp\/v2\/posts\/38539"}],"collection":[{"href":"https:\/\/www.igmg.org\/tr\/wp-json\/wp\/v2\/posts"}],"about":[{"href":"https:\/\/www.igmg.org\/tr\/wp-json\/wp\/v2\/types\/post"}],"author":[{"embeddable":true,"href":"https:\/\/www.igmg.org\/tr\/wp-json\/wp\/v2\/users\/1"}],"replies":[{"embeddable":true,"href":"https:\/\/www.igmg.org\/tr\/wp-json\/wp\/v2\/comments?post=38539"}],"version-history":[{"count":1,"href":"https:\/\/www.igmg.org\/tr\/wp-json\/wp\/v2\/posts\/38539\/revisions"}],"predecessor-version":[{"id":38540,"href":"https:\/\/www.igmg.org\/tr\/wp-json\/wp\/v2\/posts\/38539\/revisions\/38540"}],"wp:featuredmedia":[{"embeddable":true,"href":"https:\/\/www.igmg.org\/tr\/wp-json\/wp\/v2\/media\/32515"}],"wp:attachment":[{"href":"https:\/\/www.igmg.org\/tr\/wp-json\/wp\/v2\/media?parent=38539"}],"wp:term":[{"taxonomy":"category","embeddable":true,"href":"https:\/\/www.igmg.org\/tr\/wp-json\/wp\/v2\/categories?post=38539"},{"taxonomy":"post_tag","embeddable":true,"href":"https:\/\/www.igmg.org\/tr\/wp-json\/wp\/v2\/tags?post=38539"}],"curies":[{"name":"wp","href":"https:\/\/api.w.org\/{rel}","templated":true}]}}