{"id":38672,"date":"2020-03-18T14:46:21","date_gmt":"2020-03-18T13:46:21","guid":{"rendered":"https:\/\/www.igmg.org\/?p=38672"},"modified":"2020-04-22T18:16:45","modified_gmt":"2020-04-22T16:16:45","slug":"koronavirues-igmg-yaslilar-ve-diger-risk-grubunda-bulunanlara-yoenelik-proje-baslatiyor","status":"publish","type":"post","link":"https:\/\/www.igmg.org\/tr\/koronavirues-igmg-yaslilar-ve-diger-risk-grubunda-bulunanlara-yoenelik-proje-baslatiyor\/","title":{"rendered":"Koronavir\u00fcs \u2013 IGMG ya\u015fl\u0131lar ve di\u011fer risk grubunda bulunanlara y\u00f6nelik proje ba\u015flat\u0131yor"},"content":{"rendered":"<p><strong>\u0130slam Toplumu Mill\u00ee G\u00f6r\u00fc\u015f (IGMG) koronavir\u00fcs\u00fcn daha fazla yay\u0131lmas\u0131n\u0131n \u00f6nlenmesine katk\u0131 sa\u011flamak ve risk gruplar\u0131nda yer alan insanlara yard\u0131mc\u0131 olmak maksad\u0131yla, \u0130slami manevi rehberlik ve sosyal hizmet derne\u011fi Fudul ile ortakla\u015fa bir proje ba\u015flat\u0131yor. Bu ba\u011flamda gen\u00e7lerin ya\u015fl\u0131lara ve risk grubunda yer alan di\u011fer kimselere g\u00fcnl\u00fck ya\u015famlar\u0131nda yard\u0131mc\u0131 olmalar\u0131 \u00f6ng\u00f6r\u00fcl\u00fcyor. <\/strong><\/p>\n<p>Proje kapsam\u0131nda market al\u0131\u015fveri\u015fleri ve di\u011fer g\u00fcnl\u00fck ihtiya\u00e7lara yard\u0131mc\u0131 olunacak. Gen\u00e7ler ayr\u0131ca \u00e7\u00f6plerin \u00e7\u0131kar\u0131lmas\u0131 gibi ihtiya\u00e7lar s\u00f6z konusu ise bunlar\u0131 da ger\u00e7ekle\u015ftirilecek. \u0130lk etapta camilerin kom\u015fu \u00e7evrelerinden ve tan\u0131d\u0131k \u00e7evrelerden ula\u015fan ihtiya\u00e7 telefonlar\u0131 dikkate al\u0131nacak. Projenin duyurusu \u00e7evredeki posta kutular\u0131na at\u0131lan el ilanlar\u0131 ve as\u0131lan afi\u015flerle yap\u0131lacak.<\/p>\n<p>IGMG Gen\u00e7lik Te\u015fkilat\u0131 Ba\u015fkan\u0131 \u00dcnal \u00dcnalan \u201c\u0130nsanlar\u0131n m\u00fcmk\u00fcn mertebe basit ve zahmetsiz \u015fekilde yard\u0131mlardan faydalanmalar\u0131na b\u00fcy\u00fck \u00f6nem veriyoruz.\u201d a\u00e7\u0131klamas\u0131nda bulunurken, projenin sadece M\u00fcsl\u00fcmanlara y\u00f6nelik olmad\u0131\u011f\u0131n\u0131 ve din\u00ee aidiyeti fark etmeksizin herkesi kapsad\u0131\u011f\u0131n\u0131 \u201cKom\u015fulara y\u00f6nelik bu proje kom\u015fu \u00e7evrede bulunan herkese y\u00f6neliktir.\u201d c\u00fcmleleriyle vurgulad\u0131.<\/p>\n<p>IGMG Kad\u0131nlar Gen\u00e7lik Te\u015fkilat\u0131 Ba\u015fkan\u0131 Meryem Saral ise \u015fu a\u00e7\u0131klamalarda bulundu: \u201cBu gibi istisnai s\u00fcre\u00e7lerde birbirimize kar\u015f\u0131l\u0131kl\u0131 olarak yard\u0131m etmeliyiz. Salg\u0131n bizleri derinden etkilese de neticede bu s\u00fcre\u00e7ten toplum olarak g\u00fc\u00e7lenmi\u015f bir \u015fekilde \u00e7\u0131kaca\u011f\u0131m\u0131za, toplumsal birliktelik g\u00f6sterilmesi gerekti\u011finde bu birlikteli\u011fi g\u00f6sterece\u011fimize inan\u0131yorum.\u201d<\/p>\n<p>Fudul Derne\u011fi Ba\u015fkan\u0131 Meryem \u00d6zmen-Yaylak ise bu gibi projelerin ba\u015fka olumlu etkilerinin de oldu\u011funa dikkat \u00e7ekti. Din pedagojisi alan\u0131nda e\u011fitim alm\u0131\u015f olan ve ya\u015fl\u0131lara y\u00f6nelik \u00e7al\u0131\u015fmalarda tecr\u00fcbeleri bulunan Meryem \u00d6zmen-Yaylak \u201cBu gibi projeler sayesinde gen\u00e7ler ya\u015fl\u0131lar\u0131n ihtiya\u00e7lar\u0131 konusunda daha hassasla\u015f\u0131yor ve sonu\u00e7 olarak nesiller birbirleriyle kayna\u015f\u0131yor.\u201d dedi.<\/p>\n<p>Proje IGMG\u2019nin b\u00f6lge ve \u015fube yap\u0131lanmalar\u0131yla koordineli bir \u015fekilde, IGMG\u2019nin faaliyet alan\u0131 i\u00e7erisinde yer alan ve ihtiyac\u0131n s\u00f6z konusu oldu\u011fu her \u00fclkede, \u00f6zellikle de Almanya, Fransa, Bel\u00e7ika ve Hollanda\u2019da ger\u00e7ekle\u015ftirilecek.<\/p>\n","protected":false},"excerpt":{"rendered":"<p>\u0130slam Toplumu Mill\u00ee G\u00f6r\u00fc\u015f (IGMG) koronavir\u00fcs\u00fcn daha fazla yay\u0131lmas\u0131n\u0131n \u00f6nlenmesine katk\u0131 sa\u011flamak ve risk gruplar\u0131nda yer alan insanlara yard\u0131mc\u0131 olmak maksad\u0131yla, \u0130slami manevi rehberlik ve sosyal hizmet derne\u011fi Fudul ile ortakla\u015fa bir proje ba\u015flat\u0131yor. Bu ba\u011flamda gen\u00e7lerin ya\u015fl\u0131lara ve risk grubunda yer alan di\u011fer kimselere g\u00fcnl\u00fck ya\u015famlar\u0131nda yard\u0131mc\u0131 olmalar\u0131 \u00f6ng\u00f6r\u00fcl\u00fcyor. Proje kapsam\u0131nda market al\u0131\u015fveri\u015fleri ve di\u011fer g\u00fcnl\u00fck ihtiya\u00e7lara yard\u0131mc\u0131 olunacak. Gen\u00e7ler ayr\u0131ca \u00e7\u00f6plerin \u00e7\u0131kar\u0131lmas\u0131 gibi ihtiya\u00e7lar s\u00f6z konusu ise bunlar\u0131 da ger\u00e7ekle\u015ftirilecek. \u0130lk etapta camilerin kom\u015fu \u00e7evrelerinden ve tan\u0131d\u0131k \u00e7evrelerden ula\u015fan ihtiya\u00e7 telefonlar\u0131 dikkate al\u0131nacak. Projenin duyurusu \u00e7evredeki posta kutular\u0131na at\u0131lan el ilanlar\u0131 ve as\u0131lan afi\u015flerle yap\u0131lacak.<\/p>\n","protected":false},"author":1,"featured_media":32515,"comment_status":"open","ping_status":"open","sticky":false,"template":"","format":"standard","meta":{"ngg_post_thumbnail":0},"categories":[23244,23259],"tags":[24324,24430,24434,24747,24404,24349],"_links":{"self":[{"href":"https:\/\/www.igmg.org\/tr\/wp-json\/wp\/v2\/posts\/38672"}],"collection":[{"href":"https:\/\/www.igmg.org\/tr\/wp-json\/wp\/v2\/posts"}],"about":[{"href":"https:\/\/www.igmg.org\/tr\/wp-json\/wp\/v2\/types\/post"}],"author":[{"embeddable":true,"href":"https:\/\/www.igmg.org\/tr\/wp-json\/wp\/v2\/users\/1"}],"replies":[{"embeddable":true,"href":"https:\/\/www.igmg.org\/tr\/wp-json\/wp\/v2\/comments?post=38672"}],"version-history":[{"count":2,"href":"https:\/\/www.igmg.org\/tr\/wp-json\/wp\/v2\/posts\/38672\/revisions"}],"predecessor-version":[{"id":38674,"href":"https:\/\/www.igmg.org\/tr\/wp-json\/wp\/v2\/posts\/38672\/revisions\/38674"}],"wp:featuredmedia":[{"embeddable":true,"href":"https:\/\/www.igmg.org\/tr\/wp-json\/wp\/v2\/media\/32515"}],"wp:attachment":[{"href":"https:\/\/www.igmg.org\/tr\/wp-json\/wp\/v2\/media?parent=38672"}],"wp:term":[{"taxonomy":"category","embeddable":true,"href":"https:\/\/www.igmg.org\/tr\/wp-json\/wp\/v2\/categories?post=38672"},{"taxonomy":"post_tag","embeddable":true,"href":"https:\/\/www.igmg.org\/tr\/wp-json\/wp\/v2\/tags?post=38672"}],"curies":[{"name":"wp","href":"https:\/\/api.w.org\/{rel}","templated":true}]}}