{"id":39140,"date":"2020-10-01T10:42:38","date_gmt":"2020-10-01T08:42:38","guid":{"rendered":"https:\/\/www.igmg.org\/?p=39140"},"modified":"2020-10-05T16:59:34","modified_gmt":"2020-10-05T14:59:34","slug":"acik-cami-guenue-zor-zamanlarda-dini-yasam","status":"publish","type":"post","link":"https:\/\/www.igmg.org\/tr\/acik-cami-guenue-zor-zamanlarda-dini-yasam\/","title":{"rendered":"A\u00e7\u0131k Cami G\u00fcn\u00fc \u2013 Zor Zamanlarda Din\u00ee Ya\u015fam"},"content":{"rendered":"<p><strong>\u0130slam Toplumu Mill\u00ee G\u00f6r\u00fc\u015f (IGMG) Kurumsal \u0130leti\u015fim Ba\u015fkan\u0131 Osman Yusuf 3 Ekim tarihinde Almanya genelinde ger\u00e7ekle\u015ftirilecek olan A\u00e7\u0131k Cami G\u00fcn\u00fc m\u00fcnasebetiyle bir a\u00e7\u0131klama yapt\u0131. Yusuf, \u201cSosyal mesafe, maske, dezenfektan. Bunlar i\u00e7erisinde bulundu\u011fumuz bu s\u00fcre\u00e7te camilerin de vazge\u00e7ilmez par\u00e7as\u0131. Pandemi d\u00f6nemindeki cami hayat\u0131n\u0131n nas\u0131l oldu\u011funu merak ediyorsan\u0131z, A\u00e7\u0131k Cami G\u00fcn\u00fc\u2019nde sorular\u0131n\u0131za yan\u0131t bulabilirsiniz.\u201d dedi.<\/strong><\/p>\n<p>Bu y\u0131l ger\u00e7ekle\u015fecek olan A\u00e7\u0131k Cami G\u00fcn\u00fc\u2019n\u00fcn i\u00e7eri\u011finde koronavir\u00fcs pandemisi belirleyici oldu. Almanya genelinde y\u00fczlerce cami cemiyeti bu y\u0131l da tan\u0131\u015f olmak \u00fczere ziyaret\u00e7ilerini davet ediyor. Bu y\u0131l \u201cZor Zamanlarda Din\u00ee Ya\u015fam\u201d mottosu ile ger\u00e7ekle\u015fecek olan etkinlikte koronavir\u00fcs tedbirleri e\u015fli\u011finde sunumlar ve bilgilendirme toplant\u0131lar\u0131 yap\u0131lacak.<\/p>\n<p>Osman Yusuf: \u201cHepimiz i\u00e7in zor olan bu s\u00fcre\u00e7te birlikteli\u011fimizin zedelenmemesine \u00e7ok b\u00fcy\u00fck \u00f6nem veriyoruz. Kar\u015f\u0131l\u0131kl\u0131 g\u00f6r\u00fc\u015f al\u0131\u015fveri\u015finde bulunmak, endi\u015fe ve korkular hakk\u0131nda konu\u015fmak, birbirimize destek olarak g\u00fc\u00e7 ve cesaret depolamak hepimizin temel ihtiyac\u0131. Nitekim \u0130slam dininde de iyi kom\u015fuluk ili\u015fkilerine sahip olmaya \u00e7ok b\u00fcy\u00fck \u00f6nem verilmi\u015ftir. \u0130leti\u015fim ve yard\u0131mla\u015fman\u0131n \u00f6nemi bilhassa bu d\u00f6nemde \u00e7ok daha belirgin h\u00e2le geldi.\u201d<\/p>\n<p>M\u00fcsl\u00fcmanlar Koordinasyon Konseyi (KRM) Covid-19 riskini m\u00fcmk\u00fcn olan en asgari d\u00fczeye indirme ad\u0131na yetkili mercilerle g\u00f6r\u00fc\u015ferek bir tedbir konsepti d\u00fczenlemi\u015fti. Bu konsept A\u00e7\u0131k Cami G\u00fcn\u00fc\u2019nde de ge\u00e7erli olacak. Ziyaret\u00e7ilere bu kurallara uymalar\u0131 telkin edilecek.<\/p>\n<p>IGMG Kurumsal \u0130leti\u015fim Ba\u015fkan\u0131 Osman Yusuf: \u201c\u0130nsanlar zor zamanlarda inan\u00e7lar\u0131 sayesinde g\u00fc\u00e7l\u00fc ve g\u00fcvende hissederler. \u0130\u00e7erisinde bulundu\u011fumuz pandemi s\u00fcreci i\u00e7in de ayn\u0131 durum ge\u00e7erlidir. M\u00fcsl\u00fcman perspektifinden bakt\u0131\u011f\u0131m\u0131zda bu pandemiyi bir imtihan ve ayn\u0131 zamanda bir f\u0131rsat olarak g\u00f6r\u00fcyoruz. Zira bu pandemi; dini, dili, etnik k\u00f6keni, sosyal stat\u00fcs\u00fc ne olursa olsun, toplumumuzda yer alan herkesi etkilemi\u015f durumda. Bu ba\u011flamda bu krizin \u2018biz\u2019 duygusunu te\u015fvik edici, birle\u015ftirici bir taraf\u0131 oldu\u011funu s\u00f6ylemek de m\u00fcmk\u00fcn. \u0130\u015fte bu y\u0131lki A\u00e7\u0131k Cami G\u00fcn\u00fc\u2019nde bunu daha da g\u00fc\u00e7lendirmek istiyoruz.\u201d<\/p>\n<p>Koronavir\u00fcs pandemisine ra\u011fmen IGMG bu y\u0131l yakla\u015f\u0131k 70 camisi ile birlikte A\u00e7\u0131k Cami G\u00fcn\u00fc\u2019ne kat\u0131lacak. Bundan \u00f6nceki y\u0131llarda bu say\u0131n\u0131n iki kat\u0131ndan fazla cami ile kat\u0131l\u0131m sa\u011flan\u0131yordu. <a href=\"https:\/\/tom.igmg.org\/moscheeliste.php\">A\u00e7\u0131k Cami G\u00fcn\u00fc\u2019ne kat\u0131lacak IGMG camilerinin listesine<\/a> internet \u00fczerinden eri\u015fmek m\u00fcmk\u00fcn. Daha detayl\u0131 bilgilere, bro\u015f\u00fcrlere, afi\u015flere ve rehber kitap\u00e7\u0131klara <a href=\"http:\/\/tom.igmg.org\/i\">http:\/\/tom.igmg.org\/<\/a> web adresi \u00fczerinden eri\u015filebiliyor. Bu y\u0131lki A\u00e7\u0131k Cami G\u00fcn\u00fc bro\u015f\u00fcr\u00fcnde ayr\u0131ca pandemi s\u00fcrecine dair \u00f6zel bilgiler de yer al\u0131yor.<\/p>\n<p><em>A\u00e7\u0131k Cami G\u00fcn\u00fc Almanya genelinde ilk olarak 1997 y\u0131l\u0131nda ger\u00e7ekle\u015fti. 2007 y\u0131l\u0131nda M\u00fcsl\u00fcmanlar Koordinasyon Konseyi (KRM) toplumsal birliktelik ve tan\u0131\u015fmay\u0131 hedef alan bu organizasyonun idaresini \u00fcstlendi. Her y\u0131l yakla\u015f\u0131k olarak 100.000 ziyaret\u00e7i Almanya genelindeki yakla\u015f\u0131k 1.000 camiyi bu ba\u011flamda ziyaret ediyor.<\/em><\/p>\n<p><strong>\u0130rtibat:<\/strong><\/p>\n<p>Ali Mete, A\u00e7\u0131k Cami G\u00fcn\u00fc Koordinat\u00f6r\u00fc<br \/>\nColonia-Allee 3<br \/>\nD-51067 K\u00f6ln<br \/>\namete@igmg.org<br \/>\nT +49 221 942240-260<br \/>\nF +49 221 942240-201<\/p>\n","protected":false},"excerpt":{"rendered":"<p>\u0130slam Toplumu Mill\u00ee G\u00f6r\u00fc\u015f (IGMG) Kurumsal \u0130leti\u015fim Ba\u015fkan\u0131 Osman Yusuf 3 Ekim tarihinde Almanya genelinde ger\u00e7ekle\u015ftirilecek olan A\u00e7\u0131k Cami G\u00fcn\u00fc m\u00fcnasebetiyle bir a\u00e7\u0131klama yapt\u0131. Yusuf, \u201cSosyal mesafe, maske, dezenfektan. Bunlar i\u00e7erisinde bulundu\u011fumuz bu s\u00fcre\u00e7te camilerin de vazge\u00e7ilmez par\u00e7as\u0131. Pandemi d\u00f6nemindeki cami hayat\u0131n\u0131n nas\u0131l oldu\u011funu merak ediyorsan\u0131z, A\u00e7\u0131k Cami G\u00fcn\u00fc\u2019nde sorular\u0131n\u0131za yan\u0131t bulabilirsiniz.\u201d dedi.<\/p>\n","protected":false},"author":1,"featured_media":32515,"comment_status":"open","ping_status":"open","sticky":false,"template":"","format":"standard","meta":{"ngg_post_thumbnail":0},"categories":[23244,24684],"tags":[24445,24324,24363,24424],"_links":{"self":[{"href":"https:\/\/www.igmg.org\/tr\/wp-json\/wp\/v2\/posts\/39140"}],"collection":[{"href":"https:\/\/www.igmg.org\/tr\/wp-json\/wp\/v2\/posts"}],"about":[{"href":"https:\/\/www.igmg.org\/tr\/wp-json\/wp\/v2\/types\/post"}],"author":[{"embeddable":true,"href":"https:\/\/www.igmg.org\/tr\/wp-json\/wp\/v2\/users\/1"}],"replies":[{"embeddable":true,"href":"https:\/\/www.igmg.org\/tr\/wp-json\/wp\/v2\/comments?post=39140"}],"version-history":[{"count":2,"href":"https:\/\/www.igmg.org\/tr\/wp-json\/wp\/v2\/posts\/39140\/revisions"}],"predecessor-version":[{"id":39152,"href":"https:\/\/www.igmg.org\/tr\/wp-json\/wp\/v2\/posts\/39140\/revisions\/39152"}],"wp:featuredmedia":[{"embeddable":true,"href":"https:\/\/www.igmg.org\/tr\/wp-json\/wp\/v2\/media\/32515"}],"wp:attachment":[{"href":"https:\/\/www.igmg.org\/tr\/wp-json\/wp\/v2\/media?parent=39140"}],"wp:term":[{"taxonomy":"category","embeddable":true,"href":"https:\/\/www.igmg.org\/tr\/wp-json\/wp\/v2\/categories?post=39140"},{"taxonomy":"post_tag","embeddable":true,"href":"https:\/\/www.igmg.org\/tr\/wp-json\/wp\/v2\/tags?post=39140"}],"curies":[{"name":"wp","href":"https:\/\/api.w.org\/{rel}","templated":true}]}}