{"id":39203,"date":"2020-10-15T15:38:42","date_gmt":"2020-10-15T13:38:42","guid":{"rendered":"https:\/\/www.igmg.org\/?p=39203"},"modified":"2020-10-09T15:41:42","modified_gmt":"2020-10-09T13:41:42","slug":"kadinlar-teskilati-kuran-i-kerim-tilavet-yarismasinda-finalistler-belli-oldu","status":"publish","type":"post","link":"https:\/\/www.igmg.org\/tr\/kadinlar-teskilati-kuran-i-kerim-tilavet-yarismasinda-finalistler-belli-oldu\/","title":{"rendered":"Kad\u0131nlar Te\u015fkilat\u0131 Kur\u2019\u00e2n-\u0131 Ker\u00eem Tilavet Yar\u0131\u015fmas\u0131\u2019nda Finalistler Belli Oldu"},"content":{"rendered":"<div class=\"et_pb_row et_pb_row_0_tb_body\">\n<div class=\"et_pb_column et_pb_column_4_4 et_pb_column_0_tb_body et_pb_css_mix_blend_mode_passthrough et-last-child\">\n<div id=\"post-excerpt\" class=\"et_pb_module et_pb_text et_pb_text_3_tb_body et_pb_text_align_left et_pb_bg_layout_light\">\n<h2 class=\"et_pb_text_inner\">\u0130slam Toplumu Mill\u00ee G\u00f6r\u00fc\u015f (IGMG) Kad\u0131nlar Te\u015fkilat\u0131 taraf\u0131ndan d\u00fczenlenen 17. Kur\u2019\u00e2n-\u0131 Ker\u00eem Tilavet Yar\u0131\u015fmas\u0131\u2019n\u0131n finalistleri belli oldu.<\/h2>\n<\/div>\n<\/div>\n<\/div>\n<div class=\"et_pb_row et_pb_row_1_tb_body\">\n<div class=\"et_pb_column et_pb_column_4_4 et_pb_column_1_tb_body et_pb_css_mix_blend_mode_passthrough et-last-child\">\n<div class=\"et_pb_module et_pb_text et_pb_text_5_tb_body et_pb_text_align_left et_pb_bg_layout_light\">\n<p>\u0130slam Toplumu Mill\u00ee G\u00f6r\u00fc\u015f (IGMG) Kad\u0131nlar Te\u015fkilat\u0131 \u0130r\u015fad Ba\u015fkanl\u0131\u011f\u0131 taraf\u0131ndan organize edilen<a href=\"https:\/\/camiahaber.com\/2020\/02\/21\/16-kuran-i-kerim-tilavet-yarismasinda-buyuk-cosku\/\" target=\"_blank\" rel=\"noopener noreferrer\">&nbsp;17. Kur\u2019\u00e2n-\u0131 Ker\u00eem Tilavet Yar\u0131\u015fmas\u0131\u2019<\/a>n\u0131n finalist isimleri belli oldu. Kat\u0131l\u0131mc\u0131 gen\u00e7 k\u0131zlar bu y\u0131l i\u00e7erisinde \u00f6nce \u015fubelerinde daha sonra da b\u00f6lgelerindeki yar\u0131\u015fmalar\u0131 kazanarak, b\u00f6lgeler aras\u0131 ger\u00e7ekle\u015fen yar\u0131 finale kat\u0131lmaya hak kazand\u0131lar. 29 b\u00f6lgenin kat\u0131l\u0131m\u0131yla ger\u00e7ekle\u015fen b\u00f6lgeler aras\u0131 finallere d\u00f6rt farkl\u0131 b\u00f6lge ev sahipli\u011fi yapt\u0131. 10-13 ve 14-18 olmak \u00fczere iki ayr\u0131 ya\u015f grubunda d\u00fczenlenen yar\u0131\u015fman\u0131n haz\u0131rl\u0131klar\u0131 ve yar\u0131 final elemeleri t\u00fcm d\u00fcnyay\u0131 etkisi alt\u0131na alan Koronavir\u00fcs (Kovid-19) salg\u0131n\u0131na ra\u011fmen aksamadan ger\u00e7ekle\u015ftirildi.<\/p>\n<h2><strong>YARI F\u0130NAL ALMANYA VE HOLLANDA\u2019DA YAPILDI<\/strong><\/h2>\n<p>\u0130lk grupta yar\u0131\u015fan b\u00f6lgelerin elemeleri Rhein-Neckar-Saar B\u00f6lgesinde, ikinci grup elelmeleri G\u00fcney Bavyera\u2019da, \u00fc\u00e7\u00fcnc\u00fc grup Kuzey Hollanda ve d\u00f6rd\u00fcnc\u00fc grup elemeleri ise Kuzey Ruhr B\u00f6lgesi\u2019nde yap\u0131ld\u0131. Ev sahipli\u011fi yapan b\u00f6lgeler, elemelere koronavir\u00fcs (Kovid-19) salg\u0131n tedbirlerine uyularak b\u00fcy\u00fck bir titizlikle haz\u0131rland\u0131. K\u00fc\u00e7\u00fckler ve b\u00fcy\u00fckler olmak \u00fczere iki kategoride yap\u0131lan elemelerde finalistler \u015fu \u015fekilde belirlendi:<\/p>\n<p>14-18 Ya\u015f Grubu<br \/>\nEmira T\u00fczen (D\u00fcsseldorf B\u00f6lgesi)<br \/>\nY\u00fcsra Nur K\u0131l\u0131\u00e7 (Kuzey Hessen B\u00f6lgesi)<br \/>\nNida \u00c7al\u0131\u015fkan (Ruhr A B\u00f6lgesi)<br \/>\nEnise Z\u00fcmra Yavuz (Viyana B\u00f6lgesi)<br \/>\n10-13 Ya\u015f Grubu<br \/>\nRumeysa Batak (Bel\u00e7ika B\u00f6lgesi)<br \/>\nSedef Demirkaya (Kuzey Hessen B\u00f6lgesi)<br \/>\nS\u00fcmeyye Bi\u00e7ici (Kuzey Ruhr B\u00f6lgesi)<br \/>\nMedine Araz (Viyana B\u00f6lgesi)<\/p>\n<h2><strong>\u201cZOR ZAMANLARDA DA OLSAK, G\u00d6REV VE SORUMLULUKLARIMIZI AKSATMADAN YER\u0130NE GET\u0130RMEL\u0130Y\u0130Z.\u201d<\/strong><\/h2>\n<p>IGMG Kad\u0131nlar Te\u015fkilat\u0131 \u0130r\u015fad Ba\u015fkan\u0131 Nermin Yal\u0131nk\u0131l\u0131\u00e7, yar\u0131\u015fmaya 17\u2019nci kez ev sahipli\u011fi yapacak olmaktan duyduklar\u0131 mutlulu\u011fu ifade etti. Yal\u0131nk\u0131l\u0131\u00e7, \u201cZor zamanlarda da olsak, din\u00ee ya\u015fant\u0131m\u0131z\u0131, g\u00f6rev ve sorumluluklar\u0131m\u0131z\u0131 aksatmadan yerine getirmemiz gerekiyor. Bu y\u00fczden biz de IGMG Kad\u0131nlar Te\u015fkilat\u0131 \u0130r\u015fad Birimi olarak yar\u0131 final \u00f6ncesi b\u00f6lge birincilerimize Kur\u2019\u00e2n-\u0131 Ker\u00eem \u00f6zel e\u011fitim kursumuzu bu y\u0131l online platformda da olsa ger\u00e7ekle\u015ftirdik.&nbsp; Finalistlerimiz i\u00e7in de e\u011fitim devam edecek.\u201d \u015feklinde a\u00e7\u0131klama yapt\u0131.<\/p>\n<p>Camia\u2019ya konu\u015fan Yal\u0131nk\u0131l\u0131\u00e7, \u201cAl-Huda olarak adland\u0131rd\u0131\u011f\u0131m\u0131z e\u011fitim kursunda Kur\u2019\u00e2n-\u0131 Ker\u00eem\u2019i g\u00fczel okuma noktas\u0131nda Hamide \u0130leri ve G\u00fcrsel Turhan hocalar\u0131m\u0131z taraf\u0131ndan e\u011fitim alan b\u00f6lge birincilerinin azmi ve gayreti takdire \u015fayan, bu da bizi ziyadesiyle memnun etti.\u201ddedi. Gen\u00e7 k\u0131zlar\u0131n nezdinde ebeveynlerine, hocalar\u0131na ve t\u00fcm \u015fube ve b\u00f6lge idarecilerine te\u015fekk\u00fcrlerine sunan Nermin&nbsp; Yal\u0131nk\u0131l\u0131\u00e7, \u201c\u00d6nemli olan gen\u00e7lerimizin Kur\u2019\u00e2n-\u0131 Ker\u00eem\u2019i g\u00fczel okumalar\u0131 ve istikamet \u00fczere olmalar\u0131d\u0131r.\u201d dedi. 17. Avrupa Kur\u2019\u00e2n-\u0131 Ker\u00eem Tilavet Yar\u0131\u015fmas\u0131 finalinin 19 Aral\u0131k\u2019ta Almanya\u2019n\u0131n K\u00f6ln \u015fehrinde yap\u0131lmas\u0131 planlan\u0131yor.<\/p>\n<\/div>\n<\/div>\n<\/div>\n","protected":false},"excerpt":{"rendered":"<p>\u0130slam Toplumu Mill\u00ee G\u00f6r\u00fc\u015f (IGMG) Kad\u0131nlar Te\u015fkilat\u0131 taraf\u0131ndan d\u00fczenlenen 17. Kur\u2019\u00e2n-\u0131 Ker\u00eem Tilavet Yar\u0131\u015fmas\u0131\u2019n\u0131n finalistleri belli oldu. \u0130slam Toplumu Mill\u00ee G\u00f6r\u00fc\u015f (IGMG) Kad\u0131nlar Te\u015fkilat\u0131 \u0130r\u015fad Ba\u015fkanl\u0131\u011f\u0131 taraf\u0131ndan organize edilen&nbsp;17. Kur\u2019\u00e2n-\u0131 Ker\u00eem Tilavet Yar\u0131\u015fmas\u0131\u2019n\u0131n finalist isimleri belli oldu. Kat\u0131l\u0131mc\u0131 gen\u00e7 k\u0131zlar bu y\u0131l i\u00e7erisinde \u00f6nce \u015fubelerinde daha sonra da b\u00f6lgelerindeki yar\u0131\u015fmalar\u0131 kazanarak, b\u00f6lgeler aras\u0131 ger\u00e7ekle\u015fen yar\u0131 [&hellip;]<\/p>\n","protected":false},"author":1,"featured_media":39204,"comment_status":"open","ping_status":"open","sticky":false,"template":"","format":"standard","meta":{"ngg_post_thumbnail":0},"categories":[23257],"tags":[],"_links":{"self":[{"href":"https:\/\/www.igmg.org\/tr\/wp-json\/wp\/v2\/posts\/39203"}],"collection":[{"href":"https:\/\/www.igmg.org\/tr\/wp-json\/wp\/v2\/posts"}],"about":[{"href":"https:\/\/www.igmg.org\/tr\/wp-json\/wp\/v2\/types\/post"}],"author":[{"embeddable":true,"href":"https:\/\/www.igmg.org\/tr\/wp-json\/wp\/v2\/users\/1"}],"replies":[{"embeddable":true,"href":"https:\/\/www.igmg.org\/tr\/wp-json\/wp\/v2\/comments?post=39203"}],"version-history":[{"count":2,"href":"https:\/\/www.igmg.org\/tr\/wp-json\/wp\/v2\/posts\/39203\/revisions"}],"predecessor-version":[{"id":39208,"href":"https:\/\/www.igmg.org\/tr\/wp-json\/wp\/v2\/posts\/39203\/revisions\/39208"}],"wp:featuredmedia":[{"embeddable":true,"href":"https:\/\/www.igmg.org\/tr\/wp-json\/wp\/v2\/media\/39204"}],"wp:attachment":[{"href":"https:\/\/www.igmg.org\/tr\/wp-json\/wp\/v2\/media?parent=39203"}],"wp:term":[{"taxonomy":"category","embeddable":true,"href":"https:\/\/www.igmg.org\/tr\/wp-json\/wp\/v2\/categories?post=39203"},{"taxonomy":"post_tag","embeddable":true,"href":"https:\/\/www.igmg.org\/tr\/wp-json\/wp\/v2\/tags?post=39203"}],"curies":[{"name":"wp","href":"https:\/\/api.w.org\/{rel}","templated":true}]}}