{"id":40158,"date":"2021-03-03T17:11:55","date_gmt":"2021-03-03T16:11:55","guid":{"rendered":"https:\/\/www.igmg.org\/?p=40158"},"modified":"2021-03-03T17:17:21","modified_gmt":"2021-03-03T16:17:21","slug":"afdnin-takibe-alinmasini-memnuniyetle-karsiliyoruz","status":"publish","type":"post","link":"https:\/\/www.igmg.org\/tr\/afdnin-takibe-alinmasini-memnuniyetle-karsiliyoruz\/","title":{"rendered":"AfD\u2019nin takibe al\u0131nmas\u0131n\u0131 memnuniyetle kar\u015f\u0131l\u0131yoruz"},"content":{"rendered":"<p><strong>\u0130slam Toplumu Mill\u00ee G\u00f6r\u00fc\u015f (IGMG) Genel Sekreteri Bekir Alta\u015f Almanya \u0130\u00e7in Alternatif (AfD) Partisi\u2019nin Anayasay\u0131 Koruma Dairesi taraf\u0131ndan federal d\u00fczeyde takibe al\u0131nmas\u0131 m\u00fcnasebetiyle bir a\u00e7\u0131klama yapt\u0131. \u201cKarar\u0131 memnuniyetle kar\u015f\u0131l\u0131yoruz. Asl\u0131nda bu gecikmi\u015f bir karar.\u201d diyen Alta\u015f s\u00f6zlerini \u015f\u00f6yle s\u00fcrd\u00fcrd\u00fc:<\/strong><\/p>\n<p>\u201cGizleme ihtiyac\u0131 duymadan, a\u00e7\u0131k\u00e7a din\u00ee az\u0131nl\u0131klara kar\u015f\u0131 olumsuz alg\u0131 olu\u015fturan, toplumun baz\u0131 kesimlerine kar\u015f\u0131 nefret s\u00f6yleminde bulunan, anayasal d\u00fczene kar\u015f\u0131 bir tehdit unsuru olan bir partiden s\u00f6z ediyoruz. AfD\u2019nin takibe al\u0131nmas\u0131 do\u011fru olmakla birlikte gecikmi\u015f bir karar.<\/p>\n<p>AfD\u2019nin d\u00e2hil oldu\u011fu \u0130slam d\u00fc\u015fman\u0131 ve antisemit vakalar\u0131n listesi bir hayli uzun. Bu partinin halktan g\u00f6r\u00fcnmesi asl\u0131nda en ba\u015f\u0131ndan beri \u0131rk\u00e7\u0131 zihniyetlerini geni\u015f alanlara yayma \u00e7abalar\u0131 i\u00e7in bir kamuflaj niteli\u011finde. Bu \u00e7abalar\u0131n\u0131n mercek alt\u0131na al\u0131nmas\u0131 ve halk\u0131n bunlara kar\u015f\u0131 uyar\u0131lmas\u0131 \u00f6nemli ve do\u011fru bir ad\u0131m.<\/p>\n<p>Emniyet birimlerine d\u00fc\u015fen art\u0131k gerekli takibi yaparak bunlar\u0131n i\u00e7 y\u00fczlerini, yani anayasal d\u00fczeni ortadan kald\u0131rmak i\u00e7in demokratik yap\u0131lanmalar\u0131 ele ge\u00e7iren, Naziler taraf\u0131ndan domine edilmi\u015f bir parti olduklar\u0131 ger\u00e7e\u011fini ortaya \u00e7\u0131karmakt\u0131r. \u00dcmidimiz, NPD\u2019nin takibe al\u0131nmas\u0131 s\u00fcrecinde ortaya \u00e7\u0131kan hatalardan Anayasay\u0131 Koruma Dairesi\u2019nin ders \u00e7\u0131karmas\u0131 ve bunlar\u0131 tekrar etmemesidir.<\/p>\n","protected":false},"excerpt":{"rendered":"<p>\u0130slam Toplumu Mill\u00ee G\u00f6r\u00fc\u015f (IGMG) Genel Sekreteri Bekir Alta\u015f Almanya \u0130\u00e7in Alternatif (AfD) Partisi\u2019nin Anayasay\u0131 Koruma Dairesi taraf\u0131ndan federal d\u00fczeyde takibe al\u0131nmas\u0131 m\u00fcnasebetiyle bir a\u00e7\u0131klama yapt\u0131. \u201cKarar\u0131 memnuniyetle kar\u015f\u0131l\u0131yoruz. Asl\u0131nda bu gecikmi\u015f bir karar.\u201d diyen Alta\u015f s\u00f6zlerini \u015f\u00f6yle s\u00fcrd\u00fcrd\u00fc:<\/p>\n","protected":false},"author":1,"featured_media":32515,"comment_status":"open","ping_status":"open","sticky":false,"template":"","format":"standard","meta":{"ngg_post_thumbnail":0},"categories":[23244,23262],"tags":[24712,24469,24324,24679,24326],"_links":{"self":[{"href":"https:\/\/www.igmg.org\/tr\/wp-json\/wp\/v2\/posts\/40158"}],"collection":[{"href":"https:\/\/www.igmg.org\/tr\/wp-json\/wp\/v2\/posts"}],"about":[{"href":"https:\/\/www.igmg.org\/tr\/wp-json\/wp\/v2\/types\/post"}],"author":[{"embeddable":true,"href":"https:\/\/www.igmg.org\/tr\/wp-json\/wp\/v2\/users\/1"}],"replies":[{"embeddable":true,"href":"https:\/\/www.igmg.org\/tr\/wp-json\/wp\/v2\/comments?post=40158"}],"version-history":[{"count":1,"href":"https:\/\/www.igmg.org\/tr\/wp-json\/wp\/v2\/posts\/40158\/revisions"}],"predecessor-version":[{"id":40159,"href":"https:\/\/www.igmg.org\/tr\/wp-json\/wp\/v2\/posts\/40158\/revisions\/40159"}],"wp:featuredmedia":[{"embeddable":true,"href":"https:\/\/www.igmg.org\/tr\/wp-json\/wp\/v2\/media\/32515"}],"wp:attachment":[{"href":"https:\/\/www.igmg.org\/tr\/wp-json\/wp\/v2\/media?parent=40158"}],"wp:term":[{"taxonomy":"category","embeddable":true,"href":"https:\/\/www.igmg.org\/tr\/wp-json\/wp\/v2\/categories?post=40158"},{"taxonomy":"post_tag","embeddable":true,"href":"https:\/\/www.igmg.org\/tr\/wp-json\/wp\/v2\/tags?post=40158"}],"curies":[{"name":"wp","href":"https:\/\/api.w.org\/{rel}","templated":true}]}}