{"id":40463,"date":"2021-03-26T15:17:50","date_gmt":"2021-03-26T14:17:50","guid":{"rendered":"https:\/\/www.igmg.org\/?p=40463"},"modified":"2021-03-26T15:17:50","modified_gmt":"2021-03-26T14:17:50","slug":"rohingyalar-icin-daha-fazla-dayanisma-gerekiyor","status":"publish","type":"post","link":"https:\/\/www.igmg.org\/tr\/rohingyalar-icin-daha-fazla-dayanisma-gerekiyor\/","title":{"rendered":"Rohingyalar i\u00e7in daha fazla dayan\u0131\u015fma gerekiyor"},"content":{"rendered":"<p><strong>\u0130slam Toplumu Mill\u00ee G\u00f6r\u00fc\u015f (IGMG) Genel Ba\u015fkan\u0131 Kemal Erg\u00fcn, Rohingyalar\u0131n her ge\u00e7en g\u00fcn k\u00f6t\u00fcye giden ya\u015fam ko\u015fullar\u0131 m\u00fcnasebetiyle bir a\u00e7\u0131klama yapt\u0131. \u201cYery\u00fcz\u00fcnde tek bir insan\u0131n dahi haklar\u0131 ve onuru \u00e7i\u011fneniyorsa bu bile fazlad\u0131r.\u201d diyen Erg\u00fcn s\u00f6zlerini \u015f\u00f6yle s\u00fcrd\u00fcrd\u00fc:<\/strong><\/p>\n<p>\u201cRohingyalar\u0131n i\u00e7inde bulunduklar\u0131 ya\u015fam ko\u015fullar\u0131 dolay\u0131s\u0131yla \u00e7ok b\u00fcy\u00fck bir endi\u015fe ta\u015f\u0131yoruz. Rohingyalar uzun y\u0131llardan beri yurtlar\u0131ndan g\u00f6\u00e7 h\u00e2linde ve bu g\u00f6\u00e7\u00fcn ne zaman sona erece\u011fini \u00f6ng\u00f6rmek m\u00fcmk\u00fcn de\u011fil. Myanmar\u2019da ger\u00e7ekle\u015fen darbe ve akabinde ya\u015fanan huzursuzluklar M\u00fcsl\u00fcman Rohingya az\u0131nl\u0131klar\u0131n ellerindeki son umudu da al\u0131p g\u00f6t\u00fcrd\u00fc.<\/p>\n<p>Rohingyalar\u0131n zaten \u00e7ok k\u00f6t\u00fc durumda olan ya\u015fam ko\u015fullar\u0131 Banglade\u015f\u2019teki kamplarda meydana gelen feci yang\u0131n sonras\u0131nda \u00e7ok daha k\u00f6t\u00fc h\u00e2le geldi. Bu insanlara \u00e7ok acil uluslararas\u0131 yard\u0131m gerekiyor. Bar\u0131nak, g\u0131da ve t\u0131bbi yard\u0131m ihtiyac\u0131 had safhada.<\/p>\n<p>Bu sebeple uluslararas\u0131 topluma bu ma\u011fdur insanlar\u0131 yaln\u0131z b\u0131rakmama \u00e7a\u011fr\u0131s\u0131nda bulunuyoruz. \u0130nsan haklar\u0131n\u0131n ve insan onurunun korunmas\u0131 bu kadar zor de\u011fil.\u201d<\/p>\n","protected":false},"excerpt":{"rendered":"<p>\u0130slam Toplumu Mill\u00ee G\u00f6r\u00fc\u015f (IGMG) Genel Ba\u015fkan\u0131 Kemal Erg\u00fcn, Rohingyalar\u0131n her ge\u00e7en g\u00fcn k\u00f6t\u00fcye giden ya\u015fam ko\u015fullar\u0131 m\u00fcnasebetiyle bir a\u00e7\u0131klama yapt\u0131. \u201cYery\u00fcz\u00fcnde tek bir insan\u0131n dahi haklar\u0131 ve onuru \u00e7i\u011fneniyorsa bu bile fazlad\u0131r.\u201d diyen Erg\u00fcn s\u00f6zlerini \u015f\u00f6yle s\u00fcrd\u00fcrd\u00fc:<\/p>\n","protected":false},"author":1,"featured_media":32515,"comment_status":"open","ping_status":"open","sticky":false,"template":"","format":"standard","meta":{"ngg_post_thumbnail":0},"categories":[23244,23254],"tags":[24324,24460,24665],"_links":{"self":[{"href":"https:\/\/www.igmg.org\/tr\/wp-json\/wp\/v2\/posts\/40463"}],"collection":[{"href":"https:\/\/www.igmg.org\/tr\/wp-json\/wp\/v2\/posts"}],"about":[{"href":"https:\/\/www.igmg.org\/tr\/wp-json\/wp\/v2\/types\/post"}],"author":[{"embeddable":true,"href":"https:\/\/www.igmg.org\/tr\/wp-json\/wp\/v2\/users\/1"}],"replies":[{"embeddable":true,"href":"https:\/\/www.igmg.org\/tr\/wp-json\/wp\/v2\/comments?post=40463"}],"version-history":[{"count":1,"href":"https:\/\/www.igmg.org\/tr\/wp-json\/wp\/v2\/posts\/40463\/revisions"}],"predecessor-version":[{"id":40464,"href":"https:\/\/www.igmg.org\/tr\/wp-json\/wp\/v2\/posts\/40463\/revisions\/40464"}],"wp:featuredmedia":[{"embeddable":true,"href":"https:\/\/www.igmg.org\/tr\/wp-json\/wp\/v2\/media\/32515"}],"wp:attachment":[{"href":"https:\/\/www.igmg.org\/tr\/wp-json\/wp\/v2\/media?parent=40463"}],"wp:term":[{"taxonomy":"category","embeddable":true,"href":"https:\/\/www.igmg.org\/tr\/wp-json\/wp\/v2\/categories?post=40463"},{"taxonomy":"post_tag","embeddable":true,"href":"https:\/\/www.igmg.org\/tr\/wp-json\/wp\/v2\/tags?post=40463"}],"curies":[{"name":"wp","href":"https:\/\/api.w.org\/{rel}","templated":true}]}}