{"id":40587,"date":"2021-04-13T11:57:12","date_gmt":"2021-04-13T09:57:12","guid":{"rendered":"https:\/\/www.igmg.org\/?p=40587"},"modified":"2021-04-13T11:57:12","modified_gmt":"2021-04-13T09:57:12","slug":"pandeminin-yuekuenue-ramazan-aksiyonlarimizla-bir-nebze-de-olsa-hafifletmek-istiyoruz","status":"publish","type":"post","link":"https:\/\/www.igmg.org\/tr\/pandeminin-yuekuenue-ramazan-aksiyonlarimizla-bir-nebze-de-olsa-hafifletmek-istiyoruz\/","title":{"rendered":"Pandeminin y\u00fck\u00fcn\u00fc ramazan aksiyonlar\u0131m\u0131zla bir nebze de olsa hafifletmek istiyoruz"},"content":{"rendered":"<p><strong>\u0130slam Toplumu Mill\u00ee G\u00f6r\u00fc\u015f (IGMG) Kurumsal \u0130leti\u015fim Ba\u015fkan\u0131 Osman Yusuf ramazan ay\u0131n\u0131n ba\u015flang\u0131c\u0131 m\u00fcnasebetiyle bir a\u00e7\u0131klama yapt\u0131. Yusuf, \u201cBu y\u0131l da ramazan ay\u0131n\u0131 pandemi \u015fartlar\u0131 alt\u0131nda kar\u015f\u0131l\u0131yoruz. Ger\u00e7ekle\u015ftirece\u011fimiz yard\u0131m aksiyonlar\u0131 ve&nbsp; yar\u0131\u015fmalarla bir nebze de olsa bu \u015fartlar\u0131 hafifletmek istiyoruz.\u201d dedi.<\/strong><\/p>\n<p>IGMG ramazan ay\u0131nda ger\u00e7ekle\u015ftirece\u011fi aksiyonlarla pandeminin yard\u0131ma muhta\u00e7lar, ya\u015fl\u0131lar ve herhangi bir \u015fekilde engelli konumunda bulunanlar \u00fczerindeki olumsuz etkisini hafifletecek. IGMG \u015fubeleri ihtiya\u00e7 sahiplerinin evlerine iftarl\u0131k s\u0131cak yemek g\u00f6t\u00fcrecek ve g\u00fcnl\u00fck ya\u015famda ihtiya\u00e7 duyduklar\u0131 hususlarda onlara yard\u0131mc\u0131 olacak. Ayn\u0131 zamanda huzurevleri ve bak\u0131mevlerindeki insanlara da aksiyon ba\u011flam\u0131nda ula\u015f\u0131lacak.<\/p>\n<p>Osman Yusuf: \u201cYard\u0131m aksiyonu ramazan i\u00e7in tasarland\u0131 ancak hangi dine mensup oldu\u011fu fark etmeksizin herkese a\u00e7\u0131k bir \u00e7al\u0131\u015fma. Ramazan ay\u0131 insanlar\u0131n birbirleriyle g\u00fczel ge\u00e7inmesi ve birbirlerinin ihtiya\u00e7lar\u0131na duyarl\u0131 olmas\u0131 ba\u011flam\u0131nda da \u00e7ok b\u00fcy\u00fck \u00f6nem ta\u015f\u0131yan bir zaman dilimi. Ger\u00e7ekle\u015ftirece\u011fimiz aksiyonlarda en ba\u015fta yaln\u0131z ya\u015fayan veya herhangi bir sebepten \u00f6t\u00fcr\u00fc acil yard\u0131ma muhta\u00e7 olan insanlara el uzatmay\u0131, onlar\u0131n yan\u0131nda olmay\u0131 ve bu zor zamanlar\u0131nda onlar\u0131 desteklemeyi hedefliyoruz. Ayn\u0131 zamanda insanlara dayan\u0131\u015fma hissini ya\u015fatmak istiyoruz.\u201d<\/p>\n<p>Aksiyonlar kapsam\u0131nda ya\u015fl\u0131lara \u00f6rne\u011fin doktor veya a\u015f\u0131 randevular\u0131na gitme konusunda da yard\u0131mc\u0131 olunacak. \u0130lan edilecek acil yard\u0131m telefon hatlar\u0131 \u00fczerinden ilgili ki\u015filere ula\u015f\u0131m da kolayl\u0131kla sa\u011flanabilecek. Her zaman oldu\u011fu gibi aksiyonlar esnas\u0131nda da korona tedbir kurallar\u0131na hassasiyetle riayet edilecek.<\/p>\n<p>Aksiyonlar kapsam\u0131nda son olarak gen\u00e7 ve yeti\u015fkinlere y\u00f6nelik foto\u011fraf yar\u0131\u015fmas\u0131, \u00e7ocuklara y\u00f6nelik resim yar\u0131\u015fmas\u0131 ve bir de makale yar\u0131\u015fmas\u0131 d\u00fczenlenecek. Her \u00fc\u00e7 yar\u0131\u015fman\u0131n da temas\u0131 \u201cBize ramazan\u0131n\u0131 g\u00f6ster\u201d. Yar\u0131\u015fmalar hakk\u0131nda detayl\u0131 bilgiye IGMG web sayfas\u0131 (<a href=\"https:\/\/www.igmg.org\/tr\/fotoramazan2021\/\">https:\/\/www.igmg.org\/tr\/fotoramazan2021\/<\/a>) \u00fczerinden ula\u015f\u0131labiliyor.<\/p>\n","protected":false},"excerpt":{"rendered":"<p>\u0130slam Toplumu Mill\u00ee G\u00f6r\u00fc\u015f (IGMG) Kurumsal \u0130leti\u015fim Ba\u015fkan\u0131 Osman Yusuf ramazan ay\u0131n\u0131n ba\u015flang\u0131c\u0131 m\u00fcnasebetiyle bir a\u00e7\u0131klama yapt\u0131. Yusuf, \u201cBu y\u0131l da ramazan ay\u0131n\u0131 pandemi \u015fartlar\u0131 alt\u0131nda kar\u015f\u0131l\u0131yoruz. Ger\u00e7ekle\u015ftirece\u011fimiz yard\u0131m aksiyonlar\u0131 ve\u00a0 yar\u0131\u015fmalarla bir nebze de olsa bu \u015fartlar\u0131 hafifletmek istiyoruz.\u201d dedi.<\/p>\n","protected":false},"author":1,"featured_media":32515,"comment_status":"open","ping_status":"open","sticky":false,"template":"","format":"standard","meta":{"ngg_post_thumbnail":0},"categories":[23244,24684],"tags":[24324,24424,24359],"_links":{"self":[{"href":"https:\/\/www.igmg.org\/tr\/wp-json\/wp\/v2\/posts\/40587"}],"collection":[{"href":"https:\/\/www.igmg.org\/tr\/wp-json\/wp\/v2\/posts"}],"about":[{"href":"https:\/\/www.igmg.org\/tr\/wp-json\/wp\/v2\/types\/post"}],"author":[{"embeddable":true,"href":"https:\/\/www.igmg.org\/tr\/wp-json\/wp\/v2\/users\/1"}],"replies":[{"embeddable":true,"href":"https:\/\/www.igmg.org\/tr\/wp-json\/wp\/v2\/comments?post=40587"}],"version-history":[{"count":2,"href":"https:\/\/www.igmg.org\/tr\/wp-json\/wp\/v2\/posts\/40587\/revisions"}],"predecessor-version":[{"id":40596,"href":"https:\/\/www.igmg.org\/tr\/wp-json\/wp\/v2\/posts\/40587\/revisions\/40596"}],"wp:featuredmedia":[{"embeddable":true,"href":"https:\/\/www.igmg.org\/tr\/wp-json\/wp\/v2\/media\/32515"}],"wp:attachment":[{"href":"https:\/\/www.igmg.org\/tr\/wp-json\/wp\/v2\/media?parent=40587"}],"wp:term":[{"taxonomy":"category","embeddable":true,"href":"https:\/\/www.igmg.org\/tr\/wp-json\/wp\/v2\/categories?post=40587"},{"taxonomy":"post_tag","embeddable":true,"href":"https:\/\/www.igmg.org\/tr\/wp-json\/wp\/v2\/tags?post=40587"}],"curies":[{"name":"wp","href":"https:\/\/api.w.org\/{rel}","templated":true}]}}