{"id":40871,"date":"2021-04-29T15:46:26","date_gmt":"2021-04-29T13:46:26","guid":{"rendered":"https:\/\/www.igmg.org\/?p=40871"},"modified":"2021-05-06T11:45:38","modified_gmt":"2021-05-06T09:45:38","slug":"almanyadaki-muesluemanlarin-cogunlugu-dini-cemaatlerin-kendilerini-temsil-ettiklerini-duesuenueyor","status":"publish","type":"post","link":"https:\/\/www.igmg.org\/tr\/almanyadaki-muesluemanlarin-cogunlugu-dini-cemaatlerin-kendilerini-temsil-ettiklerini-duesuenueyor\/","title":{"rendered":"Almanya\u2019daki M\u00fcsl\u00fcmanlar\u0131n \u00e7o\u011funlu\u011fu din\u00ee cemaatlerin kendilerini temsil ettiklerini d\u00fc\u015f\u00fcn\u00fcyor"},"content":{"rendered":"<p><strong>\u0130slam Toplumu Mill\u00ee G\u00f6r\u00fc\u015f (IGMG) Genel Sekreteri Bekir Alta\u015f Almanya \u0130slam Konferans\u0131 (DIK) ad\u0131na yap\u0131lan \u201cAlmanya\u2019da M\u00fcsl\u00fcmanlar\u0131n Ya\u015fam\u0131 2020 (<\/strong><strong>Muslimisches Leben in Deutschland 2020)\u201d konulu ara\u015ft\u0131rma m\u00fcnasebetiyle bir a\u00e7\u0131klama yapt\u0131. Alta\u015f, \u201cM\u00fcsl\u00fcmanlar Koordinasyon Konseyi (KRM) b\u00fcnyesinde bulunan \u0130slami cemaatler Almanya\u2019daki M\u00fcsl\u00fcman n\u00fcfusun ilgi ve menfaatlerini temsil etmektedir. \u2018Almanya\u2019da M\u00fcsl\u00fcmanlar\u0131n Ya\u015fam\u0131 2020\u2019 isimli ara\u015ft\u0131rman\u0131n ortaya koydu\u011fu en merkez\u00ee sonu\u00e7 budur. Hem Federal H\u00fck\u00fbmet hem de eyalet h\u00fck\u00fbmetleri, Almanya\u2019daki M\u00fcsl\u00fcmanlar\u0131 dikkate almadan y\u00fcr\u00fctt\u00fckleri siyaseti tekrar g\u00f6zden ge\u00e7irmelidir.\u201d dedi.<\/strong><\/p>\n<p>S\u00f6z konusu ara\u015ft\u0131rmada ortaya \u00e7\u0131kan sonu\u00e7lara g\u00f6re Almanya\u2019daki M\u00fcsl\u00fcmanlar\u0131n \u00e7o\u011funlu\u011fu M\u00fcsl\u00fcmanlar Koordinasyon Konseyi (KRM) b\u00fcnyesinde bir araya gelen \u0130slami cemaatler taraf\u0131ndan temsil edildikleri kanaatinde. En kalabal\u0131k kitleyi temsil eden T\u00fcrkiye k\u00f6kenli M\u00fcsl\u00fcmanlar\u0131n %80\u2019inden fazlas\u0131 KRM b\u00fcnyesindeki \u0130slami cemaatlerin kendilerini temsil etti\u011fini d\u00fc\u015f\u00fcn\u00fcyor. Tan\u0131nma oran\u0131 ise \u00e7ok daha y\u00fcksek seviyede. Her d\u00f6rt T\u00fcrkiye k\u00f6kenli M\u00fcsl\u00fcman\u2019dan biri IGMG\u2019nin kendisini temsil etti\u011fini d\u00fc\u015f\u00fcn\u00fcrken, IGMG\u2019nin tan\u0131nma oran\u0131 %33\u2019\u00fcn \u00fczerinde.<\/p>\n<p>Alta\u015f\u2019\u0131n a\u00e7\u0131klamalar\u0131 \u015fu \u015fekilde: \u201cAra\u015ft\u0131rman\u0131n ortaya \u00e7\u0131kard\u0131\u011f\u0131 sonu\u00e7 gayet a\u00e7\u0131k: KRM b\u00fcnyesinde bir araya gelen \u0130slami cemaatler Almanya\u2019da bulunan 5,6 milyon M\u00fcsl\u00fcman\u2019\u0131n \u00e7o\u011funlu\u011funun ilgi ve menfaatlerini temsil ediyor. Ara\u015ft\u0131rma ayr\u0131ca cami ziyareti ba\u011flam\u0131nda hem IGMG\u2019nin hem de KRM\u2019de bulunan di\u011fer din\u00ee cemaatlerin y\u00fcksek bir tan\u0131nma oran\u0131na sahip oldu\u011funu tespit ediyor. B\u00f6ylelikle KRM\u2019nin temsil g\u00fcc\u00fcn\u00fcn eksik oldu\u011fu masal\u0131 art\u0131k tarihe kar\u0131\u015fm\u0131\u015ft\u0131r.<\/p>\n<p>Ara\u015ft\u0131rmada Almanya\u2019daki M\u00fcsl\u00fcmanlar\u0131n, camilerin do\u011frudan din\u00ee pratik olarak say\u0131lmayan hizmetlerini ne derece kulland\u0131klar\u0131 maalesef tespit edilmiyor. Ara\u015ft\u0131rmay\u0131 ger\u00e7ekle\u015ftirenlerin belirttiklerine g\u00f6re \u0130slami cemaatler gen\u00e7 nesilleri kendilerine ba\u011flamay\u0131 \u2018ba\u015farm\u0131\u015f\u2019 durumdalar. Bu da \u00e7ok say\u0131da camide hem \u00e7ocuklara hem de gen\u00e7lere y\u00f6nelik, din dersi ya da ibadetle s\u0131n\u0131rl\u0131 kalmayan mek\u00e2nlar\u0131n tahsis edilmi\u015f olmas\u0131n\u0131n bir neticesi. Bu hizmetler bo\u015f zaman aktiviteleri, e\u011fitim, dan\u0131\u015fmanl\u0131k, spor vb. alanlar\u0131 kaps\u0131yor.<\/p>\n<p>Almanya\u2019daki M\u00fcsl\u00fcmanlar\u0131 ilgilendiren toplant\u0131 ve s\u00fcre\u00e7lere KRM\u2019nin d\u00e2hil edilmeyi\u015fi her zaman KRM\u2019nin temsil y\u00f6n\u00fcn\u00fcn eksik olu\u015fuyla gerek\u00e7elendirilmekteydi. Hem Federal H\u00fck\u00fbmet hem de eyalet h\u00fck\u00fbmetleri e\u011fer takip ettikleri siyasetin daha fazla kabul g\u00f6rmesini bekliyorlarsa, M\u00fcsl\u00fcmanlar\u0131n kimler taraf\u0131ndan temsil edildiklerini bundan sonraki s\u00fcre\u00e7te \u00e7ok daha fazla dikkate almak zorundalar. M\u00fcsl\u00fcman n\u00fcfusun dikkate al\u0131nmad\u0131\u011f\u0131 bir siyaset rahats\u0131zl\u0131klara ve g\u00fcven kayb\u0131na sebep olur.<\/p>\n<p>Ara\u015ft\u0131rma ayr\u0131ca endi\u015fe verici birtak\u0131m ger\u00e7ekleri de g\u00fcn y\u00fcz\u00fcne \u00e7\u0131kar\u0131yor: Almanya\u2019daki ba\u015f\u00f6rt\u00fcl\u00fc olmayan M\u00fcsl\u00fcman kad\u0131nlar\u0131n \u00fc\u00e7te birinden fazlas\u0131 ba\u015f\u00f6rt\u00fcs\u00fc takmama gerek\u00e7elerinden biri olarak, e\u011fer ba\u015f\u00f6rt\u00fcs\u00fc takarlarsa kar\u015f\u0131la\u015facaklar\u0131 dezavantajlar ve sata\u015fmalar\u0131 g\u00f6steriyorlar. Bu hususta ara\u015ft\u0131rmay\u0131 ger\u00e7ekle\u015ftiren bilim insanlar\u0131n\u0131n kanaatlerini bizler de payla\u015f\u0131yoruz: \u2018Almanya\u2019da inan\u00e7 \u00f6zg\u00fcrl\u00fc\u011f\u00fc ba\u011flam\u0131nda bu durumun iyi d\u00fc\u015f\u00fcn\u00fclmesi gerekiyor.\u2019\u201d<\/p>\n","protected":false},"excerpt":{"rendered":"<p>\u0130slam Toplumu Mill\u00ee G\u00f6r\u00fc\u015f (IGMG) Genel Sekreteri Bekir Alta\u015f Almanya \u0130slam Konferans\u0131 (DIK) ad\u0131na yap\u0131lan \u201cAlmanya\u2019da M\u00fcsl\u00fcmanlar\u0131n Ya\u015fam\u0131 2020 (<\/strong><strong>Muslimisches Leben in Deutschland 2020)\u201d konulu ara\u015ft\u0131rma m\u00fcnasebetiyle bir a\u00e7\u0131klama yapt\u0131. Alta\u015f, \u201cM\u00fcsl\u00fcmanlar Koordinasyon Konseyi (KRM) b\u00fcnyesinde bulunan \u0130slami cemaatler Almanya\u2019daki M\u00fcsl\u00fcman n\u00fcfusun ilgi ve menfaatlerini temsil etmektedir. \u2018Almanya\u2019da M\u00fcsl\u00fcmanlar\u0131n Ya\u015fam\u0131 2020\u2019 isimli ara\u015ft\u0131rman\u0131n ortaya koydu\u011fu en merkez\u00ee sonu\u00e7 budur. Hem Federal H\u00fck\u00fbmet hem de eyalet h\u00fck\u00fbmetleri, Almanya\u2019daki M\u00fcsl\u00fcmanlar\u0131 dikkate almadan y\u00fcr\u00fctt\u00fckleri siyaseti tekrar g\u00f6zden ge\u00e7irmelidir.\u201d dedi.<\/p>\n","protected":false},"author":1,"featured_media":32515,"comment_status":"open","ping_status":"open","sticky":false,"template":"","format":"standard","meta":{"ngg_post_thumbnail":0},"categories":[23244,23262],"tags":[24548,24546,24324,24679,24326,24757,24500],"_links":{"self":[{"href":"https:\/\/www.igmg.org\/tr\/wp-json\/wp\/v2\/posts\/40871"}],"collection":[{"href":"https:\/\/www.igmg.org\/tr\/wp-json\/wp\/v2\/posts"}],"about":[{"href":"https:\/\/www.igmg.org\/tr\/wp-json\/wp\/v2\/types\/post"}],"author":[{"embeddable":true,"href":"https:\/\/www.igmg.org\/tr\/wp-json\/wp\/v2\/users\/1"}],"replies":[{"embeddable":true,"href":"https:\/\/www.igmg.org\/tr\/wp-json\/wp\/v2\/comments?post=40871"}],"version-history":[{"count":1,"href":"https:\/\/www.igmg.org\/tr\/wp-json\/wp\/v2\/posts\/40871\/revisions"}],"predecessor-version":[{"id":40872,"href":"https:\/\/www.igmg.org\/tr\/wp-json\/wp\/v2\/posts\/40871\/revisions\/40872"}],"wp:featuredmedia":[{"embeddable":true,"href":"https:\/\/www.igmg.org\/tr\/wp-json\/wp\/v2\/media\/32515"}],"wp:attachment":[{"href":"https:\/\/www.igmg.org\/tr\/wp-json\/wp\/v2\/media?parent=40871"}],"wp:term":[{"taxonomy":"category","embeddable":true,"href":"https:\/\/www.igmg.org\/tr\/wp-json\/wp\/v2\/categories?post=40871"},{"taxonomy":"post_tag","embeddable":true,"href":"https:\/\/www.igmg.org\/tr\/wp-json\/wp\/v2\/tags?post=40871"}],"curies":[{"name":"wp","href":"https:\/\/api.w.org\/{rel}","templated":true}]}}