{"id":41202,"date":"2021-05-07T13:59:27","date_gmt":"2021-05-07T11:59:27","guid":{"rendered":"https:\/\/www.igmg.org\/?p=41202"},"modified":"2021-05-27T14:01:45","modified_gmt":"2021-05-27T12:01:45","slug":"avrupada-mueslueman-genc-kizlar-ramazanda-oernek-calismalara-imza-atiyor","status":"publish","type":"post","link":"https:\/\/www.igmg.org\/tr\/avrupada-mueslueman-genc-kizlar-ramazanda-oernek-calismalara-imza-atiyor\/","title":{"rendered":"Avrupa\u2019da M\u00fcsl\u00fcman Gen\u00e7 K\u0131zlar Ramazanda \u00d6rnek \u00c7al\u0131\u015fmalara \u0130mza At\u0131yor"},"content":{"rendered":"<div class=\"et_pb_row et_pb_row_0_tb_body\">\n<div class=\"et_pb_column et_pb_column_4_4 et_pb_column_0_tb_body  et_pb_css_mix_blend_mode_passthrough et-last-child\">\n<div id=\"post-excerpt\" class=\"et_pb_module et_pb_text et_pb_text_3_tb_body  et_pb_text_align_left et_pb_bg_layout_light\">\n<h2 class=\"et_pb_text_inner\">Avrupa\u2019n\u0131n \u00e7e\u015fitli \u00fclkelerinde IGMG Kad\u0131nlar Gen\u00e7lik Te\u015fkilat\u0131, Ramazan ay\u0131nda da \u00e7e\u015fitli sosyal faaliyetler s\u00fcrd\u00fcrmeye devam ediyor.<\/h2>\n<\/div>\n<\/div>\n<\/div>\n<div class=\"et_pb_row et_pb_row_1_tb_body\">\n<div class=\"et_pb_column et_pb_column_4_4 et_pb_column_1_tb_body  et_pb_css_mix_blend_mode_passthrough et-last-child\">\n<div class=\"et_pb_module et_pb_text et_pb_text_5_tb_body  et_pb_text_align_left et_pb_bg_layout_light\">\n<p class=\"p1\">Avrupa\u2019n\u0131n bir\u00e7ok \u00fclkesinde \u0130slam Toplumu Mill\u00ee G\u00f6r\u00fc\u015f (IGMG) Kad\u0131nlar Gen\u00e7lik Te\u015fkilatlar\u0131, ramazan ay\u0131nda da \u00e7e\u015fitli sosyal faaliyetler y\u00fcr\u00fctmeye devam ediyor. Buna g\u00f6re Almanya, Fransa, Hollanda gibi \u00fclkelerde Sefer Tas\u0131 projesi memnuniyetle kar\u015f\u0131lan\u0131yor. Proje kapsam\u0131nda ya\u015fl\u0131 ki\u015filer ziyaret edilip iftariyelikler ikram ediliyor.<\/p>\n<h2 class=\"p1\"><span class=\"s1\">\u201cTEYZE VE AMCALARIMIZIN G\u00dcZEL NAS\u0130HATLER\u0130 B\u0130ZLER\u0130 MUTLU ETT\u0130\u201d<\/span><\/h2>\n<p class=\"p1\"><span class=\"s1\">Konuyla ilgili Camia Haber\u2019e a\u00e7\u0131klamalarda bulunan IGMG Kad\u0131nlar Gen\u00e7lik Te\u015fkilat\u0131\u2019ndan K\u00fcbra \u00c7ak\u0131r, \u201cB\u00fcy\u00fcklerin dua ve nasihatlerinden faydalanmak ad\u0131na Sefer Tas\u0131 projemizde Ramazan ay\u0131 boyunca ya\u015fl\u0131 teyze ve amcalara iftariyelikler haz\u0131rlayarak onlar\u0131 ziyaret ettik ve kap\u0131dan iftariyeklerini teslim ettik. Teyze ve amcalar\u0131m\u0131z\u0131n g\u00fczel nasihatleri ve \u2018Allah raz\u0131 olsun sizlerden, iyiki vars\u0131n\u0131z\u2019 c\u00fcmleleri bizleri mutlu etti.\u201d diye konu\u015ftu.<\/span><\/p>\n<h2 class=\"p1\"><span class=\"s1\">HEDEF GEN\u00c7LER\u0130N RAMAZAN AYININ MANEV\u0130YATINI B\u0130RL\u0130KTE H\u0130SSEDEB\u0130LMELER\u0130<\/span><\/h2>\n<p class=\"p1\"><span class=\"s1\">IGMG Kad\u0131nlar Gen\u00e7lik Te\u015fkilat\u0131\u2019n\u0131n her y\u0131l Ramazan ay\u0131nda ger\u00e7ekle\u015ftirdi\u011fi gen\u00e7lere y\u00f6nelik Hay\u0131rl\u0131 Gece \u00e7al\u0131\u015fmas\u0131 bu y\u0131l koronavir\u00fcs \u00f6nlemleri kapsam\u0131nda online olarak s\u00fcrd\u00fcr\u00fcl\u00fcyor. Hay\u0131rl\u0131 Gece \u00e7al\u0131\u015fmas\u0131n\u0131n bu y\u0131lki ba\u015fl\u0131\u011f\u0131 ise \u2018\u2018Ruha \u015eifa Bir Gece\u2018\u2018 olarak belirlendi. Bu \u00e7al\u0131\u015fma ile gen\u00e7lerin ibadet \u015fuurunun g\u00fc\u00e7lenmesi ve ramazan ay\u0131n\u0131n maneviyat\u0131n\u0131 birlikte hissedebilmeleri hedefleniyor.<\/span><\/p>\n<h2>ABLA-KARDE\u015e PROJES\u0130<\/h2>\n<p>Abla-Karde\u015f projesi kapsam\u0131nda ise gen\u00e7ler, ablalar\u0131n\u0131n deste\u011fi ile Ramazan ay\u0131ndan menevi a\u00e7\u0131dan istifade ederek, zamanlar\u0131n\u0131 verimli bir \u015fekilde ge\u00e7iriyor. Abla-Karde\u015f gruplar\u0131 Ramazan ay\u0131 boyunca ortak faaliyetler ger\u00e7ekle\u015ftirirken, beraberce namazlar k\u0131l\u0131n\u0131yor, ortak hatimler yap\u0131l\u0131yor ve \u00f6nlemler kapsam\u0131nda iftar programlar\u0131 d\u00fczenleniyor.<\/p>\n<\/div>\n<\/div>\n<\/div>\n","protected":false},"excerpt":{"rendered":"<p>Avrupa\u2019n\u0131n \u00e7e\u015fitli \u00fclkelerinde IGMG Kad\u0131nlar Gen\u00e7lik Te\u015fkilat\u0131, Ramazan ay\u0131nda da \u00e7e\u015fitli sosyal faaliyetler s\u00fcrd\u00fcrmeye devam ediyor.<\/p>\n","protected":false},"author":1,"featured_media":41203,"comment_status":"open","ping_status":"open","sticky":false,"template":"","format":"standard","meta":{"ngg_post_thumbnail":0},"categories":[23235],"tags":[],"_links":{"self":[{"href":"https:\/\/www.igmg.org\/tr\/wp-json\/wp\/v2\/posts\/41202"}],"collection":[{"href":"https:\/\/www.igmg.org\/tr\/wp-json\/wp\/v2\/posts"}],"about":[{"href":"https:\/\/www.igmg.org\/tr\/wp-json\/wp\/v2\/types\/post"}],"author":[{"embeddable":true,"href":"https:\/\/www.igmg.org\/tr\/wp-json\/wp\/v2\/users\/1"}],"replies":[{"embeddable":true,"href":"https:\/\/www.igmg.org\/tr\/wp-json\/wp\/v2\/comments?post=41202"}],"version-history":[{"count":1,"href":"https:\/\/www.igmg.org\/tr\/wp-json\/wp\/v2\/posts\/41202\/revisions"}],"predecessor-version":[{"id":41208,"href":"https:\/\/www.igmg.org\/tr\/wp-json\/wp\/v2\/posts\/41202\/revisions\/41208"}],"wp:featuredmedia":[{"embeddable":true,"href":"https:\/\/www.igmg.org\/tr\/wp-json\/wp\/v2\/media\/41203"}],"wp:attachment":[{"href":"https:\/\/www.igmg.org\/tr\/wp-json\/wp\/v2\/media?parent=41202"}],"wp:term":[{"taxonomy":"category","embeddable":true,"href":"https:\/\/www.igmg.org\/tr\/wp-json\/wp\/v2\/categories?post=41202"},{"taxonomy":"post_tag","embeddable":true,"href":"https:\/\/www.igmg.org\/tr\/wp-json\/wp\/v2\/tags?post=41202"}],"curies":[{"name":"wp","href":"https:\/\/api.w.org\/{rel}","templated":true}]}}