{"id":41780,"date":"2021-08-06T11:30:49","date_gmt":"2021-08-06T09:30:49","guid":{"rendered":"https:\/\/www.igmg.org\/?p=41780"},"modified":"2021-08-06T11:40:19","modified_gmt":"2021-08-06T09:40:19","slug":"guenuemuezuen-hicreti","status":"publish","type":"post","link":"https:\/\/www.igmg.org\/tr\/guenuemuezuen-hicreti\/","title":{"rendered":"G\u00fcn\u00fcm\u00fcz\u00fcn Hicreti"},"content":{"rendered":"<p><strong>Muhterem Karde\u015flerim!<\/strong><\/p>\n<p>Tarih ile ilgilenmek bug\u00fcn\u00fc anlamak ve yar\u0131na \u0131\u015f\u0131k tutmak ad\u0131na son derece \u00f6nemlidir. Tarih\u00ee bilgilerle ilgilenirken, genelde tarihin seyrini de\u011fi\u015ftiren olaylar ele al\u0131n\u0131r. Bu vakalar, ya\u015fanan \u00e7a\u011f\u0131 o denli etkilemi\u015ftir ki, art\u0131k o olaydan \u00f6nceki ve sonraki tarihten bahsedilir.<\/p>\n<p>Efendimiz \ufdfa\u2019in hicreti de bu olaylardan bir tanesi, hatta \u0130slam tarihi a\u00e7\u0131s\u0131ndan belki de en \u00f6nemlisidir. Nitekim M\u00fcsl\u00fcmanlar\u0131n takvimi bu tarih\u00ee olaya g\u00f6re uygulanm\u0131\u015ft\u0131r.<\/p>\n<p>Res\u00fblullah ve m\u00fcbarek ashab\u0131, vahyin mesaj\u0131n\u0131 a\u00e7\u0131k bir \u015fekilde tebli\u011f etmeye ba\u015flad\u0131klar\u0131 g\u00fcnden itibaren ciddi bask\u0131ya maruz kald\u0131lar. Hakaret, bask\u0131, sald\u0131r\u0131 ve i\u015fkencelerin g\u00f6lgesinde M\u00fcsl\u00fcmanlar varl\u0131k m\u00fccadelesinde sebat g\u00f6stermi\u015flerdir. Durum tahamm\u00fcl edilemeyecek seviyeye ula\u015ft\u0131ktan sonra M\u00fcsl\u00fcmanlar ilk \u00f6nce Habe\u015fistan\u2019a, sonra da Medine-i M\u00fcnevvere ismini alacak Yesrib \u015fehrine hicret etmi\u015ftiler. Medine\u2019ye varan Mekkeli muhacirler daha sonra ens\u00e2r diye adland\u0131r\u0131lacak olan Medineli M\u00fcsl\u00fcmanlar taraf\u0131ndan evlerinde misafir olarak a\u011f\u0131rlanm\u0131\u015f ve Efendimiz \ufdfa burada bu iki grup aras\u0131nda bir karde\u015flik kurmu\u015ftur.<\/p>\n<p><strong>Aziz M\u00fcminler!<\/strong><\/p>\n<p>Y\u00fcce Rabbimiz hicretin ecrine nail olabilmek i\u00e7in, niyetin Allah ve Resul\u00fcne hicret etmek olmas\u0131 gerekti\u011fini belirtmektedir:<br \/>\n<strong>\u201cKim Allah yolunda hicret ederse, yery\u00fcz\u00fcnde gidecek \u00e7ok yer de bulur, geni\u015flik de. Kim Allah\u2019a ve Peygamberine hicret etmek amac\u0131yla evinden \u00e7\u0131kar da sonra kendisine \u00f6l\u00fcm yeti\u015firse, \u015f\u00fcphesiz onun m\u00fck\u00e2fat\u0131 Allah\u2019a d\u00fc\u015fer. Allah \u00e7ok ba\u011f\u0131\u015flay\u0131c\u0131d\u0131r, \u00e7ok merhamet edicidir.\u201d<\/strong><a href=\"#_ftn1\" name=\"_ftnref1\">[1]<\/a><\/p>\n<p>Merhum Elmal\u0131l\u0131 Hamdi Yaz\u0131r bu \u00e2yet-i ker\u00eemeyi a\u00e7\u0131klarken ilim talep etmek, hac, cihad veya bunlar gibi herhangi bir din\u00ee maksatla Allah r\u0131zas\u0131 i\u00e7in yap\u0131lan her hicretin Allah\u2019a ve Resul\u00fcne hicret olarak say\u0131laca\u011f\u0131n\u0131 ifade etmi\u015ftir.<a href=\"#_ftn2\" name=\"_ftnref2\">[2]<\/a><\/p>\n<p><strong>Muhterem Cemaat!<\/strong><\/p>\n<p>\u0130nsano\u011flu b\u00fct\u00fcn \u00fcst\u00fcn meziyetlerine ra\u011fmen, noksan ve hataya meyilli bir varl\u0131k oldu\u011funu unutmamal\u0131. Hata i\u015fledi\u011finde bu hatas\u0131ndan d\u00f6nmeli, hemen ard\u0131ndan bir iyilik yapmal\u0131 ve icab\u0131nda samimi bir t\u00f6vbe ile Rabbine d\u00f6nmelidir. Bizi yoktan var eden ve her \u015feyimizden haberdar olan y\u00fcce Rabbimiz, g\u00fcnahlar\u0131m\u0131zdan vazge\u00e7ip, samimi bir \u015fekilde t\u00f6vbe etti\u011fimizde bizi affedece\u011fini m\u00fcjdelemektedir.<\/p>\n<p>Sahabeden biri Peygamber Efendimiz \ufdfa\u2019e \u201cY\u00e2 Res\u00fblall\u00e2h, hangi hicret en faziletlidir?\u201d diye sordu\u011funda, Res\u00fbl-i Ekrem \ufdfa, <strong>\u201c[En faziletli hicret] Allah\u2019\u0131n ho\u015flanmad\u0131\u011f\u0131 \u015feylerden hicret etmendir (yani uzakla\u015fmand\u0131r).\u201d<\/strong><a href=\"#_ftn3\" name=\"_ftnref3\">[3]<\/a> diye cevap vermi\u015ftir. &nbsp;Hepimizin bildi\u011fi bu had\u00ees-i \u015ferif bu ba\u011flamda \u00e7ok anlaml\u0131d\u0131r.<\/p>\n<p>\u00d6n\u00fcm\u00fczdeki pazartesi g\u00fcn\u00fc 9 A\u011fustos tarihinde in\u015fallah hicri 1443 senesine girmi\u015f olaca\u011f\u0131z. Y\u00fcce Mevl\u00e2 yeni y\u0131l\u0131m\u0131z\u0131 bize hay\u0131rl\u0131 ve bereketli k\u0131ls\u0131n, bizi g\u00fcnahlar\u0131ndan hicret eden salih kullar\u0131ndan eylesin! Amin.<\/p>\n<p><a href=\"#_ftnref1\" name=\"_ftn1\">[1]<\/a> Nis\u00e2 suresi, 4:100<\/p>\n<p><a href=\"#_ftnref2\" name=\"_ftn2\">[2]<\/a> Bkz. Elmal\u0131l\u0131 Hamdi Yaz\u0131r: Hak Dini Kuran Dili, 4:100 ayetin tefsiri<\/p>\n<p><a href=\"#_ftnref3\" name=\"_ftn3\">[3]<\/a> M\u00fcsned-i Ahmed, 11\/26, H.No: 6487<\/p>\n<p><a href=\"https:\/\/www.igmg.org\/wp-content\/uploads\/2021\/08\/TR_06_08_21_Gu_nu_mu_zu_n_Hicreti.pdf\"><strong>G\u00fcn\u00fcm\u00fcz\u00fcn Hicreti<\/strong><\/a><\/p>\n","protected":false},"excerpt":{"rendered":"<p>Muhterem Karde\u015flerim! Tarih ile ilgilenmek bug\u00fcn\u00fc anlamak ve yar\u0131na \u0131\u015f\u0131k tutmak ad\u0131na son derece \u00f6nemlidir. Tarih\u00ee bilgilerle ilgilenirken, genelde tarihin seyrini de\u011fi\u015ftiren olaylar ele al\u0131n\u0131r. Bu vakalar, ya\u015fanan \u00e7a\u011f\u0131 o denli etkilemi\u015ftir ki, art\u0131k o olaydan \u00f6nceki ve sonraki tarihten bahsedilir. Efendimiz \ufdfa\u2019in hicreti de bu olaylardan bir tanesi, hatta \u0130slam tarihi a\u00e7\u0131s\u0131ndan belki de [&hellip;]<\/p>\n","protected":false},"author":1,"featured_media":31304,"comment_status":"open","ping_status":"open","sticky":false,"template":"","format":"standard","meta":{"ngg_post_thumbnail":0},"categories":[23242],"tags":[],"_links":{"self":[{"href":"https:\/\/www.igmg.org\/tr\/wp-json\/wp\/v2\/posts\/41780"}],"collection":[{"href":"https:\/\/www.igmg.org\/tr\/wp-json\/wp\/v2\/posts"}],"about":[{"href":"https:\/\/www.igmg.org\/tr\/wp-json\/wp\/v2\/types\/post"}],"author":[{"embeddable":true,"href":"https:\/\/www.igmg.org\/tr\/wp-json\/wp\/v2\/users\/1"}],"replies":[{"embeddable":true,"href":"https:\/\/www.igmg.org\/tr\/wp-json\/wp\/v2\/comments?post=41780"}],"version-history":[{"count":2,"href":"https:\/\/www.igmg.org\/tr\/wp-json\/wp\/v2\/posts\/41780\/revisions"}],"predecessor-version":[{"id":41817,"href":"https:\/\/www.igmg.org\/tr\/wp-json\/wp\/v2\/posts\/41780\/revisions\/41817"}],"wp:featuredmedia":[{"embeddable":true,"href":"https:\/\/www.igmg.org\/tr\/wp-json\/wp\/v2\/media\/31304"}],"wp:attachment":[{"href":"https:\/\/www.igmg.org\/tr\/wp-json\/wp\/v2\/media?parent=41780"}],"wp:term":[{"taxonomy":"category","embeddable":true,"href":"https:\/\/www.igmg.org\/tr\/wp-json\/wp\/v2\/categories?post=41780"},{"taxonomy":"post_tag","embeddable":true,"href":"https:\/\/www.igmg.org\/tr\/wp-json\/wp\/v2\/tags?post=41780"}],"curies":[{"name":"wp","href":"https:\/\/api.w.org\/{rel}","templated":true}]}}