{"id":41853,"date":"2021-08-13T07:57:45","date_gmt":"2021-08-13T05:57:45","guid":{"rendered":"https:\/\/www.igmg.org\/?p=41853"},"modified":"2021-08-13T07:57:45","modified_gmt":"2021-08-13T05:57:45","slug":"hutbe-asure-guenuenue-dogru-anlamak-2","status":"publish","type":"post","link":"https:\/\/www.igmg.org\/tr\/hutbe-asure-guenuenue-dogru-anlamak-2\/","title":{"rendered":"Hutbe: A\u015fure G\u00fcn\u00fcn\u00fc Do\u011fru Anlamak"},"content":{"rendered":"<p><strong>Muhterem M\u00fcminler!<\/strong><\/p>\n<p>\u00c7ar\u015famba g\u00fcn\u00fc idrak edece\u011fimiz muharrem ay\u0131n\u0131n onuncu g\u00fcn\u00fcne tekab\u00fcl eden A\u015fure g\u00fcn\u00fc, insanl\u0131k tarihinde \u00e7ok \u00f6nemli olaylar\u0131n meydana geldi\u011fi bir g\u00fcnd\u00fcr. Y\u00fcce Peygamberimiz \ufdfa\u2019in m\u00fcbarek torunu Hz. H\u00fcseyin efendimiz, yan\u0131ndaki 72 ki\u015fi ile birlikte zalimler taraf\u0131ndan A\u015fure g\u00fcn\u00fc katledilmi\u015ftir. Yine A\u015fure g\u00fcn\u00fcne tekab\u00fcl eden muharrem ay\u0131n\u0131n onuncu g\u00fcn\u00fc Hz. N\u00fbh\u2019un gemisinin tufandan kurtuldu\u011fu ve Hz. M\u00fbs\u00e2\u2019n\u0131n kavmiyle beraber Allah\u2019\u0131n yard\u0131m\u0131yla K\u0131z\u0131ldeniz\u2019den ge\u00e7ti\u011fi \u015feklinde farkl\u0131 rivayetler de mevcuttur.<\/p>\n<p><strong>Aziz Cemaat!<\/strong><\/p>\n<p>A\u015fure g\u00fcn\u00fcnde meydana gelen Kerbela facias\u0131, \u00fczerinden 1400 y\u0131l ge\u00e7mi\u015f olmas\u0131na ra\u011fmen, \u00fcmmetin g\u00f6nl\u00fcnde kanayan bir yara olmaya devam etmektedir. Zalimlerin siyasi ihtiraslar\u0131na kurban edilmi\u015f olan Hz. H\u00fcseyin efendimizin, yan\u0131ndakiler ile beraber katledilmi\u015f olmas\u0131n\u0131n ac\u0131s\u0131 vicdanlar\u0131m\u0131zdaki tazeli\u011fini korumaktad\u0131r. Kerbela\u2019da ya\u015fanm\u0131\u015f olan vah\u015fetten ders \u00e7\u0131karmal\u0131y\u0131z ve bu ya\u015fanan hadisenin \u00fcmmetin tefrikas\u0131na sebep olmas\u0131na m\u00fcsaade etmemeliyiz. T\u00fcm \u00fcmmetin muhabbeti ve h\u00fcrmeti, Hz. H\u00fcseyin efendimizle ve zulme kar\u015f\u0131 ortaya koydu\u011fu direni\u015fle beraberdir.<\/p>\n<p><strong>De\u011ferli Karde\u015flerim!<\/strong><\/p>\n<p>Tarihimizde ya\u015fanan bu elim hadisenin benzerlerinin, ba\u015fta \u0130slam topraklar\u0131 olmak \u00fczere t\u00fcm mazlum co\u011frafyalarda ya\u015fand\u0131\u011f\u0131na \u015fahit olmaktay\u0131z. \u00dcz\u00fclerek ifade etmeliyiz ki, neredeyse her g\u00fcn A\u015fure\u2019ye ve her yer Kerbela\u2019ya d\u00f6nm\u00fc\u015f durumdad\u0131r.<\/p>\n<p>D\u00fcnyan\u0131n d\u00f6rt bir taraf\u0131nda, g\u00fc\u00e7 sahiplerinin zay\u0131flar\u0131 ezdi\u011fi ve ma\u011fdur etti\u011fine \u015fahit olmaktay\u0131z. Ne yaz\u0131k ki bunu ger\u00e7ekle\u015ftiren zalimler de kendilerini d\u00fcnya kamuoyuna kaosu \u00f6nleyici g\u00fc\u00e7ler olarak pazarlamak arzusundad\u0131rlar. \u00c2deta bu g\u00fcncel duruma dikkat \u00e7eken Allah (c.c.), Kur\u2019\u00e2n-\u0131 Ker\u00eem\u2019de \u015f\u00f6yle buyurmaktad\u0131r.<strong> \u201cKendilerine: \u2018Yery\u00fcz\u00fcnde bozgunculuk yapmay\u0131n.\u2019 dendi\u011fi zaman, \u2018Bizler sadece \u0131slah edicileriz.\u2019 derler.\u201d<\/strong><a href=\"#_ftn1\" name=\"_ftnref1\">[1]<\/a> Ancak unutulmamal\u0131d\u0131r ki, zul\u00fcm ile abad olanlar\u0131n ahireti berbat olur. Kur\u2019\u00e2n-\u0131 Az\u00eem\u00fc\u015f\u015f\u00e2n da bunu \u00e7ok net olarak ifade etmektedir: <strong>\u201cSak\u0131n, Allah\u2019\u0131 zalimlerin yapt\u0131klar\u0131ndan habersiz sanma! Allah, onlar\u0131 ancak g\u00f6zlerin deh\u015fetle bakakalaca\u011f\u0131 bir g\u00fcne erteliyor.\u201d<\/strong><a href=\"#_ftn2\" name=\"_ftnref2\">[2]<\/a> Biz m\u00fcminlere d\u00fc\u015fen ise, t\u00fcm mazlumlara elimizden geldi\u011fince yard\u0131mc\u0131 olmak ve onlar\u0131n dertleriyle dertlenmektir. Zalimlere ve zulme y\u00f6nelik hassasiyetimizi muhafaza etmek ve usule uygun bir \u015fekilde direnmektir. Allah t\u00fcm mazlumlar\u0131n y\u00e2r ve yard\u0131mc\u0131s\u0131 olsun. Zalimleri ise \u0131slah eylesin.&nbsp; &nbsp;&nbsp;&nbsp;&nbsp;&nbsp;<\/p>\n<p><strong>K\u0131ymetli M\u00fcsl\u00fcmanlar!<\/strong><\/p>\n<p>Bu g\u00fcn\u00fc idrak eylerken, Peygamberimiz \ufdfa\u2019in s\u00fcnnetini de ihya etme f\u0131rsat\u0131na sahip bulunmaktay\u0131z. Hz. Peygamber Medine\u2019ye geldi\u011finde, Yahudilerin A\u015fure g\u00fcn\u00fc oru\u00e7 tuttuklar\u0131n\u0131 g\u00f6rd\u00fc. <strong>\u201cBu nedir?\u201d<\/strong> diye sordu. \u201cBu hay\u0131rl\u0131 bir g\u00fcnd\u00fcr. Bu, Allah\u2019\u0131n \u0130srailo\u011fullar\u0131n\u0131 d\u00fc\u015fmanlar\u0131ndan kurtard\u0131\u011f\u0131, bu sebeple de M\u00fbs\u00e2\u2019n\u0131n oru\u00e7 tuttu\u011fu g\u00fcnd\u00fcr.\u201d dediler. Bunun \u00fczerine Hz. Peygamber \ufdfa; <strong>\u201cBen M\u00fbs\u00e2\u2019ya sizden daha yak\u0131n\u0131m.\u201d<\/strong> buyurdu ve hem kendisi bu g\u00fcnde oru\u00e7 tuttu, hem de ba\u015fkalar\u0131n\u0131 oru\u00e7 tutmaya te\u015fvik etti.<a href=\"#_ftn3\" name=\"_ftnref3\">[3]<\/a> Bu mevzudaki di\u011fer hadisleri de dikkate alarak, A\u015fure g\u00fcn\u00fcyle beraber bir \u00f6nceki veya sonraki g\u00fcn\u00fc de d\u00e2hil ederek oru\u00e7 tutarsak b\u00fcy\u00fck bir sevaba nail oluruz.<\/p>\n<p>Rabbimiz, A\u015fure g\u00fcn\u00fcn\u00fc r\u0131zas\u0131na uygun bir \u015fekilde ihya etmeyi ve manas\u0131na muvaf\u0131k d\u00fc\u015fecek bir azme sahip olmay\u0131 nasip eylesin.<\/p>\n<p><a href=\"#_ftnref1\" name=\"_ftn1\">[1]<\/a> Bakara suresi, 2:11<br \/>\n<a href=\"#_ftnref2\" name=\"_ftn2\">[2]<\/a> \u0130br\u00e2h\u00eem suresi, 14:42<br \/>\n<a href=\"#_ftnref3\" name=\"_ftn3\">[3]<\/a> Buh\u00e2r\u00ee, Savm, 69, H.No: 2004; M\u00fcslim, Savm, 127<\/p>\n<p><a href=\"https:\/\/www.igmg.org\/wp-content\/uploads\/2021\/08\/20210813-Hutbe-Asure-Guenuenue-Dogru-Anlamak.pdf\">Hutbe-A\u015fure G\u00fcn\u00fcn\u00fc Do\u011fru Anlamak<\/a><\/p>\n","protected":false},"excerpt":{"rendered":"<p>Muhterem M\u00fcminler!<br \/>\n\u00c7ar\u015famba g\u00fcn\u00fc idrak edece\u011fimiz muharrem ay\u0131n\u0131n onuncu g\u00fcn\u00fcne tekab\u00fcl eden A\u015fure g\u00fcn\u00fc, insanl\u0131k tarihinde \u00e7ok \u00f6nemli olaylar\u0131n meydana geldi\u011fi bir g\u00fcnd\u00fcr. Y\u00fcce Peygamberimiz \ufdfa\u2019in m\u00fcbarek torunu Hz. H\u00fcseyin efendimiz, yan\u0131ndaki 72 ki\u015fi ile birlikte zalimler taraf\u0131ndan A\u015fure g\u00fcn\u00fc katledilmi\u015ftir. Yine A\u015fure g\u00fcn\u00fcne tekab\u00fcl eden muharrem ay\u0131n\u0131n onuncu g\u00fcn\u00fc Hz. N\u00fbh\u2019un gemisinin tufandan kurtuldu\u011fu ve Hz. M\u00fbs\u00e2\u2019n\u0131n kavmiyle beraber Allah\u2019\u0131n yard\u0131m\u0131yla K\u0131z\u0131ldeniz\u2019den ge\u00e7ti\u011fi \u015feklinde farkl\u0131 rivayetler de mevcuttur.<\/p>\n","protected":false},"author":1,"featured_media":31298,"comment_status":"open","ping_status":"open","sticky":false,"template":"","format":"standard","meta":{"ngg_post_thumbnail":0},"categories":[23242],"tags":[],"_links":{"self":[{"href":"https:\/\/www.igmg.org\/tr\/wp-json\/wp\/v2\/posts\/41853"}],"collection":[{"href":"https:\/\/www.igmg.org\/tr\/wp-json\/wp\/v2\/posts"}],"about":[{"href":"https:\/\/www.igmg.org\/tr\/wp-json\/wp\/v2\/types\/post"}],"author":[{"embeddable":true,"href":"https:\/\/www.igmg.org\/tr\/wp-json\/wp\/v2\/users\/1"}],"replies":[{"embeddable":true,"href":"https:\/\/www.igmg.org\/tr\/wp-json\/wp\/v2\/comments?post=41853"}],"version-history":[{"count":1,"href":"https:\/\/www.igmg.org\/tr\/wp-json\/wp\/v2\/posts\/41853\/revisions"}],"predecessor-version":[{"id":41854,"href":"https:\/\/www.igmg.org\/tr\/wp-json\/wp\/v2\/posts\/41853\/revisions\/41854"}],"wp:featuredmedia":[{"embeddable":true,"href":"https:\/\/www.igmg.org\/tr\/wp-json\/wp\/v2\/media\/31298"}],"wp:attachment":[{"href":"https:\/\/www.igmg.org\/tr\/wp-json\/wp\/v2\/media?parent=41853"}],"wp:term":[{"taxonomy":"category","embeddable":true,"href":"https:\/\/www.igmg.org\/tr\/wp-json\/wp\/v2\/categories?post=41853"},{"taxonomy":"post_tag","embeddable":true,"href":"https:\/\/www.igmg.org\/tr\/wp-json\/wp\/v2\/tags?post=41853"}],"curies":[{"name":"wp","href":"https:\/\/api.w.org\/{rel}","templated":true}]}}