{"id":42827,"date":"2021-12-13T14:10:32","date_gmt":"2021-12-13T13:10:32","guid":{"rendered":"https:\/\/www.igmg.org\/?p=42827"},"modified":"2022-01-18T11:41:49","modified_gmt":"2022-01-18T10:41:49","slug":"balkanlarin-istikrarsizlastirilmasi-oenlenmeli","status":"publish","type":"post","link":"https:\/\/www.igmg.org\/tr\/balkanlarin-istikrarsizlastirilmasi-oenlenmeli\/","title":{"rendered":"Balkanlar\u0131n istikrars\u0131zla\u015ft\u0131r\u0131lmas\u0131 \u00f6nlenmeli!"},"content":{"rendered":"<p><strong>\u0130slam Toplumu Mill\u00ee G\u00f6r\u00fc\u015f (IGMG) Genel Ba\u015fkan\u0131 Kemal Erg\u00fcn Bosna-Hersek\u2019teki S\u0131rp b\u00f6lgesel parlamentosunun ayr\u0131l\u0131k\u00e7\u0131 a\u00e7\u0131klamalar\u0131 m\u00fcnasebetiyle bir a\u00e7\u0131klama yapt\u0131. \u201cBalkanlardaki durum endi\u015fe vericidir. Uluslararas\u0131 toplum duruma m\u00fcdahale etmelidir.\u201d diyen Erg\u00fcn s\u00f6zlerini \u015f\u00f6yle s\u00fcrd\u00fcrd\u00fc:<\/strong><\/p>\n<p>\u201cBosna-Hersek\u2019te bulunan S\u0131rp b\u00f6lgesel parlamentosundaki milliyet\u00e7ilerin provokasyonlar\u0131 art\u0131k g\u00f6rmezden gelinemeyecek, hafife al\u0131namayacak bir raddeye varm\u0131\u015ft\u0131r. Bir ba\u015fka gerginli\u011fe daha asla izin verilmemelidir. Uluslararas\u0131 toplum acilen harekete ge\u00e7meli ve b\u00f6lgenin istikrars\u0131zla\u015ft\u0131r\u0131lmas\u0131n\u0131 \u00f6nlemelidir.<\/p>\n<p>Birle\u015fmi\u015f Milletler Bosna-Hersek Y\u00fcksek Temsilcisi\u2019ne de \u00f6nemli sorumluluk d\u00fc\u015fmektedir. Say\u0131n Temsilci inisiyatif al\u0131p harekete ge\u00e7meli, b\u00f6lgedeki gerginli\u011fi d\u00fc\u015f\u00fcrmek i\u00e7in her t\u00fcrl\u00fc \u00f6nlemi almal\u0131 ve Bar\u0131\u015f\u0131 Uygulama Konseyi\u2019ni olup bitenler hakk\u0131nda bilgilendirmelidir. Dayton Antla\u015fmas\u0131 gere\u011fi bunu yapabilecek yeterli yetkiye sahiptir. Ayr\u0131ca Avrupa Birli\u011fi, Bosna-Hersek Cumhurba\u015fkanl\u0131\u011f\u0131 Konseyi S\u0131rp \u00fcyesini bu ayr\u0131l\u0131k\u00e7\u0131 tutumundan bir an \u00f6nce vazge\u00e7meye zorlamal\u0131d\u0131r.<\/p>\n<p>Bundan 30 y\u0131l \u00f6nceki sava\u015f d\u00f6neminde de benzer provokasyonlar uluslararas\u0131 toplum taraf\u0131ndan endi\u015feyle \u2018izlenmi\u015fti\u2019. Milliyet\u00e7ileri izlemekle yetinildi\u011fi i\u00e7in sonu\u00e7ta Avrupa\u2019n\u0131n en karanl\u0131k d\u00f6nemlerinden birine \u015fahit olduk. Bunun tekrar etmesine asla m\u00fcsaade edilemez. Soyk\u0131r\u0131m da 30 y\u0131l \u00f6nce insanlar\u0131n ya\u015fad\u0131\u011f\u0131 dayan\u0131lmaz trajedi de h\u00e2l\u00e2 haf\u0131zalar\u0131m\u0131zda tazeli\u011fini koruyor. D\u00fcnya kamuoyu gerekli hassasiyeti \u015fimdi g\u00f6stermeli ve b\u00f6lgede krizin derinle\u015fmesine m\u00e2ni olmal\u0131d\u0131r.<\/p>\n<p>Balkanlardaki halklara da \u00f6nemli bir g\u00f6rev d\u00fc\u015f\u00fcyor: Ba\u015fkalar\u0131n\u0131n onlar\u0131 birbirlerine kar\u015f\u0131 k\u0131\u015fk\u0131rtmas\u0131na asla izin vermemeliler. B\u00f6lgedeki din\u00ee ve k\u00fclt\u00fcrel \u00e7e\u015fitlili\u011fin Avrupa\u2019da benzeri yoktur. Ortak ama\u00e7 bunu korumak ve kollamak olmal\u0131d\u0131r.\u201d<\/p>\n","protected":false},"excerpt":{"rendered":"<p>\u0130slam Toplumu Mill\u00ee G\u00f6r\u00fc\u015f (IGMG) Genel Ba\u015fkan\u0131 Kemal Erg\u00fcn Bosna-Hersek\u2019teki S\u0131rp b\u00f6lgesel parlamentosunun ayr\u0131l\u0131k\u00e7\u0131 a\u00e7\u0131klamalar\u0131 m\u00fcnasebetiyle bir a\u00e7\u0131klama yapt\u0131. \u201cBalkanlardaki durum endi\u015fe vericidir. Uluslararas\u0131 toplum duruma m\u00fcdahale etmelidir.\u201d diyen Erg\u00fcn s\u00f6zlerini \u015f\u00f6yle s\u00fcrd\u00fcrd\u00fc:<\/p>\n","protected":false},"author":1,"featured_media":32515,"comment_status":"closed","ping_status":"closed","sticky":false,"template":"","format":"standard","meta":{"ngg_post_thumbnail":0},"categories":[23244,23254],"tags":[24799,24324,24785,24665],"_links":{"self":[{"href":"https:\/\/www.igmg.org\/tr\/wp-json\/wp\/v2\/posts\/42827"}],"collection":[{"href":"https:\/\/www.igmg.org\/tr\/wp-json\/wp\/v2\/posts"}],"about":[{"href":"https:\/\/www.igmg.org\/tr\/wp-json\/wp\/v2\/types\/post"}],"author":[{"embeddable":true,"href":"https:\/\/www.igmg.org\/tr\/wp-json\/wp\/v2\/users\/1"}],"replies":[{"embeddable":true,"href":"https:\/\/www.igmg.org\/tr\/wp-json\/wp\/v2\/comments?post=42827"}],"version-history":[{"count":2,"href":"https:\/\/www.igmg.org\/tr\/wp-json\/wp\/v2\/posts\/42827\/revisions"}],"predecessor-version":[{"id":42829,"href":"https:\/\/www.igmg.org\/tr\/wp-json\/wp\/v2\/posts\/42827\/revisions\/42829"}],"wp:featuredmedia":[{"embeddable":true,"href":"https:\/\/www.igmg.org\/tr\/wp-json\/wp\/v2\/media\/32515"}],"wp:attachment":[{"href":"https:\/\/www.igmg.org\/tr\/wp-json\/wp\/v2\/media?parent=42827"}],"wp:term":[{"taxonomy":"category","embeddable":true,"href":"https:\/\/www.igmg.org\/tr\/wp-json\/wp\/v2\/categories?post=42827"},{"taxonomy":"post_tag","embeddable":true,"href":"https:\/\/www.igmg.org\/tr\/wp-json\/wp\/v2\/tags?post=42827"}],"curies":[{"name":"wp","href":"https:\/\/api.w.org\/{rel}","templated":true}]}}