{"id":43622,"date":"2022-02-24T16:00:28","date_gmt":"2022-02-24T15:00:28","guid":{"rendered":"https:\/\/www.igmg.org\/?p=43622"},"modified":"2022-02-25T12:21:08","modified_gmt":"2022-02-25T11:21:08","slug":"43622","status":"publish","type":"post","link":"https:\/\/www.igmg.org\/tr\/43622\/","title":{"rendered":"Mira\u00e7 Kandili"},"content":{"rendered":"<p><strong>Muhterem Karde\u015flerim! &nbsp;<\/strong><\/p>\n<p>\u00c2lemlere rahmet olarak g\u00f6nderilen sevgili &nbsp;Peygamberimiz Hz. Muhammed Mustafa \ufdfa \u2019in peygamberli\u011finin 12. senesinde isr\u00e2 ve mira\u00e7 hadisesi ger\u00e7ekle\u015fmi\u015ftir. Hicretten \u00f6nce meydana gelmi\u015f bu b\u00fcy\u00fck mucizeyi Y\u00fcce kitab\u0131m\u0131z Kur\u2019\u00e2n-\u0131 Az\u00eem\u00fc\u015f\u015f\u00e2n \u015f\u00f6yle haber vermektedir: <strong>\u201cKendisine ayetlerimizden bir k\u0131sm\u0131n\u0131 g\u00f6sterelim diye kulunu (Muhammed\u2019i) bir gece Mescid-i Haram\u2019dan \u00e7evresini bereketlendirdi\u011fimiz Mescid-i Aks\u00e2\u2019ya g\u00f6t\u00fcren Allah\u2019\u0131n \u015fan\u0131 y\u00fccedir. Hi\u00e7 \u015f\u00fcphesiz o, hakk\u0131yla i\u015fitendir, hakk\u0131yla g\u00f6rendir.\u201d<\/strong><a href=\"#_ftn1\" name=\"_ftnref1\">[1]<\/a><\/p>\n<p><strong>K\u0131ymetli M\u00fcsl\u00fcmanlar<\/strong><strong>!<\/strong><\/p>\n<p>Mekkeli m\u00fc\u015frikler \u0130slam davetini susturmak i\u00e7in i\u015fkence ve eziyette s\u0131n\u0131r tan\u0131mam\u0131\u015f, Peygamberimiz \ufdfa &nbsp;ve ash\u00e2b-\u0131 kir\u00e2ma kar\u015f\u0131 sosyal ve ekonomik boykot uygulam\u0131\u015ft\u0131. Bu zorlu g\u00fcnlerde &nbsp;Peygamber Efendimiz \ufdfa kendisini daima himaye eden amcas\u0131 Ebu T\u00e2lib\u2019i ve en s\u0131k\u0131nt\u0131l\u0131 zamanlar\u0131nda destek\u00e7isi olan sevgili e\u015fi Hz. Hatice validemizi kaybetti. Peygamberimizin himayesiz kald\u0131\u011f\u0131n\u0131 d\u00fc\u015f\u00fcnen m\u00fc\u015frikler eza ve cefalar\u0131n\u0131 daha da art\u0131rd\u0131. Bir \u00e7\u0131k\u0131\u015f yolu arayan Res\u00fblullah \ufdfa \u0130slam\u2019\u0131 tebli\u011f gayesiyle Taif\u2019e gitti. Lakin orada da hakaretlere maruz kalarak ta\u015fland\u0131. M\u00fcbarek ayaklar\u0131 kan revan i\u00e7inde kald\u0131. \u0130\u015fte teselliye en \u00e7ok muhta\u00e7 oldu\u011fu b\u00f6yle bir zamanda Cen\u00e2b-\u0131 Hak, el\u00e7isini himaye ederek ona isr\u00e2 ve mira\u00e7 mucizesini bah\u015fetti.<\/p>\n<p><strong>De\u011ferli M\u00fcminler!<\/strong><\/p>\n<p>Bu mira\u00e7 mucizesinde Allah Resul\u00fc \ufdfa, mira\u00e7tan \u00fcmmetine \u00fc\u00e7 b\u00fcy\u00fck hediye ile d\u00f6nm\u00fc\u015ft\u00fcr.<\/p>\n<p>Sahabenin b\u00fcy\u00fcklerinden Abdullah b. Mes\u2019\u00fbd (r.a.) \u015f\u00f6yle buyurmu\u015ftur: <strong>\u201c\u0130sr\u00e2 olay\u0131 ger\u00e7ekle\u015fti\u011finde Res\u00fblullah\u2019a \u00fc\u00e7 \u015fey verilmi\u015ftir: Be\u015f vakit namaz ve Bakara suresinin son ayetleri ile \u00fcmmetinden Allah\u2019a \u015firk ko\u015fmayanlar\u0131n b\u00fcy\u00fck g\u00fcnahlar\u0131 ma\u011ffiret olunmas\u0131.\u201d<a href=\"#_ftn2\" name=\"_ftnref2\">[2]<\/a><\/strong><\/p>\n<p><strong>K\u0131ymetli M\u00fcsl\u00fcmanlar!<\/strong><\/p>\n<p>Mira\u00e7 Gecesi\u2019nin m\u00fcminlere hediyelerinden birisi olan ve Peygamberimizin <strong>\u201cg\u00f6z\u00fcm\u00fcn nuru\u201d<\/strong><a href=\"#_ftn3\" name=\"_ftnref3\">[3]<\/a> dedi\u011fi be\u015f vakit namaz, M\u00fcsl\u00fcmanlar\u0131n g\u00fcnl\u00fck hayat\u0131ndaki en b\u00fcy\u00fck \u015fiar\u0131d\u0131r. Allah\u2019\u0131 anmak, hat\u0131rlamak ve unutmamak i\u00e7in bir f\u0131rsatt\u0131r. Namaz, Allah ile kul aras\u0131ndaki ba\u011f\u0131 g\u00fc\u00e7lendirme imk\u00e2nd\u0131r. Namaz, m\u00fcminin manevi y\u00fckseli\u015fidir. Namazlar\u0131 d\u00fczenli k\u0131lmak, insan\u0131 ayn\u0131 zamanda g\u00fczel ahlakl\u0131, d\u00fcr\u00fcst, m\u00fctevaz\u0131, merhametli ve adil k\u0131lar. Y\u00fcce Mevlam\u0131z\u0131n ifadesiyle; <strong>\u201cMuhakkak ki namaz hay\u00e2s\u0131zl\u0131ktan ve k\u00f6t\u00fcl\u00fckten al\u0131koyar.\u201d<\/strong><a href=\"#_ftn4\" name=\"_ftnref4\">[4]<\/a> Rabbimiz bizleri g\u00fcnahlar\u0131ndan ar\u0131n\u0131p, &nbsp;be\u015f vakit namaz\u0131 mira\u00e7 \u015fuuruyla k\u0131l\u0131p Allah\u2019\u0131n r\u0131zas\u0131na ula\u015fanlardan eylesin.<\/p>\n<p><strong>Aziz Cemaat!<\/strong><\/p>\n<p>\u0130slam Toplumu Milli G\u00f6r\u00fc\u015f olarak, \u0130slam\u2019a ve insanl\u0131\u011fa hizmetle \u00f6m\u00fcrlerini ge\u00e7irmi\u015f olan \u00f6nden gidenlerimizi an\u0131yoruz. Her y\u0131l \u015fubat ay\u0131nda tertip etti\u011fimiz \u201c\u00d6nden Gidenler\u201d programlar\u0131m\u0131zda \u0130slam\u2019\u0131n \u00f6nc\u00fc \u015fahsiyetleriyle birlikte cemiyetlerimizde hizmette bulunmu\u015f cemaat, idareci veya imam olarak g\u00f6rev yap\u0131p vefat eden b\u00fcy\u00fcklerimizi rahmet ve minnetle &nbsp;anaca\u011f\u0131z. Onlar\u0131 hay\u0131rla y\u00e2d etmek ve gelecek nesiller i\u00e7in rol model olmalar\u0131n\u0131 sa\u011flamak, bizler i\u00e7in \u00f6nemli bir g\u00f6revdir. Yapaca\u011f\u0131m\u0131z programlar, gerek y\u00fcz y\u00fcze gerekse \u00e7evrimi\u00e7i (online) olarak ger\u00e7ekle\u015fecektir. Bu programlar\u0131 takip etmenizi ve istifade etmenizi \u00f6zellikle hat\u0131rlatmak isteriz. Bu vesileyle, Rabbimiz c\u00fcmle ge\u00e7mi\u015flerimize rahmet etsin. Her birinin mek\u00e2n\u0131 cennet olsun.<\/p>\n<p>Rabbimiz Mira\u00e7 Kandilimizi m\u00fcbarek eylesin. Bu geceyi manevi y\u00fckseli\u015fimize vesile k\u0131ls\u0131n. Amin!<\/p>\n<p><a href=\"#_ftnref1\" name=\"_ftn1\">[1]<\/a> \u0130sr\u00e2 suresi, 17:1<\/p>\n<p><a href=\"#_ftnref2\" name=\"_ftn2\">[2]<\/a> M\u00fcslim, \u0130m\u00e2n, 279<\/p>\n<p><a href=\"#_ftnref3\" name=\"_ftn3\">[3]<\/a> Nes\u00e2\u00ee, I\u015frat\u00fc\u2019n-nis\u00e2\u2019, 1<\/p>\n<p><a href=\"#_ftnref4\" name=\"_ftn4\">[4]<\/a> Ankeb\u00fbt suresi, 29:45<\/p>\n<p><a href=\"https:\/\/www.igmg.org\/wp-content\/uploads\/2022\/02\/TR_25_02_22_Mirac_Kandili_.pdf\">Hubte-Mira\u00e7 Kandili<\/a><\/p>\n<p><iframe loading=\"lazy\" style=\"border-radius: 12px;\" src=\"https:\/\/open.spotify.com\/embed\/episode\/0mRpdxiOUl48e9Pw0MMAaS?utm_source=generator\" width=\"100%\" height=\"232\" frameborder=\"0\" allowfullscreen=\"allowfullscreen\"><\/iframe><\/p>\n","protected":false},"excerpt":{"rendered":"<p>\u00c2lemlere rahmet olarak g\u00f6nderilen sevgili \u00a0Peygamberimiz Hz. Muhammed Mustafa \ufdfa \u2019in peygamberli\u011finin 12. senesinde isr\u00e2 ve mira\u00e7 hadisesi ger\u00e7ekle\u015fmi\u015ftir. Hicretten \u00f6nce meydana gelmi\u015f bu b\u00fcy\u00fck mucizeyi Y\u00fcce kitab\u0131m\u0131z Kur\u2019\u00e2n-\u0131 Az\u00eem\u00fc\u015f\u015f\u00e2n \u015f\u00f6yle haber vermektedir: \u201cKendisine ayetlerimizden bir k\u0131sm\u0131n\u0131 g\u00f6sterelim diye kulunu (Muhammed\u2019i) bir gece Mescid-i Haram\u2019dan \u00e7evresini bereketlendirdi\u011fimiz Mescid-i Aks\u00e2\u2019ya g\u00f6t\u00fcren Allah\u2019\u0131n \u015fan\u0131 y\u00fccedir. Hi\u00e7 \u015f\u00fcphesiz o, hakk\u0131yla i\u015fitendir, hakk\u0131yla g\u00f6rendir.\u201d<\/p>\n","protected":false},"author":1,"featured_media":31304,"comment_status":"closed","ping_status":"closed","sticky":false,"template":"","format":"standard","meta":{"ngg_post_thumbnail":0},"categories":[23242,23239],"tags":[],"_links":{"self":[{"href":"https:\/\/www.igmg.org\/tr\/wp-json\/wp\/v2\/posts\/43622"}],"collection":[{"href":"https:\/\/www.igmg.org\/tr\/wp-json\/wp\/v2\/posts"}],"about":[{"href":"https:\/\/www.igmg.org\/tr\/wp-json\/wp\/v2\/types\/post"}],"author":[{"embeddable":true,"href":"https:\/\/www.igmg.org\/tr\/wp-json\/wp\/v2\/users\/1"}],"replies":[{"embeddable":true,"href":"https:\/\/www.igmg.org\/tr\/wp-json\/wp\/v2\/comments?post=43622"}],"version-history":[{"count":3,"href":"https:\/\/www.igmg.org\/tr\/wp-json\/wp\/v2\/posts\/43622\/revisions"}],"predecessor-version":[{"id":43661,"href":"https:\/\/www.igmg.org\/tr\/wp-json\/wp\/v2\/posts\/43622\/revisions\/43661"}],"wp:featuredmedia":[{"embeddable":true,"href":"https:\/\/www.igmg.org\/tr\/wp-json\/wp\/v2\/media\/31304"}],"wp:attachment":[{"href":"https:\/\/www.igmg.org\/tr\/wp-json\/wp\/v2\/media?parent=43622"}],"wp:term":[{"taxonomy":"category","embeddable":true,"href":"https:\/\/www.igmg.org\/tr\/wp-json\/wp\/v2\/categories?post=43622"},{"taxonomy":"post_tag","embeddable":true,"href":"https:\/\/www.igmg.org\/tr\/wp-json\/wp\/v2\/tags?post=43622"}],"curies":[{"name":"wp","href":"https:\/\/api.w.org\/{rel}","templated":true}]}}