{"id":47620,"date":"2023-01-19T16:33:23","date_gmt":"2023-01-19T15:33:23","guid":{"rendered":"https:\/\/www.igmg.org\/?p=47620"},"modified":"2023-01-20T14:42:21","modified_gmt":"2023-01-20T13:42:21","slug":"uec-aylar","status":"publish","type":"post","link":"https:\/\/www.igmg.org\/tr\/uec-aylar\/","title":{"rendered":"\u00dc\u00e7 Aylar"},"content":{"rendered":"<p><strong>Muhterem M\u00fcsl\u00fcmanlar!<\/strong><\/p>\n<p>T\u00fcm mevcudat\u0131 yoktan var edip yaratm\u0131\u015f olan Allah (c.c.) bizlere hayat nimetini bah\u015fetmi\u015ftir. Verilen \u00f6mr\u00fcm\u00fcz\u00fcn her an\u0131 elbette k\u0131ymetlidir. Ancak Cen\u00e2b-\u0131 Hakk\u2019\u0131n, kullar\u0131na l\u00fctuf ve ihsan\u0131n\u0131 bolca ikram etti\u011fi \u00f6zel vakitler vard\u0131r. Recep, \u015faban ve ramazan aylar\u0131 i\u015fte b\u00f6yle birbiri ard\u0131na a\u00e7\u0131lan bereket kap\u0131lar\u0131d\u0131r. Bu m\u00fcstesna zamanlar maddi ve manevi kurtulu\u015fumuza, ebed\u00ee huzur ve mutlulu\u011fumuza vesiledir. Bu rahmet mevsimi, Regaip Gecesi ile evlerimizi \u015fenlendirir, Mira\u00e7 ve Berat geceleriyle zihinlerimizi tefekk\u00fcre sevk eder. Ramazan ay\u0131yla nefislerimizi ve mallar\u0131m\u0131z\u0131 terbiye eder, Kadir Gecesi ile de meleklerin yery\u00fcz\u00fcne inmesiyle zirveye ula\u015f\u0131r. Bu vesileyle \u00fc\u00e7 aylar, d\u00fcnya tela\u015f\u0131yla r\u00fczg\u00e2r gibi ge\u00e7en \u00f6mr\u00fcm\u00fcz\u00fc muhasebe etme, tefekk\u00fcr etme, \u00f6z\u00fcm\u00fcze d\u00f6nme, kendimizle bar\u0131\u015fma, maneviyat\u0131m\u0131z\u0131 g\u00fc\u00e7lendirme zaman\u0131d\u0131r.<\/p>\n<p><strong>De\u011ferli M\u00fcminler!<\/strong><\/p>\n<p>\u0130\u00e7inde ya\u015fad\u0131\u011f\u0131m\u0131z h\u0131z ve haz \u00e7a\u011f\u0131nda insanlar\u0131n b\u00fcy\u00fck \u00e7o\u011funlu\u011fu hayat\u0131n g\u00fcnl\u00fck ak\u0131\u015f\u0131na kendilerini kapt\u0131rm\u0131\u015f ve d\u00fcnyevi me\u015fgalelere dalm\u0131\u015f durumdad\u0131rlar. H\u0131zla ak\u0131p giden g\u00fcnler ve gecelerde, f\u00e2ni olan hazlar\u0131n pe\u015finden ko\u015fmaktad\u0131rlar. Bu gidi\u015fe art\u0131k dur demek, maneviyat\u0131m\u0131z\u0131 tekrar g\u00fc\u00e7lendirmek ad\u0131na \u00fc\u00e7 aylar bizim i\u00e7in \u00e2deta f\u0131rsat ve imk\u00e2n mevsimidir. Bu g\u00fczide mevsimi nefsimizi tezkiye ederek, Allah\u2019a yakla\u015farak, Efendimiz (a.s.)\u2019\u0131n s\u00fcnnetine daha fazla ittiba ederek rahmete d\u00f6n\u00fc\u015ft\u00fcrmeliyiz. Ayn\u0131 \u015fekilde yarat\u0131l\u0131\u015f gayemizi yeniden idrak ederek kalan \u00f6mr\u00fcm\u00fcz\u00fcn muhasebesini yapmal\u0131y\u0131z. Nitekim Kur\u2019\u00e2n-\u0131 Kerim\u2019de, yarat\u0131l\u0131\u015f gayesine uygun hayat s\u00fcren m\u00fcminler \u015f\u00f6yle tarif edilmektedir: \u201c<strong>Onlar ayakta dururken, otururken, yatarken hep Allah\u2019\u0131 anarlar; g\u00f6klerin ve yerin yarat\u0131l\u0131\u015f\u0131n\u0131 d\u00fc\u015f\u00fcn\u00fcrler (ve \u015f\u00f6yle derler:) \u2018Rabbimiz! Sen bunu bo\u015f yere yaratmad\u0131n, seni tenzih ve takdis ederiz. Bizi cehennem azab\u0131ndan koru!\u2019\u201d<a href=\"#_ftn1\" name=\"_ftnref1\"><sup>[1]<\/sup><\/a> <\/strong><\/p>\n<p><strong>K\u0131ymetli Cemaat!<\/strong><\/p>\n<p>Okudu\u011fum \u00e2yet-i ker\u00eemeye g\u00f6re hayat\u0131n\u0131 tanzim eden biz m\u00fcminler, bu m\u00fcbarek zaman dilimini kulluk bilinciyle de\u011ferlendirir, bolca ibadet eder, hay\u0131r ve hasenata y\u00f6neliriz. Ayn\u0131 zamanda t\u00f6vbe isti\u011ffar ederek ge\u00e7mi\u015f g\u00fcnahlar\u0131m\u0131zdan ba\u011f\u0131\u015flanma dileriz. Allah Te\u00e2l\u00e2 Kur\u2019\u00e2n-\u0131 Ker\u00eem\u2019de<strong> \u201cDe ki: Ey haddi a\u015farak kendilerine yaz\u0131k eden kullar\u0131m! Allah\u2019\u0131n rahmetinden \u00fcmidinizi kesmeyin. \u015e\u00fcphesiz Allah b\u00fct\u00fcn g\u00fcnahlar\u0131 affeder. \u00c7\u00fcnk\u00fc O, \u00e7ok ba\u011f\u0131\u015flayand\u0131r, \u00e7ok merhamet edendir.\u201d<a href=\"#_ftn2\" name=\"_ftnref2\">[2]<\/a> <\/strong>diye buyurarak bu konuya dikkat \u00e7eker. Bu mukaddes zamanlarda b\u00fct\u00fcn varl\u0131\u011f\u0131m\u0131zla Mevlam\u0131za y\u00f6nelelim. Onun r\u0131zas\u0131n\u0131 kazanmak i\u00e7in gayret g\u00f6sterelim. \u015eefkatle kalbimiz yumu\u015fas\u0131n, c\u00f6mertlikle ruhumuz ferahlas\u0131n. Her t\u00fcrl\u00fc g\u00fcnahtan ve faydas\u0131z i\u015ften uzak durmakla nefsimiz ar\u0131ns\u0131n. \u015eiar\u0131m\u0131z, ihlas ve samimiyetle ya\u015famak, iyilik ve takvada yar\u0131\u015fmak olsun.<\/p>\n<p><strong>Aziz Karde\u015flerim!<\/strong><\/p>\n<p>\u00dc\u00e7 aylar, m\u00fcbarek ramazan ay\u0131 i\u00e7in haz\u0131rl\u0131kt\u0131r. Sevgili Peygamberimiz bu zaman diliminde <strong>\u201cAllah\u2019\u0131m! Recep ve \u015faban ay\u0131n\u0131 bize bereketli k\u0131l ve bizi ramazan ay\u0131na kavu\u015ftur.\u201d<\/strong><a href=\"#_ftn3\" name=\"_ftnref3\">[3]<\/a> diye niyazda bulunmu\u015ftur. Maneviyata \u00f6nem vermeli, ibadet ve zikirlerimizi \u00e7o\u011faltmal\u0131y\u0131z. Evlatlar\u0131m\u0131za ramazan ay\u0131n\u0131 anlatmal\u0131, ibadetlere te\u015fvik etmeliyiz. \u00dc\u00e7 aylarda s\u00fcnnet-i seniyyeye uygun surette oru\u00e7 tutmaya ba\u015flamal\u0131 ve nefsimizi terbiye etmeliyiz. Namazlar\u0131m\u0131z\u0131 camilerimizde cemaatle k\u0131lmaya gayret etmeli ve cemiyetlerimizdeki e\u011fitim ve sohbet halkalar\u0131na kat\u0131lmal\u0131y\u0131z.<\/p>\n<p>Rabbim \u00fcmmet-i Muhammed\u2019e, \u00fc\u00e7 aylar vesilesiyle ger\u00e7ekle\u015ftirilecek olan ihlasl\u0131 ibadetlerin hat\u0131r\u0131na \u015fuur, dirayet ve basiret ihsan eylesin. Amin!<\/p>\n<p><iframe loading=\"lazy\" style=\"border-radius: 12px;\" src=\"https:\/\/open.spotify.com\/embed\/episode\/2pEBkMznJjr2usKN7ml3yk?utm_source=generator\" width=\"100%\" height=\"152\" frameborder=\"0\" allowfullscreen=\"allowfullscreen\"><\/iframe><\/p>\n<p><a href=\"#_ftnref1\" name=\"_ftn1\">[1]<\/a> \u00c2l-i \u0130mr\u00e2n suresi, 3:191<\/p>\n<p><a href=\"#_ftnref2\" name=\"_ftn2\">[2]<\/a> Z\u00fcmer suresi, 39:53<\/p>\n<p><a href=\"#_ftnref3\" name=\"_ftn3\">[3]<\/a> M\u00fcsned-i Ahmed, H. No: 2346 (Abdullah b. Ahmed\u2019in zev\u00e2idlerindendir)<\/p>\n<p><a href=\"https:\/\/www.igmg.org\/wp-content\/uploads\/2023\/01\/TR_20_01_23_U_c_Aylar_.pdf\">Hutbe-T\u00fcrk\u00e7e<\/a><\/p>\n<p><a href=\"https:\/\/www.igmg.org\/wp-content\/uploads\/2023\/01\/NL_20_01_23_De_heilige_drie_maanden_.pdf\">Hutbe-Hollandaca<\/a><\/p>\n<p><a href=\"https:\/\/www.igmg.org\/wp-content\/uploads\/2023\/01\/NO_20_01_2023_Velsignede_tre_ma_neder_Omer_.pdf\">Hutbe-Norve\u00e7\u00e7e<\/a><\/p>\n<p><a href=\"https:\/\/www.igmg.org\/wp-content\/uploads\/2023\/01\/DK_20_01_23_De_Tre_Velsignede_Ma_neder_.pdf\">Hutbe-Danca<\/a><\/p>\n<p><a href=\"https:\/\/www.igmg.org\/wp-content\/uploads\/2023\/01\/SV_20_01_23_De_tre_mA_naderna_.pdf\">Hutbe-\u0130sve\u00e7\u00e7e<\/a><\/p>\n","protected":false},"excerpt":{"rendered":"<p>T\u00fcm mevcudat\u0131 yoktan var edip yaratm\u0131\u015f olan Allah (c.c.) bizlere hayat nimetini bah\u015fetmi\u015ftir. Verilen \u00f6mr\u00fcm\u00fcz\u00fcn her an\u0131 elbette k\u0131ymetlidir. Ancak Cen\u00e2b-\u0131 Hakk\u2019\u0131n, kullar\u0131na l\u00fctuf ve ihsan\u0131n\u0131 bolca ikram etti\u011fi \u00f6zel vakitler vard\u0131r. Recep, \u015faban ve ramazan aylar\u0131 i\u015fte b\u00f6yle birbiri ard\u0131na a\u00e7\u0131lan bereket kap\u0131lar\u0131d\u0131r. Bu m\u00fcstesna zamanlar maddi ve manevi kurtulu\u015fumuza, ebed\u00ee huzur ve mutlulu\u011fumuza vesiledir.<\/p>\n","protected":false},"author":1,"featured_media":31312,"comment_status":"closed","ping_status":"closed","sticky":false,"template":"","format":"standard","meta":{"ngg_post_thumbnail":0},"categories":[23242,23239],"tags":[],"_links":{"self":[{"href":"https:\/\/www.igmg.org\/tr\/wp-json\/wp\/v2\/posts\/47620"}],"collection":[{"href":"https:\/\/www.igmg.org\/tr\/wp-json\/wp\/v2\/posts"}],"about":[{"href":"https:\/\/www.igmg.org\/tr\/wp-json\/wp\/v2\/types\/post"}],"author":[{"embeddable":true,"href":"https:\/\/www.igmg.org\/tr\/wp-json\/wp\/v2\/users\/1"}],"replies":[{"embeddable":true,"href":"https:\/\/www.igmg.org\/tr\/wp-json\/wp\/v2\/comments?post=47620"}],"version-history":[{"count":2,"href":"https:\/\/www.igmg.org\/tr\/wp-json\/wp\/v2\/posts\/47620\/revisions"}],"predecessor-version":[{"id":47647,"href":"https:\/\/www.igmg.org\/tr\/wp-json\/wp\/v2\/posts\/47620\/revisions\/47647"}],"wp:featuredmedia":[{"embeddable":true,"href":"https:\/\/www.igmg.org\/tr\/wp-json\/wp\/v2\/media\/31312"}],"wp:attachment":[{"href":"https:\/\/www.igmg.org\/tr\/wp-json\/wp\/v2\/media?parent=47620"}],"wp:term":[{"taxonomy":"category","embeddable":true,"href":"https:\/\/www.igmg.org\/tr\/wp-json\/wp\/v2\/categories?post=47620"},{"taxonomy":"post_tag","embeddable":true,"href":"https:\/\/www.igmg.org\/tr\/wp-json\/wp\/v2\/tags?post=47620"}],"curies":[{"name":"wp","href":"https:\/\/api.w.org\/{rel}","templated":true}]}}