{"id":47742,"date":"2023-02-02T17:17:06","date_gmt":"2023-02-02T16:17:06","guid":{"rendered":"https:\/\/www.igmg.org\/?p=47742"},"modified":"2023-02-03T15:06:32","modified_gmt":"2023-02-03T14:06:32","slug":"uestuenluek-ancak-takva-iledir","status":"publish","type":"post","link":"https:\/\/www.igmg.org\/tr\/uestuenluek-ancak-takva-iledir\/","title":{"rendered":"\u00dcst\u00fcnl\u00fck Ancak Takva \u0130ledir"},"content":{"rendered":"<p><strong>K\u0131ymetli M\u00fcsl\u00fcmanlar!<\/strong><\/p>\n<p>\u0130nsanl\u0131\u011f\u0131n saadet ve selameti i\u00e7in g\u00f6nderilmi\u015f olan y\u00fcce dinimiz \u0130slam\u2019da, insanlar\u0131n \u00fcst\u00fcnl\u00fc\u011f\u00fc soy, sop, makam ve mevki ile \u00f6l\u00e7\u00fclmez. \u00c2lemlerin Rabbi olan Allah (c.c.)<strong> \u201cAllah kat\u0131nda en de\u011ferliniz, en derin takva bilincine sahip olan\u0131n\u0131zd\u0131r.\u201d<a href=\"#_ftn1\" name=\"_ftnref1\">[1]<\/a> <\/strong>diye buyurarak, \u00fcst\u00fcnl\u00fc\u011f\u00fcn ancak takva ile oldu\u011funu beyan etmi\u015ftir. T\u00fcm insanl\u0131\u011fa en g\u00fczel \u00f6rnekli\u011fi te\u015fkil eden Hz. Peygamber (s.a.v.) Efendimiz <strong>\u201c\u0130nsanlar\u0131n benim g\u00f6z\u00fcmde en \u00fcst\u00fcn olanlar\u0131, kim olurlarsa olsunlar ve hangi makam ve mevkide bulunurlarsa bulunsunlar, takva sahibi olanlar\u0131d\u0131r.\u201d<a href=\"#_ftn2\" name=\"_ftnref2\">[2]<\/a> <\/strong>buyurarak, insanlar\u0131n derecelendirmesinde asli kriterin takvadan ba\u015fkas\u0131 olamayaca\u011f\u0131n\u0131 bildirmi\u015ftir. <strong>&nbsp;<\/strong><\/p>\n<p><strong>Aziz M\u00fcminler!<\/strong><\/p>\n<p>B\u00fcy\u00fck \u0130slam \u00e2limleri takvaya genellikle, \u201cAllah\u2019tan korkmak\u201d anlam\u0131n\u0131 vermi\u015ftir. Takva kelimesi korku anlam\u0131n\u0131 da i\u00e7ermekle birlikte, bu korkun\u00e7 bir \u015feyden \u00e7ekinmeyi de\u011fil, seven birinin sevdi\u011finin g\u00f6nl\u00fcn\u00fc incitmekten \u00e7ekinmesini, Yaratan\u0131na kar\u015f\u0131 sayg\u0131 ve sorumluluk duyma hassasiyetini ifade eder. Bu ba\u011flamda takvay\u0131 \u201cAllah\u2019a kar\u015f\u0131 sorumluluk bilinci\u201d ifadeleriyle a\u00e7\u0131klayan de\u011ferli \u00e2limlerimiz olmu\u015ftur. Bizleri yoktan var eden Mevlam\u0131za kar\u015f\u0131 sorumluluk bilinci ise Allah\u2019a itaat ederek r\u0131zas\u0131n\u0131 kazanmaya ve azab\u0131ndan sak\u0131nmaya \u00e7al\u0131\u015fmak suretiyle ger\u00e7ekle\u015fir. Bu minvalde takva kelimesini de\u011ferlendirdi\u011fimizde, kulluk bilincine sahip olmakla takva sahibi olmak e\u015f anlaml\u0131 h\u00e2le gelmektedir. \u0130mtihan amac\u0131yla g\u00f6nderildi\u011fimiz \u015fu d\u00fcnyada takva sahibi olmaya gayret etmek her m\u00fcminin \u00fczerine d\u00fc\u015fen \u00f6nemli bir vazifedir. Mevla-i Z\u00fclcelal Hazretleri biz kullar\u0131na <strong>\u201cEy iman edenler! Allah\u2019a kar\u015f\u0131 hakk\u0131yla takva sahibi olun ve ancak M\u00fcsl\u00fcman olarak can verin.\u201d<a href=\"#_ftn3\" name=\"_ftnref3\">[3]<\/a> <\/strong>diye buyurmaktad\u0131r.<\/p>\n<p><strong>De\u011ferli Cemaat!<\/strong><\/p>\n<p>\u0130slam\u2019da insanlara sahip olduklar\u0131 d\u00fcnyevi stat\u00fcleri ve makamlar\u0131 sebebiyle itibar edilmez. Bir insan d\u00fcnyaya h\u00fck\u00fcmdar olsa, nihayetinde girece\u011fi yer iki metrekare toprak par\u00e7as\u0131d\u0131r. Karun kadar zengin olsa, g\u00fcn\u00fc geldi\u011finde t\u00fcm varl\u0131\u011f\u0131n\u0131 b\u0131rak\u0131p gidecektir. Gen\u00e7li\u011fin ve g\u00fczelli\u011fin ge\u00e7ici oldu\u011funu hat\u0131r\u0131m\u0131zdan \u00e7\u0131karmamam\u0131z gerekmektedir. &nbsp;Hayat\u0131n hakikatine v\u00e2k\u0131f olan m\u00fcminler, f\u00e2ni olan d\u00fcnyan\u0131n rengine ve s\u00fcslerine aldanmazlar. Rabbimiz <strong>\u201c<\/strong><strong>Ey \u00c2dem o\u011fullar\u0131! Size mahrem yerlerinizi \u00f6rtecek giysi, s\u00fcslenece\u011finiz elbise yaratt\u0131k. Takva elbisesi, i\u015fte o daha hay\u0131rl\u0131d\u0131r. Bunlar Allah\u2019\u0131n ayetlerindendir. Umulur ki d\u00fc\u015f\u00fcn\u00fcp \u00f6\u011f\u00fct al\u0131rlar.\u201d<\/strong><a href=\"#_ftn4\" name=\"_ftnref4\">[4]<\/a> diye buyurarak, bu hususa dikkat \u00e7ekmi\u015ftir. Ger\u00e7ek anlamdaki sayg\u0131nl\u0131k, onur, izzet ve \u015feref, toplumun nezdindeki mevkimiz de\u011fil, Allah indindeki de\u011ferimizdir.<\/p>\n<p><strong>Muhterem Karde\u015flerim!<\/strong><\/p>\n<p>Abdullah (b. Mesud)\u2019dan nakledildi\u011fine g\u00f6re Peygamberimiz,&nbsp;<strong>\u201cAllah\u2019\u0131m, senden hidayet, takva, iffet ve g\u00f6n\u00fcl zenginli\u011fi istiyorum.\u201d<\/strong><a href=\"#_ftn5\" name=\"_ftnref5\"><strong>[5]<\/strong><\/a> diye niyazda bulunurdu. Bu d\u00fcnyan\u0131n ge\u00e7ici ve ahiretin ise baki oldu\u011funu hat\u0131r\u0131m\u0131zdan \u00e7\u0131karmayal\u0131m. Allah\u2019\u0131n ma\u011ffiretine mazhar olmak ve sonsuz olan cennetine nail olmak i\u00e7in, takva sahibi olmaya gayret edelim.&nbsp;<\/p>\n<p>Allah bizleri kulluk bilincinin gere\u011fi olarak takva elbisesini giyen ve bu vesileyle Onun r\u0131zas\u0131n\u0131 kazanan bahtiyar kullar\u0131ndan eylesin. Amin!<\/p>\n<p><iframe loading=\"lazy\" style=\"border-radius: 12px;\" src=\"https:\/\/open.spotify.com\/embed\/episode\/6ma62ifZ5OYJvL3yc17tif?utm_source=generator\" width=\"100%\" height=\"152\" frameborder=\"0\" allowfullscreen=\"allowfullscreen\"><\/iframe><\/p>\n<p><a href=\"#_ftnref1\" name=\"_ftn1\">[1]<\/a> Hucur\u00e2t suresi, 49:13<\/p>\n<p><a href=\"#_ftnref2\" name=\"_ftn2\">[2]<\/a> \u0130bn Hanbel, V, 236<\/p>\n<p><a href=\"#_ftnref3\" name=\"_ftn3\">[3]<\/a> \u00c2l-i \u0130mr\u00e2n suresi, 3:102<\/p>\n<p><a href=\"#_ftnref4\" name=\"_ftn4\">[4]<\/a> A\u2019r\u00e2f suresi, 7:26<\/p>\n<p><a href=\"#_ftnref5\" name=\"_ftn5\">[5]<\/a> M\u00fcslim, Zikir, 72<\/p>\n<p><a href=\"https:\/\/www.igmg.org\/wp-content\/uploads\/2023\/02\/TR_03_02_22_U_stu_nlu_k_Ancak_Takva_I_ledir_.pdf\">Hutbe-T\u00fcrk\u00e7e<\/a><\/p>\n<p><a href=\"https:\/\/www.igmg.org\/wp-content\/uploads\/2023\/02\/AR_03_02_22_\u0644_\u0627_\u0641_\u0636_\u0644_\u0627_\u0644_\u0627_\u0628_\u0627\u0644\u062a_\u0642_\u0648_\u0649_.pdf\">Hutbe-Arap\u00e7a<\/a><\/p>\n<p><a href=\"https:\/\/www.igmg.org\/wp-content\/uploads\/2023\/02\/NL_03_02_23_Voortreffelijkheid_is_alleen_met_taqwa_2771_.pdf\">Hutbe-Hollandaca<\/a><\/p>\n<p><a href=\"https:\/\/www.igmg.org\/wp-content\/uploads\/2023\/02\/NO_Preken_03_02_2022_Overlegenhet_er_bare_med_Takwa_Fromhetens_.pdf\">Hutbe-Norve\u00e7\u00e7e<\/a><\/p>\n<p><a href=\"https:\/\/www.igmg.org\/wp-content\/uploads\/2023\/02\/DK_03_02_22_Overlegenhed_er_kun_med_Taqwa_.pdf\">Hutbe-Danca<\/a><\/p>\n<p><a href=\"https:\/\/www.igmg.org\/wp-content\/uploads\/2023\/02\/SV_2023_02_03_O_verla_gsenhet_na_s_endast_genom_taqwa.pdf\">Hutbe-\u0130sve\u00e7\u00e7e<\/a><\/p>\n","protected":false},"excerpt":{"rendered":"<p>\u0130nsanl\u0131\u011f\u0131n saadet ve selameti i\u00e7in g\u00f6nderilmi\u015f olan y\u00fcce dinimiz \u0130slam\u2019da, insanlar\u0131n \u00fcst\u00fcnl\u00fc\u011f\u00fc soy, sop, makam ve mevki ile \u00f6l\u00e7\u00fclmez. \u00c2lemlerin Rabbi olan Allah (c.c.) \u201cAllah kat\u0131nda en de\u011ferliniz, en derin takva bilincine sahip olan\u0131n\u0131zd\u0131r.\u201d[1] diye buyurarak, \u00fcst\u00fcnl\u00fc\u011f\u00fcn ancak takva ile oldu\u011funu beyan etmi\u015ftir.<\/p>\n","protected":false},"author":1,"featured_media":31296,"comment_status":"closed","ping_status":"closed","sticky":false,"template":"","format":"standard","meta":{"ngg_post_thumbnail":0},"categories":[23242,23239],"tags":[],"_links":{"self":[{"href":"https:\/\/www.igmg.org\/tr\/wp-json\/wp\/v2\/posts\/47742"}],"collection":[{"href":"https:\/\/www.igmg.org\/tr\/wp-json\/wp\/v2\/posts"}],"about":[{"href":"https:\/\/www.igmg.org\/tr\/wp-json\/wp\/v2\/types\/post"}],"author":[{"embeddable":true,"href":"https:\/\/www.igmg.org\/tr\/wp-json\/wp\/v2\/users\/1"}],"replies":[{"embeddable":true,"href":"https:\/\/www.igmg.org\/tr\/wp-json\/wp\/v2\/comments?post=47742"}],"version-history":[{"count":2,"href":"https:\/\/www.igmg.org\/tr\/wp-json\/wp\/v2\/posts\/47742\/revisions"}],"predecessor-version":[{"id":47781,"href":"https:\/\/www.igmg.org\/tr\/wp-json\/wp\/v2\/posts\/47742\/revisions\/47781"}],"wp:featuredmedia":[{"embeddable":true,"href":"https:\/\/www.igmg.org\/tr\/wp-json\/wp\/v2\/media\/31296"}],"wp:attachment":[{"href":"https:\/\/www.igmg.org\/tr\/wp-json\/wp\/v2\/media?parent=47742"}],"wp:term":[{"taxonomy":"category","embeddable":true,"href":"https:\/\/www.igmg.org\/tr\/wp-json\/wp\/v2\/categories?post=47742"},{"taxonomy":"post_tag","embeddable":true,"href":"https:\/\/www.igmg.org\/tr\/wp-json\/wp\/v2\/tags?post=47742"}],"curies":[{"name":"wp","href":"https:\/\/api.w.org\/{rel}","templated":true}]}}