{"id":49290,"date":"2023-06-26T11:20:07","date_gmt":"2023-06-26T09:20:07","guid":{"rendered":"https:\/\/www.igmg.org\/?p=49290"},"modified":"2023-06-26T11:20:07","modified_gmt":"2023-06-26T09:20:07","slug":"sonneberg-secimleri-islam-toplumunu-derinden-rahatsiz-etti","status":"publish","type":"post","link":"https:\/\/www.igmg.org\/tr\/sonneberg-secimleri-islam-toplumunu-derinden-rahatsiz-etti\/","title":{"rendered":"Sonneberg Se\u00e7imleri \u0130slam Toplumunu Derinden Rahats\u0131z Etti"},"content":{"rendered":"<p><strong>&nbsp;\u0130slam Toplumu Mill\u00ee G\u00f6r\u00fc\u015f (IGMG) Genel Sekreteri Ali Mete a\u015f\u0131r\u0131 sa\u011fc\u0131 AfD\u2019nin Th\u00fcringen eyaletine ba\u011fl\u0131 Sonneberg kaymakaml\u0131\u011f\u0131n\u0131 kazanmas\u0131 \u00fczerine bir a\u00e7\u0131klama yapt\u0131. Ali Mete a\u00e7\u0131klamas\u0131nda &#8220;Sonneberg bir uyar\u0131 de\u011fildir, aksine, hi\u00e7 olmamas\u0131 gerekirdi. Bu sonu\u00e7 hep sa\u011fa oynayan siyaset\u00e7ilerin h\u00e2l\u00e2 meseleyi anlamad\u0131\u011f\u0131n\u0131 g\u00f6steriyor.\u201d dedi. Ali Mete a\u00e7\u0131klamas\u0131nda \u015funlar\u0131 s\u00f6yledi:<\/strong><\/p>\n<p>&#8220;Almanya&#8217;da her iki ki\u015fiden birinin a\u00e7\u0131k\u00e7a \u0130slam d\u00fc\u015fman\u0131 bir partiye oy verdi\u011fi bir yerin bulunmas\u0131 son derece rahats\u0131z edici bir durumdur. Sonneberg se\u00e7imleri bir uyar\u0131 de\u011fil, aksine, a\u015f\u0131r\u0131 sa\u011fc\u0131, \u0131rk\u00e7\u0131 politikac\u0131lar\u0131n \u00e7o\u011funlu\u011fu elde etmesi gibi hi\u00e7 olmamas\u0131 gereken bir \u015feydir. Bu y\u00fczdendir ki, Sonneberg, demokrasinin usulen ger\u00e7ekle\u015fmeyece\u011fini, buna kar\u015f\u0131l\u0131k d\u00fc\u015fmanlar\u0131na kar\u015f\u0131 her zaman dikkatle savunulmas\u0131 gerekti\u011fini g\u00f6stermektedir.<br \/>\n&nbsp;<br \/>\nBu ger\u00e7e\u011fi g\u00f6rmek yerine, siyaset\u00e7ilerin a\u015f\u0131r\u0131 sa\u011f u\u00e7larda nas\u0131l siyaset yapt\u0131\u011f\u0131n\u0131, siyasi s\u00f6ylemlerin nas\u0131l daha da sa\u011fa kayd\u0131r\u0131ld\u0131\u011f\u0131n\u0131, siyasi g\u00fcc\u00fc ele ge\u00e7irmek u\u011fruna a\u015f\u0131r\u0131 sa\u011fc\u0131larla nas\u0131l i\u015f birli\u011fi yap\u0131ld\u0131\u011f\u0131n\u0131 g\u00f6zlemlemek zorunda kald\u0131k. Bunda pay\u0131 olan herkes bu fiyaskodan sorumludur. \u00c7\u00fcnk\u00fc b\u00f6ylece, \u0131rk\u00e7\u0131l\u0131\u011f\u0131 kabul edilebilir k\u0131ld\u0131lar, \u0131rk\u00e7\u0131lar\u0131 da se\u00e7ilebilir h\u00e2le getirdiler.<br \/>\n&nbsp;<br \/>\nSonneberg bir ba\u015flang\u0131\u00e7 de\u011fil, bir son olmal\u0131d\u0131r. Bu, t\u00fcm demokratik g\u00fc\u00e7ler i\u00e7in a\u00e7\u0131k bir g\u00f6revdir. Bu y\u00fczdendir ki \u015fimdi herkesi, eylemlerini yeniden d\u00fczenlemeye, pusulas\u0131n\u0131 \u00f6zg\u00fcr demokratik temel d\u00fczenle ayn\u0131 hizaya getirmeye \u00e7a\u011f\u0131r\u0131yoruz. Bu \u015fekilde devam etmek bizi Sonneberg b\u00f6lgesinin \u00e7ok \u00f6tesinde bir y\u0131k\u0131ma, de\u011ferlerde bir d\u00fc\u015f\u00fc\u015fe, duyars\u0131zla\u015fmaya g\u00f6t\u00fcrecektir.<\/p>\n","protected":false},"excerpt":{"rendered":"<p>\u00a0\u0130slam Toplumu Mill\u00ee G\u00f6r\u00fc\u015f (IGMG) Genel Sekreteri Ali Mete a\u015f\u0131r\u0131 sa\u011fc\u0131 AfD\u2019nin Th\u00fcringen eyaletine ba\u011fl\u0131 Sonneberg kaymakaml\u0131\u011f\u0131n\u0131 kazanmas\u0131 \u00fczerine bir a\u00e7\u0131klama yapt\u0131. Ali Mete a\u00e7\u0131klamas\u0131nda &#8220;Sonneberg bir uyar\u0131 de\u011fildir, aksine, hi\u00e7 olmamas\u0131 gerekirdi. Bu sonu\u00e7 hep sa\u011fa oynayan siyaset\u00e7ilerin h\u00e2l\u00e2 meseleyi anlamad\u0131\u011f\u0131n\u0131 g\u00f6steriyor.\u201d dedi. Ali Mete a\u00e7\u0131klamas\u0131nda \u015funlar\u0131 s\u00f6yledi:<\/p>\n","protected":false},"author":1,"featured_media":32515,"comment_status":"closed","ping_status":"closed","sticky":false,"template":"","format":"standard","meta":{"ngg_post_thumbnail":0},"categories":[23244,23262,23239],"tags":[24712,24345,24885,24886],"_links":{"self":[{"href":"https:\/\/www.igmg.org\/tr\/wp-json\/wp\/v2\/posts\/49290"}],"collection":[{"href":"https:\/\/www.igmg.org\/tr\/wp-json\/wp\/v2\/posts"}],"about":[{"href":"https:\/\/www.igmg.org\/tr\/wp-json\/wp\/v2\/types\/post"}],"author":[{"embeddable":true,"href":"https:\/\/www.igmg.org\/tr\/wp-json\/wp\/v2\/users\/1"}],"replies":[{"embeddable":true,"href":"https:\/\/www.igmg.org\/tr\/wp-json\/wp\/v2\/comments?post=49290"}],"version-history":[{"count":1,"href":"https:\/\/www.igmg.org\/tr\/wp-json\/wp\/v2\/posts\/49290\/revisions"}],"predecessor-version":[{"id":49291,"href":"https:\/\/www.igmg.org\/tr\/wp-json\/wp\/v2\/posts\/49290\/revisions\/49291"}],"wp:featuredmedia":[{"embeddable":true,"href":"https:\/\/www.igmg.org\/tr\/wp-json\/wp\/v2\/media\/32515"}],"wp:attachment":[{"href":"https:\/\/www.igmg.org\/tr\/wp-json\/wp\/v2\/media?parent=49290"}],"wp:term":[{"taxonomy":"category","embeddable":true,"href":"https:\/\/www.igmg.org\/tr\/wp-json\/wp\/v2\/categories?post=49290"},{"taxonomy":"post_tag","embeddable":true,"href":"https:\/\/www.igmg.org\/tr\/wp-json\/wp\/v2\/tags?post=49290"}],"curies":[{"name":"wp","href":"https:\/\/api.w.org\/{rel}","templated":true}]}}