{"id":4965,"date":"2008-03-13T05:26:00","date_gmt":"2008-03-13T04:26:00","guid":{"rendered":"https:\/\/www.igmg.org\/?p=4965"},"modified":"2015-02-16T10:48:15","modified_gmt":"2015-02-16T09:48:15","slug":"stuttgart-ba%c2%b6lgesi-kuraean-ae%c2%b1-kerim-okuma-yarae%c2%b1aymasae%c2%b1-ba%c2%b6lge-finali-fellbachaeta-yapae%c2%b1ldae%c2%b1","status":"publish","type":"post","link":"https:\/\/www.igmg.org\/tr\/stuttgart-ba%c2%b6lgesi-kuraean-ae%c2%b1-kerim-okuma-yarae%c2%b1aymasae%c2%b1-ba%c2%b6lge-finali-fellbachaeta-yapae%c2%b1ldae%c2%b1\/","title":{"rendered":"Stuttgart b\u00f6lgesi Kur&#8217;an-\u0131 Kerim Okuma Yar\u0131\u015fmas\u0131 B\u00f6lge Finali Fellbach&#8217;ta yap\u0131ld\u0131"},"content":{"rendered":"<p>Baden W\u00fcrrtenberg b\u00f6lgesinin farkl\u0131 \u015fubelerinden kat\u0131l\u0131m\u0131n oldu\u011fu yar\u0131\u015fma bir hayli \u00e7eki\u015fmeli ge\u00e7ti.Yakla\u015f\u0131k \u00fc\u00e7 saat devam eden elemeler sonucunda, b\u00fcy\u00fckler kategorisinde birincili\u011fi Schorndorf&#8217;tan Enes Ekinci al\u0131rken, k\u00fc\u00e7\u00fckler kategorisinde ise birincili\u011fi Abdullah Sahan elde etti.<\/p>\n<p>Stuttgart B\u00f6lgesi \u0130r\u015fad Ba\u015fkan\u0131 Nurettin Y\u0131lmaz&#8217;in y\u00f6netti\u011fi ve \u00e7ok say\u0131da kat\u0131l\u0131m\u0131nc\u0131n\u0131n bulundu\u011fu b\u00f6lge finali elemelerine ayn\u0131 zamanda Stuttgart B\u00f6lgesi Ba\u015fkan\u0131 Adem Kaya ve B\u00f6lge Ba\u015fkan yard\u0131mc\u0131s\u0131 Ahmet Temur, Hac ve Umre birimi Ba\u015fkan\u0131 Vedat Talu&#8217;da kat\u0131ld\u0131. Fellbach&#8217;da ger\u00e7ekle\u015ftirilen elemelere \u00f6\u011frencilerini desteklemek i\u00e7in gelen cemiyet ba\u015fkanlar\u0131 ve cemiyet imam hatiplerinin de yar\u0131\u015fma esnas\u0131nda en az \u00f6grenciler kadar heyacanl\u0131 olduklar\u0131 g\u00f6zlerden ka\u00e7mad\u0131. Elemelerde j\u00fcri heyeti de \u015fu isimlerden olu\u015ftu: J\u00fcri Ba\u015fkan\u0131 Nurettin Y\u0131lmaz, J\u00fcri \u00fcyeleri;B\u00fcnyamin Karaca, Harun Narin, \u00dcnal \u00dcnalan, Mustafa Uzun, Ziya Can.<\/p>\n<p>B\u00fcy\u00fckler ve k\u00fc\u00e7\u00fckler kategorisinde toplam otuz yar\u0131\u015fmac\u0131n\u0131n kat\u0131ld\u0131\u011f\u0131 yar\u0131\u015fmada, Enes Ekinci ve Abdullah Sahan&#8217;\u0131n ard\u0131ndan dereceye giren yar\u0131\u015fmac\u0131lar \u015f\u00f6yle: K\u00fc\u00e7\u00fcklerde 2. Esslingen&#8217;den Abd\u00fclbaki Avc\u0131, 3. Wangen&#8217;den Bekir Demirta\u015f. B\u00fcy\u00fcklerde ise; 2. Rasstatt&#8217;tan Zekeriya Serbetci, 3. Nagold&#8217;dan Esadullah \u00c7\u0131nar<\/p>\n<p>Yar\u0131\u015fmada birinci gelen yar\u0131\u015fmac\u0131lara \u00f6d\u00fclleri b\u00f6lge yetkilieri tarafindan verilirken, mansiyon \u00f6d\u00fcllerini de Fellbach Fatih camisi Ba\u015fkan\u0131 Hakk\u0131 Dursun verdi. \u00d6d\u00fcl t\u00f6renin ard\u0131ndan bir konu\u015fma yapan B\u00f6lge Ba\u015fkan\u0131 Adem Kaya, \u015fubelerde verilen e\u011fitimin \u00f6nemine de\u011findi.&nbsp;<\/p>\n","protected":false},"excerpt":{"rendered":"<p>IGMG Stutgart B\u00f6lgesi Kur&#8217;an-\u0131 Kerim Okuma Yar\u0131\u015fmas\u0131 B\u00f6lge Finali b\u00fcy\u00fckler(14-18 ya\u015f) k\u00fc\u00e7\u00fckler (10-13 ya\u015f) kategorilerinde Fellbach \u015fehrinde bulunan Fatih camisinde yap\u0131ld\u0131<\/p>\n","protected":false},"author":1,"featured_media":0,"comment_status":"open","ping_status":"closed","sticky":false,"template":"","format":"standard","meta":{"ngg_post_thumbnail":0},"categories":[23238,24],"tags":[],"_links":{"self":[{"href":"https:\/\/www.igmg.org\/tr\/wp-json\/wp\/v2\/posts\/4965"}],"collection":[{"href":"https:\/\/www.igmg.org\/tr\/wp-json\/wp\/v2\/posts"}],"about":[{"href":"https:\/\/www.igmg.org\/tr\/wp-json\/wp\/v2\/types\/post"}],"author":[{"embeddable":true,"href":"https:\/\/www.igmg.org\/tr\/wp-json\/wp\/v2\/users\/1"}],"replies":[{"embeddable":true,"href":"https:\/\/www.igmg.org\/tr\/wp-json\/wp\/v2\/comments?post=4965"}],"version-history":[{"count":0,"href":"https:\/\/www.igmg.org\/tr\/wp-json\/wp\/v2\/posts\/4965\/revisions"}],"wp:attachment":[{"href":"https:\/\/www.igmg.org\/tr\/wp-json\/wp\/v2\/media?parent=4965"}],"wp:term":[{"taxonomy":"category","embeddable":true,"href":"https:\/\/www.igmg.org\/tr\/wp-json\/wp\/v2\/categories?post=4965"},{"taxonomy":"post_tag","embeddable":true,"href":"https:\/\/www.igmg.org\/tr\/wp-json\/wp\/v2\/tags?post=4965"}],"curies":[{"name":"wp","href":"https:\/\/api.w.org\/{rel}","templated":true}]}}