{"id":49875,"date":"2023-08-10T15:41:04","date_gmt":"2023-08-10T13:41:04","guid":{"rendered":"https:\/\/www.igmg.org\/?p=49875"},"modified":"2023-08-10T15:41:20","modified_gmt":"2023-08-10T13:41:20","slug":"zamanin-kiymetini-bilmek","status":"publish","type":"post","link":"https:\/\/www.igmg.org\/tr\/zamanin-kiymetini-bilmek\/","title":{"rendered":"Zaman\u0131n K\u0131ymetini Bilmek"},"content":{"rendered":"<p style=\"font-weight: 400;\"><strong>K\u0131ymetli M\u00fcsl\u00fcmanlar!<\/strong><\/p>\n<p style=\"font-weight: 400;\">\u00c2lemleri yoktan var eden Allah (c.c.) bizleri mahlukat\u0131n en \u015fereflisi olma imk\u00e2n\u0131na sahip varl\u0131klar olarak yaratm\u0131\u015ft\u0131r. \u0130nsan Allah\u2019a hakk\u0131yla kul olmaya gayret etti\u011finde, meleklerden dahi \u00fcst\u00fcn bir mertebeye ula\u015f\u0131r. Bizatihi Kur\u2019\u00e2n-\u0131 Az\u00eem\u00fc\u015f\u015f\u00e2n\u2019da, \u00e2demo\u011flunun Allah\u2019\u0131n yery\u00fcz\u00fcndeki halifesi oldu\u011fu beyan edilmi\u015ftir; <strong>\u201cSizi yery\u00fcz\u00fcnde halifeler yapan O\u2019dur. Kim ink\u00e2r ederse, ink\u00e2r\u0131 kendi k\u00f6t\u00fcl\u00fc\u011f\u00fcne olur.\u201d<a href=\"applewebdata:\/\/82EE02E8-3259-4EEE-BFC8-88FF269F6CA6#_ftn1\" name=\"_ftnref1\">[1]<\/a><\/strong> Bizlere t\u00fcm bir \u00e2lemi emanet eden Mevla, ancak d\u00fcnya hayat\u0131m\u0131z\u0131 da belli bir zamanla, yani verdi\u011fi \u00f6m\u00fcrle s\u0131n\u0131rland\u0131rm\u0131\u015ft\u0131r. O sebeple, sorumluluklar ile y\u00fcklendi\u011fimiz bu hayat\u0131n ebed\u00ee olmad\u0131\u011f\u0131n\u0131n ve \u00f6l\u00fcm\u00fcn g\u00fcn\u00fc geldi\u011finde kap\u0131m\u0131z\u0131 \u00e7alaca\u011f\u0131n\u0131n bilincinde olmam\u0131z icap etmektedir.&nbsp;&nbsp;<\/p>\n<p style=\"font-weight: 400;\"><strong>Muhterem M\u00fcminler!<\/strong><\/p>\n<p style=\"font-weight: 400;\">Allah (c.c.) Kur\u2019\u00e2n-\u0131 Ker\u00eem\u2019de bir\u00e7ok sureye, de\u011fer atfetti\u011fi hususlara yeminle ba\u015flamaktad\u0131r. Zamana yemin ederek ba\u015flad\u0131\u011f\u0131 Asr suresi bunlardan biridir. <strong>\u201cAsra yemin olsun ki, insan mutlaka bir ziyandad\u0131r. Ancak iman edenler, salih amel i\u015fleyenler, birbirlerine hakk\u0131 tavsiye eden ve sabr\u0131 tavsiye edenler bunun d\u0131\u015f\u0131ndad\u0131r.\u201d<a href=\"applewebdata:\/\/82EE02E8-3259-4EEE-BFC8-88FF269F6CA6#_ftn2\" name=\"_ftnref2\">[2]<\/a><\/strong> \u00c2limlerin \u00e7o\u011funlu\u011funa g\u00f6re, \u201casr\u201d kelimesi \u201cmutlak zaman\u201d anlam\u0131ndad\u0131r ve surenin ba\u015f\u0131nda zamana yemin edilerek onun insan hayat\u0131ndaki yerine ve \u00f6nemine dikkat \u00e7ekilmi\u015ftir. B\u00fcy\u00fck Kur\u2019an m\u00fcfessirlerinden Fahreddin er-R\u00e2z\u00ee, Asr suresinin tefsirinde \u015f\u00f6yle der: \u201cBuz satan birisi pazarda \u015f\u00f6yle ba\u011f\u0131r\u0131yordu: \u2018Sermayesi eriyen bu \u015fahsa merhamet edin!\u2019 Onun bu s\u00f6z\u00fcn\u00fc i\u015fitince, \u2018Bu s\u00f6z Asr suresinin anlam\u0131d\u0131r.\u2019 dedim. \u0130nsana verilen \u00f6m\u00fcr bir buz gibi h\u0131zla erimektedir. E\u011fer bunu ziyan eder veya yanl\u0131\u015f yere harcarsa insan\u0131n h\u00fcsran\u0131na neden olur.\u201d<\/p>\n<p style=\"font-weight: 400;\">Ak\u0131p giden zamana yemin edilmesi, belirtilen d\u00f6rt m\u00fcspet \u00f6zellikten yoksun ge\u00e7ecek bir hayat\u0131n ziyan edilece\u011fine i\u015faret ermektedir. K\u00e2rl\u0131 \u00e7\u0131kanlar, ancak bu d\u00f6rt \u00f6zelli\u011fi ta\u015f\u0131yanlar ve vakitlerini ona g\u00f6re d\u00fczenleyenler&nbsp;olacakt\u0131r.<\/p>\n<p style=\"font-weight: 400;\"><strong>Aziz Cemaat!<\/strong><\/p>\n<p style=\"font-weight: 400;\">Rabbimizin vermi\u015f oldu\u011fu \u00f6mr\u00fcn f\u00e2ni ve zaman\u0131m\u0131z\u0131n k\u0131s\u0131tl\u0131 oldu\u011funu akl\u0131m\u0131zdan \u00e7\u0131karmayal\u0131m. Vaktimizin k\u0131ymetini bilelim ve d\u00fcnya ile ahiretimize faydas\u0131 olmayan i\u015fler ile zaman\u0131m\u0131z\u0131 harcamayal\u0131m. Hz. Peygamber (s.a.v.) Efendimiz \u015f\u00f6yle buyurmu\u015ftur: <strong>\u201c\u0130ki nimet vard\u0131r ki insanlar\u0131n \u00e7o\u011fu (onlar\u0131 de\u011ferlendirme hususunda) aldanm\u0131\u015ft\u0131r: sa\u011fl\u0131k ve bo\u015f zaman.\u201d<\/strong><a href=\"applewebdata:\/\/82EE02E8-3259-4EEE-BFC8-88FF269F6CA6#_ftn3\" name=\"_ftnref3\">[3]<\/a><\/p>\n<p style=\"font-weight: 400;\">\u015euur sahibi bir m\u00fcmin, var olu\u015funun en b\u00fcy\u00fck sermayesi olan hayat\u0131n\u0131 faydas\u0131z i\u015fler ile heder etmez. Hatta bo\u015f kalmamaya ehemmiyet verir. Bu mevzuda Hak Te\u00e2l\u00e2; <strong>\u201cElbette zorlu\u011fun yan\u0131nda bir kolayl\u0131k vard\u0131r. Ger\u00e7ekten, zorlukla beraber bir kolayl\u0131k daha vard\u0131r. Bo\u015f kald\u0131n m\u0131 hemen (ba\u015fka) i\u015fe koyul ve yaln\u0131z Rabbine y\u00f6nel.\u201d<\/strong><a href=\"applewebdata:\/\/82EE02E8-3259-4EEE-BFC8-88FF269F6CA6#_ftn4\" name=\"_ftnref4\">[4]<\/a> diye buyurmaktad\u0131r.<\/p>\n<p style=\"font-weight: 400;\">&nbsp;<\/p>\n<p style=\"font-weight: 400;\"><strong>De\u011ferli Karde\u015flerim! <\/strong><\/p>\n<p style=\"font-weight: 400;\">Zaman\u0131n k\u0131ymetini bilmemiz laz\u0131m. Res\u00fblullah (s.a.v.) bir had\u00ees-i \u015ferifinde; <strong>\u201cBe\u015f \u015fey gelmeden \u00f6nce be\u015f \u015feyin de\u011ferini iyi bil: \u00f6l\u00fcmden \u00f6nce hayat\u0131n, me\u015fguliyetten \u00f6nce bo\u015f zaman\u0131n, yokluktan \u00f6nce varl\u0131\u011f\u0131n, ihtiyarl\u0131ktan \u00f6nce gen\u00e7li\u011fin ve hastal\u0131ktan \u00f6nce sa\u011fl\u0131\u011f\u0131n.\u201d<\/strong><a href=\"applewebdata:\/\/82EE02E8-3259-4EEE-BFC8-88FF269F6CA6#_ftn5\" name=\"_ftnref5\"><sup>[5]<\/sup><\/a> demi\u015ftir. Allah\u2019\u0131n bizlere bah\u015fetti\u011fi say\u0131l\u0131 nefesleri, Onun yoluna ve raz\u0131 oldu\u011fu i\u015flere harcayal\u0131m. D\u00fcnya ve ahiretimizi mamur edecek i\u015flere kendimizi adayal\u0131m.<\/p>\n<p style=\"font-weight: 400;\">Rabbim bizlere, zaman\u0131n\u0131 Allah\u2019\u0131n r\u0131zas\u0131na mutab\u0131k d\u00fc\u015fecek ameller ile ge\u00e7irmeyi nasip eylesin. Amin!<\/p>\n<p><a href=\"applewebdata:\/\/82EE02E8-3259-4EEE-BFC8-88FF269F6CA6#_ftnref1\" name=\"_ftn1\">[1]<\/a> F\u00e2t\u0131r suresi, 35:39<\/p>\n<p><a href=\"applewebdata:\/\/82EE02E8-3259-4EEE-BFC8-88FF269F6CA6#_ftnref2\" name=\"_ftn2\">[2]<\/a> Asr suresi, 103:1-3<\/p>\n<p><a href=\"applewebdata:\/\/82EE02E8-3259-4EEE-BFC8-88FF269F6CA6#_ftnref3\" name=\"_ftn3\">[3]<\/a> Buh\u00e2r\u00ee, Rik\u00e2k, 1<\/p>\n<p><a href=\"applewebdata:\/\/82EE02E8-3259-4EEE-BFC8-88FF269F6CA6#_ftnref4\" name=\"_ftn4\">[4]<\/a> \u0130n\u015fir\u00e2h suresi, 94:5-8<\/p>\n<p><a href=\"applewebdata:\/\/82EE02E8-3259-4EEE-BFC8-88FF269F6CA6#_ftnref5\" name=\"_ftn5\">[5]<\/a> Hakim, el-M\u00fcstedrek, IV, 341<\/p>\n<p>&nbsp;<\/p>\n<p><a class=\"pdf_icon\" href=\"https:\/\/www.igmg.org\/wp-content\/uploads\/2023\/08\/TR_11_08_23_Zamanin_Kiymetini_Bilmek_.pdf\">Hutbe-T\u00fcrk\u00e7e<\/a><\/p>\n<p><a href=\"https:\/\/www.igmg.org\/wp-content\/uploads\/2023\/08\/\u062a\u0639\u0631\u0641_\u0639\u0644\u0649_\u0642\u064a\u0645\u0629_\u0627\u0644\u0648\u0642\u062a_11_08_23_AR_.pdf\">Hutbe-Arap\u00e7a<\/a><\/p>\n<p><a class=\"pdf_icon\" href=\"https:\/\/www.igmg.org\/wp-content\/uploads\/2023\/08\/NL_11_08_23_Belang_van_tijd_beseffen_.pdf\">Hutbe-Hollandaca<\/a><\/p>\n<p><a class=\"pdf_icon\" href=\"https:\/\/www.igmg.org\/wp-content\/uploads\/2023\/08\/NO_11_08_2023_A_kjenne_verdien_av_tiden.pdf\">Hutbe-Norve\u00e7\u00e7e<\/a><\/p>\n<p><a class=\"pdf_icon\" href=\"https:\/\/www.igmg.org\/wp-content\/uploads\/2023\/08\/DK_11_08_23_At_bruge_tiden_fornuftigt_.pdf\">Hutbe-Danca<\/a><\/p>\n<p><a class=\"pdf_icon\" href=\"https:\/\/www.igmg.org\/wp-content\/uploads\/2023\/08\/SV_11_08_23_Att_ta_vara_pa_tiden_.pdf\">Hutbe-\u0130sve\u00e7\u00e7e<\/a><\/p>\n<p><a class=\"pdf_icon\" href=\"https:\/\/www.igmg.org\/wp-content\/uploads\/2023\/08\/FR_11_08_23_Connai_tre_la_valeur_du_temps_.pdf\">Hutbe-<span class=\"Y2IQFc\" lang=\"tr\">Frans\u0131zca<\/span><\/a><\/p>\n<p><a class=\"pdf_icon\" href=\"https:\/\/www.igmg.org\/wp-content\/uploads\/2023\/08\/EN_11_08_23_Knowing_the_Value_of_Time_.pdf\">Hutbe-\u0130ngilizce<\/a><\/p>\n<div class=\"yarpp yarpp-related yarpp-related-website yarpp-related-none yarpp-template-list\"><a class=\"pdf_icon\" href=\"https:\/\/www.igmg.org\/wp-content\/uploads\/2023\/08\/DE_11.08.2023_Die_Zeit_wertschtzen_.pdf\">Hutbe-Almanca<\/a><\/div>\n","protected":false},"excerpt":{"rendered":"<p>\u00c2lemleri yoktan var eden Allah (c.c.) bizleri mahlukat\u0131n en \u015fereflisi olma imk\u00e2n\u0131na sahip varl\u0131klar olarak yaratm\u0131\u015ft\u0131r. \u0130nsan Allah\u2019a hakk\u0131yla kul olmaya gayret etti\u011finde, meleklerden dahi \u00fcst\u00fcn bir mertebeye ula\u015f\u0131r.<\/p>\n","protected":false},"author":1,"featured_media":31302,"comment_status":"closed","ping_status":"closed","sticky":false,"template":"","format":"standard","meta":{"ngg_post_thumbnail":0},"categories":[23242,23256,23239],"tags":[],"_links":{"self":[{"href":"https:\/\/www.igmg.org\/tr\/wp-json\/wp\/v2\/posts\/49875"}],"collection":[{"href":"https:\/\/www.igmg.org\/tr\/wp-json\/wp\/v2\/posts"}],"about":[{"href":"https:\/\/www.igmg.org\/tr\/wp-json\/wp\/v2\/types\/post"}],"author":[{"embeddable":true,"href":"https:\/\/www.igmg.org\/tr\/wp-json\/wp\/v2\/users\/1"}],"replies":[{"embeddable":true,"href":"https:\/\/www.igmg.org\/tr\/wp-json\/wp\/v2\/comments?post=49875"}],"version-history":[{"count":2,"href":"https:\/\/www.igmg.org\/tr\/wp-json\/wp\/v2\/posts\/49875\/revisions"}],"predecessor-version":[{"id":49877,"href":"https:\/\/www.igmg.org\/tr\/wp-json\/wp\/v2\/posts\/49875\/revisions\/49877"}],"wp:featuredmedia":[{"embeddable":true,"href":"https:\/\/www.igmg.org\/tr\/wp-json\/wp\/v2\/media\/31302"}],"wp:attachment":[{"href":"https:\/\/www.igmg.org\/tr\/wp-json\/wp\/v2\/media?parent=49875"}],"wp:term":[{"taxonomy":"category","embeddable":true,"href":"https:\/\/www.igmg.org\/tr\/wp-json\/wp\/v2\/categories?post=49875"},{"taxonomy":"post_tag","embeddable":true,"href":"https:\/\/www.igmg.org\/tr\/wp-json\/wp\/v2\/tags?post=49875"}],"curies":[{"name":"wp","href":"https:\/\/api.w.org\/{rel}","templated":true}]}}