{"id":50332,"date":"2023-09-22T14:59:56","date_gmt":"2023-09-22T12:59:56","guid":{"rendered":"https:\/\/www.igmg.org\/?p=50332"},"modified":"2023-09-22T14:59:56","modified_gmt":"2023-09-22T12:59:56","slug":"emisyonsuz-hafta-cevre-bilinciyle-cami-yolunda-olumlu-bir-aksiyon-suerecini-geride-biraktik","status":"publish","type":"post","link":"https:\/\/www.igmg.org\/tr\/emisyonsuz-hafta-cevre-bilinciyle-cami-yolunda-olumlu-bir-aksiyon-suerecini-geride-biraktik\/","title":{"rendered":"\u201cEmisyonsuz Hafta: \u00c7evre Bilinciyle Cami Yolunda\u201d \u2013 Olumlu bir aksiyon s\u00fcrecini geride b\u0131rakt\u0131k"},"content":{"rendered":"<p><strong>\u0130slam Toplumu Mill\u00ee G\u00f6r\u00fc\u015f (IGMG) \u201cEmisyonsuz Hafta: \u00c7evre Bilinciyle Cami Yolunda\u201d isimli aksiyon haftas\u0131n\u0131 ba\u015far\u0131yla tamamlad\u0131. IGMG\u2019nin Avrupa genelindeki camilerine gelen cemaate aksiyon \u00e7er\u00e7evesinde cami yolunu m\u00fcmk\u00fcn olan en az emisyon kullan\u0131m\u0131yla kat etmeleri tavsiye edildi. Bu ba\u011flamda insanlar camilere y\u00fcr\u00fcyerek, bisikletle veya birle\u015fip tek araba kullanarak geldiler.<\/strong><\/p>\n<p>IGMG Genel Sekreteri Ali Mete: \u201cBu y\u0131l ilk kez d\u00fczenledi\u011fimiz Emisyonsuz Hafta aksiyonu ba\u015far\u0131yla neticelendi. Camiye araba ile gelmek yerine insanlar toplu ta\u015f\u0131ma ara\u00e7lar\u0131n\u0131 kulland\u0131lar veya y\u00fcr\u00fcyerek geldiler. Bu iki imk\u00e2n bulunmad\u0131\u011f\u0131nda ise tek tek arabalar\u0131yla gelmek yerine birle\u015fip tek araba ile camiye gittiler. \u00c7ocuklar da camiye gelirken yeti\u015fkinler gibi cami yolunu emisyonsuz kat ettiler ve cami e\u011fitimlerinde iklim korumas\u0131 konusu i\u015flendi. Bu \u00e7ok \u00f6nemli bir \u00e7al\u0131\u015fma. Kat\u0131l\u0131m sa\u011flayan herkese \u015f\u00fckranlar\u0131m\u0131 sunuyorum.\u201d<\/p>\n<p>Almanya\u2019da sadece cuma namazlar\u0131nda kad\u0131n, erkek, ya\u015fl\u0131 100.000 civar\u0131nda insan camilere gidiyor. Ali Mete: \u201cProjenin neticesini g\u00f6rd\u00fckten sonra art\u0131k bu i\u015fi burada tamamlam\u0131\u015f oldu\u011fumuzu d\u00fc\u015f\u00fcnm\u00fcyor, bunu iyi bir ba\u015flang\u0131\u00e7 olarak g\u00f6r\u00fcyoruz. \u0130klim de\u011fi\u015fikli\u011fine kar\u015f\u0131 \u00f6nlemler alma konusunda sorumlulu\u011fumuzun daim oldu\u011funu d\u00fc\u015f\u00fcn\u00fcyoruz. D\u00fcnya genelinde milyarlarca insan\u0131n iklim de\u011fi\u015fikli\u011finden kaynaklanan ve her ge\u00e7en g\u00fcn artan do\u011fal afetlerle m\u00fccadele etmeleri, ya\u015fam alanlar\u0131n\u0131n ellerinden al\u0131nmas\u0131 asla kabul edilebilir bir durum de\u011fil. Bu problemin \u00e7\u00f6z\u00fcm\u00fc i\u00e7in herkes elini ta\u015f\u0131n alt\u0131na koyabilir, kendi ya\u015fam tarz\u0131n\u0131 mercek alt\u0131na alabilir.\u201d Aksiyon haftas\u0131, bundan sonraki projeler i\u00e7in bir ba\u015flang\u0131\u00e7 mahiyetinde.<\/p>\n<p>Aksiyon haftas\u0131 \u00e7er\u00e7evesinde d\u00fc\u015f\u00fck emisyonlu ya\u015fam ve g\u00fcnl\u00fck ya\u015famda daha fazla \u00e7evre bilinci i\u00e7in camilerde bilgilendirme etkinlikleri d\u00fczenlendi, sosyal medyada bu alandaki imk\u00e2nlar hakk\u0131nda bilgi verildi. Konu ayr\u0131ca teolojik perspektiften de ele al\u0131narak hem hutbelerde hem de camilerdeki din e\u011fitimlerinde i\u015flendi. Cami cemiyetleri elektrikli ara\u00e7lar i\u00e7in \u015farj noktalar\u0131 sa\u011flamalar\u0131, g\u00fcne\u015f panelleri kurmalar\u0131, eski \u0131s\u0131tma sistemlerini yenilemeleri, aksiyon g\u00fcnlerinde bu hedeflere y\u00f6nelik bilgilendirmeler yaparak konuya dair fark\u0131ndal\u0131\u011f\u0131 s\u00fcrekli art\u0131rmalar\u0131 i\u00e7in te\u015fvik edilmeye ve desteklenmeye devam edilecek.<\/p>\n","protected":false},"excerpt":{"rendered":"<p>\u0130slam Toplumu Mill\u00ee G\u00f6r\u00fc\u015f (IGMG) \u201cEmisyonsuz Hafta: \u00c7evre Bilinciyle Cami Yolunda\u201d isimli aksiyon haftas\u0131n\u0131 ba\u015far\u0131yla tamamlad\u0131. IGMG\u2019nin Avrupa genelindeki camilerine gelen cemaate aksiyon \u00e7er\u00e7evesinde cami yolunu m\u00fcmk\u00fcn olan en az emisyon kullan\u0131m\u0131yla kat etmeleri tavsiye edildi. Bu ba\u011flamda insanlar camilere y\u00fcr\u00fcyerek, bisikletle veya birle\u015fip tek araba kullanarak geldiler.<\/p>\n","protected":false},"author":1,"featured_media":32515,"comment_status":"closed","ping_status":"closed","sticky":false,"template":"","format":"standard","meta":{"ngg_post_thumbnail":0},"categories":[23244,23262,23239],"tags":[24895],"_links":{"self":[{"href":"https:\/\/www.igmg.org\/tr\/wp-json\/wp\/v2\/posts\/50332"}],"collection":[{"href":"https:\/\/www.igmg.org\/tr\/wp-json\/wp\/v2\/posts"}],"about":[{"href":"https:\/\/www.igmg.org\/tr\/wp-json\/wp\/v2\/types\/post"}],"author":[{"embeddable":true,"href":"https:\/\/www.igmg.org\/tr\/wp-json\/wp\/v2\/users\/1"}],"replies":[{"embeddable":true,"href":"https:\/\/www.igmg.org\/tr\/wp-json\/wp\/v2\/comments?post=50332"}],"version-history":[{"count":1,"href":"https:\/\/www.igmg.org\/tr\/wp-json\/wp\/v2\/posts\/50332\/revisions"}],"predecessor-version":[{"id":50333,"href":"https:\/\/www.igmg.org\/tr\/wp-json\/wp\/v2\/posts\/50332\/revisions\/50333"}],"wp:featuredmedia":[{"embeddable":true,"href":"https:\/\/www.igmg.org\/tr\/wp-json\/wp\/v2\/media\/32515"}],"wp:attachment":[{"href":"https:\/\/www.igmg.org\/tr\/wp-json\/wp\/v2\/media?parent=50332"}],"wp:term":[{"taxonomy":"category","embeddable":true,"href":"https:\/\/www.igmg.org\/tr\/wp-json\/wp\/v2\/categories?post=50332"},{"taxonomy":"post_tag","embeddable":true,"href":"https:\/\/www.igmg.org\/tr\/wp-json\/wp\/v2\/tags?post=50332"}],"curies":[{"name":"wp","href":"https:\/\/api.w.org\/{rel}","templated":true}]}}