{"id":50507,"date":"2023-10-12T16:23:45","date_gmt":"2023-10-12T14:23:45","guid":{"rendered":"https:\/\/www.igmg.org\/?p=50507"},"modified":"2023-11-03T15:24:06","modified_gmt":"2023-11-03T14:24:06","slug":"iyiligi-emretmek-koetueluekten-menetmek","status":"publish","type":"post","link":"https:\/\/www.igmg.org\/tr\/iyiligi-emretmek-koetueluekten-menetmek\/","title":{"rendered":"\u0130yili\u011fi Emretmek, K\u00f6t\u00fcl\u00fckten Menetmek"},"content":{"rendered":"<p style=\"font-weight: 400;\"><strong>Muhterem M\u00fcsl\u00fcmanlar!<\/strong><\/p>\n<p style=\"font-weight: 400;\">Y\u00fcce Allah\u2019\u0131n insanl\u0131\u011fa rahmet olarak g\u00f6nderdi\u011fi Hz. Muhammed Mustafa (s.a.v.)\u2019in \u00fcmmeti, Rabbimizin; <strong>\u201cSizden, hayra \u00e7a\u011f\u0131ran, iyili\u011fi emreden ve k\u00f6t\u00fcl\u00fckten meneden bir topluluk bulunsun. \u0130\u015fte kurtulu\u015fa erenler onlard\u0131r.\u201d<\/strong><a href=\"applewebdata:\/\/CD2CDE7A-0E12-44F1-8C59-DEE8896F6C71#_ftn1\" name=\"_ftnref1\">[1]<\/a> buyru\u011funa muhatap k\u0131l\u0131nm\u0131\u015ft\u0131r. \u0130slam \u00fcmmeti, bir ba\u015fka \u00e2yet-i ker\u00eemedeki; <strong>\u201cSiz, insanlar i\u00e7in \u00e7\u0131kar\u0131lm\u0131\u015f en hay\u0131rl\u0131 \u00fcmmetsiniz; iyili\u011fi emreder, k\u00f6t\u00fcl\u00fckten vazge\u00e7irmeye \u00e7al\u0131\u015f\u0131r ve Allah\u2019a inan\u0131rs\u0131n\u0131z.\u201d <\/strong>buyru\u011fuyla k\u0131yamete de\u011fin s\u00fcrecek bir vazifeyle onurland\u0131r\u0131lm\u0131\u015ft\u0131r. Her M\u00fcsl\u00fcman, toplumda iyili\u011fin, g\u00fczelli\u011fin ve hayr\u0131n tesisini; k\u00f6t\u00fcl\u00fc\u011f\u00fcn, \u00e7irkinli\u011fin ve \u015ferrin \u00f6nlenmesini kendine vazife edinmekle y\u00fck\u00fcml\u00fcd\u00fcr.<\/p>\n<p style=\"font-weight: 400;\"><strong>Aziz Karde\u015flerim! <\/strong><\/p>\n<p style=\"font-weight: 400;\">Mevla\u2019m\u0131z\u0131n ayetlerde zikretti\u011fi iyilik, dinen ve aklen g\u00fczel olan, yerine getirildi\u011finde ferdin ve toplumun huzurunu sa\u011flayan, d\u00fcnya ve ahiret saadetini kazand\u0131racak t\u00fcm \u015feylere denir. K\u00f6t\u00fcl\u00fck ise, iyili\u011fin tam z\u0131dd\u0131d\u0131r. Di\u011fer bir ifadeyle Kur\u2019an ve s\u00fcnnetin yap\u0131lmas\u0131n\u0131 yasaklad\u0131\u011f\u0131 \u015feylere k\u00f6t\u00fcl\u00fck denir. \u0130yili\u011fi emretmek insanlar\u0131 faydal\u0131 \u015feylere, saadete ve felaha ula\u015ft\u0131rmaya \u00e7al\u0131\u015fmakt\u0131r. K\u00f6t\u00fcl\u00fckten menetmek ise \u0130slam\u2019a uygun olmayan \u015feylerden insanlar\u0131 uzakla\u015ft\u0131rma gayretidir. Dolay\u0131s\u0131yla iyili\u011fi emretmek hayra ula\u015ft\u0131rmak i\u00e7in, k\u00f6t\u00fcl\u00fckten menetmek ise \u015ferden uzakla\u015ft\u0131rmak i\u00e7in yol g\u00f6stermektir. \u0130nsanl\u0131\u011f\u0131n rehberi olan Peygamber (s.a.v.) Efendimiz; <strong>\u201cK\u00fc\u00e7\u00fc\u011f\u00fcm\u00fcze merhamet etmeyen, b\u00fcy\u00fc\u011f\u00fcm\u00fcze sayg\u0131 g\u00f6stermeyen ve iyili\u011fi te\u015fvik edip k\u00f6t\u00fcl\u00fckten sak\u0131nd\u0131rmayan bizden de\u011fildir.\u201d<a href=\"applewebdata:\/\/CD2CDE7A-0E12-44F1-8C59-DEE8896F6C71#_ftn2\" name=\"_ftnref2\">[2]<\/a> <\/strong>diyerek, m\u00fcminlere toplumsal sorumluluklar\u0131n\u0131 hat\u0131rlatm\u0131\u015ft\u0131r.<\/p>\n<p style=\"font-weight: 400;\"><strong>De\u011ferli M\u00fcminler!<\/strong><\/p>\n<p style=\"font-weight: 400;\">Sahip oldu\u011fumuz M\u00fcsl\u00fcman kimli\u011fi, \u00e7evremizde ger\u00e7ekle\u015fen hadiselere kay\u0131ts\u0131z kalmam\u0131za engeldir. Nemelaz\u0131mc\u0131l\u0131k veya bana de\u011fmeyen y\u0131lan bin y\u0131l ya\u015fas\u0131n gibi yanl\u0131\u015f tutumlardan uzak durmam\u0131z gerekir. \u0130nsan\u0131n en bariz \u00f6zelliklerinden birisi sosyal bir varl\u0131k olmas\u0131d\u0131r. \u0130\u00e7inde ya\u015fad\u0131\u011f\u0131m\u0131z sosyal atmosferden etkilenmememiz m\u00fcmk\u00fcn de\u011fildir. Bir meyve sepeti i\u00e7erisinde \u00e7\u00fcr\u00fcmeye ba\u015flam\u0131\u015f elma di\u011fer elmalar\u0131 da \u00e7\u00fcr\u00fct\u00fcr. Toplumdaki iyilik ve k\u00f6t\u00fcl\u00fcklerin kendimize ve evlatlar\u0131m\u0131za sirayet edece\u011finin bilincinde olmak durumunday\u0131z. Nemelaz\u0131mc\u0131l\u0131\u011f\u0131n sonucu sadece bireysel de\u011fil toplumsal felaket olabilir. \u0130yilikler de k\u00f6t\u00fcl\u00fckler gibi bula\u015f\u0131c\u0131d\u0131r. \u0130yiliklerin yayg\u0131nla\u015ft\u0131\u011f\u0131 toplum hastal\u0131klar\u0131n, k\u00fct\u00fckl\u00fcklerin etkisinden kurtularak iyile\u015fir.&nbsp; Unutmamal\u0131y\u0131z ki, \u00e7amur ve batakl\u0131kta \u00e7ok nadiren g\u00fcl biter. G\u00fcller, g\u00fcl bah\u00e7esinde yeti\u015fir. Vesile olaca\u011f\u0131m\u0131z iyiliklerin ve engel olaca\u011f\u0131m\u0131z k\u00f6t\u00fcl\u00fcklerin neticesi bize hem d\u00fcnya hem de ahirette bah\u015fedilecek g\u00fcl bah\u00e7eleri olacakt\u0131r. Res\u00fblullah (s.a.v.) <strong>\u201cBir iyili\u011fe \u00f6nc\u00fcl\u00fck eden kimseye o iyili\u011fi yapan\u0131n ecri gibi sevap vard\u0131r.\u201d<a href=\"applewebdata:\/\/CD2CDE7A-0E12-44F1-8C59-DEE8896F6C71#_ftn3\" name=\"_ftnref3\">[3]<\/a><\/strong>diye buyurmu\u015ftur.<\/p>\n<p style=\"font-weight: 400;\"><strong>K\u0131ymetli Cemaat!<\/strong><\/p>\n<p style=\"font-weight: 400;\">M\u00fcsl\u00fcman bireyler olarak, yapaca\u011f\u0131m\u0131z \u201cemr-i bi\u2019l-ma\u2019r\u00fbf, nehy-i ani\u2019l-m\u00fcnker\u201d ameli, asla zor kullanarak veya \u015fiddete ba\u015fvurarak eda edilecek bir ibadet de\u011fildir. Merhametlilerin en merhametlisi olan Allah (c.c.); <strong>\u201cSen, Rabbinin yoluna hikmetle ve g\u00fczel \u00f6\u011f\u00fctle davet et. Onlarla m\u00fccadeleni en g\u00fczel bir usul ile yap. \u015e\u00fcphesiz ki Rabbin, yolundan sapanlar\u0131 en iyi bilendir, do\u011fru yolda olanlar\u0131 da en iyi O bilir.\u201d<a href=\"applewebdata:\/\/CD2CDE7A-0E12-44F1-8C59-DEE8896F6C71#_ftn4\" name=\"_ftnref4\">[4]<\/a> <\/strong>diye buyurmaktad\u0131r. Bize d\u00fc\u015fen, insanlara g\u00fczel bir \u00fcslup ile yakla\u015fmak, nezaket ve nezahet ile hareket etmektir. Yarg\u0131lay\u0131c\u0131 ve k\u0131nay\u0131c\u0131 olmamakt\u0131r. Bir M\u00fcsl\u00fcman, hi\u00e7bir meseleyi \u015fahsile\u015ftirmez. Yanl\u0131\u015flar\u0131na \u015fahit olduklar\u0131n\u0131 if\u015fa ve tahkir etmekten sak\u0131n\u0131r. \u0130yili\u011fi emredece\u011fim ve k\u00f6t\u00fcl\u00fc\u011fe m\u00e2ni olaca\u011f\u0131m derken, kalp ve g\u00f6n\u00fcl k\u0131rmaz. M\u00fccadelesinin as\u0131l muhatab\u0131 ki\u015filer de\u011fil, yanl\u0131\u015f ve k\u00f6t\u00fc fiillerdir.<\/p>\n<p style=\"font-weight: 400;\">Rabbim bizleri, \u00e7evresinde iyili\u011fi yayg\u0131nla\u015ft\u0131ran ve k\u00f6t\u00fcl\u00fckten sak\u0131nd\u0131ran kullar\u0131ndan eylesin. \u00c2min!&nbsp;<\/p>\n<p style=\"font-weight: 400;\"><strong>Aziz Karde\u015flerim!<\/strong><\/p>\n<p style=\"font-weight: 400;\">Ge\u00e7en hafta itibar\u0131yla Filistin co\u011frafyas\u0131ndaki meydana gelen \u00fcz\u00fcc\u00fc hadiseler, her daim bar\u0131\u015ftan yana olan biz M\u00fcsl\u00fcmanlar\u0131 ziyadesiyle \u00fczm\u00fc\u015ft\u00fcr. Masum ve sivil insanlar\u0131n hayat\u0131na kastedilmesi ve topluca cezaland\u0131r\u0131lmalar\u0131 hangi maksatla olursa olsun kabul edilemez. Akan kan\u0131n bir an evvel durdurulmas\u0131 i\u00e7in taraflar\u0131, uluslararas\u0131 kurumlar\u0131 ve vicdan sahibi herkesi harekete ge\u00e7meye davet ediyoruz. Allah mazlumlar\u0131n yar ve yard\u0131mc\u0131s\u0131 olsun.<\/p>\n<p style=\"font-weight: 400;\">Rabbim bizleri, \u00e7evresinde iyili\u011fi yayg\u0131nla\u015ft\u0131ran ve k\u00f6t\u00fcl\u00fckten sak\u0131nd\u0131ran kullar\u0131ndan eylesin. \u00c2min!<\/p>\n<p><a href=\"applewebdata:\/\/CD2CDE7A-0E12-44F1-8C59-DEE8896F6C71#_ftnref1\" name=\"_ftn1\">[1]<\/a> \u00c2li \u0130mr\u00e2n suresi, 3:104<\/p>\n<p><a href=\"applewebdata:\/\/CD2CDE7A-0E12-44F1-8C59-DEE8896F6C71#_ftnref2\" name=\"_ftn2\">[2]<\/a> Tirmiz\u00ee, Birr, 15<\/p>\n<p><a href=\"applewebdata:\/\/CD2CDE7A-0E12-44F1-8C59-DEE8896F6C71#_ftnref3\" name=\"_ftn3\">[3]<\/a> M\u00fcslim, \u0130m\u00e2re, 133<\/p>\n<p><a href=\"applewebdata:\/\/CD2CDE7A-0E12-44F1-8C59-DEE8896F6C71#_ftnref4\" name=\"_ftn4\">[4]<\/a> Nahl suresi, 16:125<\/p>\n<p><a href=\"https:\/\/www.igmg.org\/wp-content\/uploads\/2023\/10\/TR_13_10_23_I_yilig_i_Emretmek_Ko_tu_lu_kten_Men_Etmek_.pdf\">Hutbe-T\u00fcrk\u00e7e<\/a><\/p>\n<p><a href=\"https:\/\/www.igmg.org\/wp-content\/uploads\/2023\/10\/\u0627\u0644\u0627_\u0645\u0631_\u0628\u0627\u0644\u0645\u0639\u0631\u0648\u0641_\u0648\u0627\u0644\u0646\u0647_\u064a_\u0639\u0646_\u0627\u0644\u0645_\u0646_\u0643_\u0631.pdf\">Hutbe-Arap\u00e7a<\/a><\/p>\n<p><a class=\"pdf_icon\" href=\"https:\/\/www.igmg.org\/wp-content\/uploads\/2023\/10\/NL_13_10_23_Het_goede_gebieden_het_kwade_verbieden_.pdf\">Hutbe-Hollandaca<\/a><\/p>\n<p><a class=\"pdf_icon\" href=\"https:\/\/www.igmg.org\/wp-content\/uploads\/2023\/10\/NO_Khutba_13_10_2023_A_pa_by_det_gode_og_forby_det_onder.pdf\">Hutbe-Norve\u00e7\u00e7e<\/a><\/p>\n<p><a class=\"pdf_icon\" href=\"https:\/\/www.igmg.org\/wp-content\/uploads\/2023\/10\/DK_13_10_23_At_pa_byde_det_gode_og_forbyde_det_onde_.pdf\">Hutbe-Danca<\/a><\/p>\n<p><a class=\"pdf_icon\" href=\"https:\/\/www.igmg.org\/wp-content\/uploads\/2023\/10\/SV_13_10_23_Befalla_godhet_fo_rbjuda_ont_.pdf\">Hutbe-\u0130sve\u00e7\u00e7e<\/a><\/p>\n<p><a class=\"pdf_icon\" href=\"https:\/\/www.igmg.org\/wp-content\/uploads\/2023\/10\/FR_13_10_23_Ordonner_le_bien_interdire_le_mal_.pdf\">Hutbe-<span class=\"Y2IQFc\" lang=\"tr\">Frans\u0131zca<\/span><\/a><\/p>\n<p><a class=\"pdf_icon\" href=\"https:\/\/www.igmg.org\/wp-content\/uploads\/2023\/10\/EN_13_10_23_Enjoin_Good_Forbid_Evil_.pdf\">Hutbe-\u0130ngilizce<\/a><\/p>\n<div class=\"yarpp yarpp-related yarpp-related-website yarpp-related-none yarpp-template-list\"><a class=\"pdf_icon\" href=\"https:\/\/www.igmg.org\/wp-content\/uploads\/2023\/10\/DE_Hutba-13.10.2023-Das-Gute-gebieten-das-Schlechte-verbieten80.pdf\">Hutbe-Almanca<\/a><\/div>\n","protected":false},"excerpt":{"rendered":"<p>Y\u00fcce Allah\u2019\u0131n insanl\u0131\u011fa rahmet olarak g\u00f6nderdi\u011fi Hz. Muhammed Mustafa (s.a.v.)\u2019in \u00fcmmeti, Rabbimizin; \u201cSizden, hayra \u00e7a\u011f\u0131ran, iyili\u011fi emreden ve k\u00f6t\u00fcl\u00fckten meneden bir topluluk bulunsun. \u0130\u015fte kurtulu\u015fa erenler onlard\u0131r.\u201d  buyru\u011funa muhatap k\u0131l\u0131nm\u0131\u015ft\u0131r.<\/p>\n","protected":false},"author":1,"featured_media":31304,"comment_status":"closed","ping_status":"closed","sticky":false,"template":"","format":"standard","meta":{"ngg_post_thumbnail":0},"categories":[23242,23256,23239],"tags":[],"_links":{"self":[{"href":"https:\/\/www.igmg.org\/tr\/wp-json\/wp\/v2\/posts\/50507"}],"collection":[{"href":"https:\/\/www.igmg.org\/tr\/wp-json\/wp\/v2\/posts"}],"about":[{"href":"https:\/\/www.igmg.org\/tr\/wp-json\/wp\/v2\/types\/post"}],"author":[{"embeddable":true,"href":"https:\/\/www.igmg.org\/tr\/wp-json\/wp\/v2\/users\/1"}],"replies":[{"embeddable":true,"href":"https:\/\/www.igmg.org\/tr\/wp-json\/wp\/v2\/comments?post=50507"}],"version-history":[{"count":4,"href":"https:\/\/www.igmg.org\/tr\/wp-json\/wp\/v2\/posts\/50507\/revisions"}],"predecessor-version":[{"id":50733,"href":"https:\/\/www.igmg.org\/tr\/wp-json\/wp\/v2\/posts\/50507\/revisions\/50733"}],"wp:featuredmedia":[{"embeddable":true,"href":"https:\/\/www.igmg.org\/tr\/wp-json\/wp\/v2\/media\/31304"}],"wp:attachment":[{"href":"https:\/\/www.igmg.org\/tr\/wp-json\/wp\/v2\/media?parent=50507"}],"wp:term":[{"taxonomy":"category","embeddable":true,"href":"https:\/\/www.igmg.org\/tr\/wp-json\/wp\/v2\/categories?post=50507"},{"taxonomy":"post_tag","embeddable":true,"href":"https:\/\/www.igmg.org\/tr\/wp-json\/wp\/v2\/tags?post=50507"}],"curies":[{"name":"wp","href":"https:\/\/api.w.org\/{rel}","templated":true}]}}