{"id":5100,"date":"2008-04-09T12:56:00","date_gmt":"2008-04-09T10:56:00","guid":{"rendered":"https:\/\/www.igmg.org\/?p=5100"},"modified":"2015-02-16T10:48:12","modified_gmt":"2015-02-16T09:48:12","slug":"avusturyaaeda-kuraean-ve-rasulullah-sevgisi-buluayturdu","status":"publish","type":"post","link":"https:\/\/www.igmg.org\/tr\/avusturyaaeda-kuraean-ve-rasulullah-sevgisi-buluayturdu\/","title":{"rendered":"Avusturya&#8217;da Kur&#8217;an ve Rasulullah sevgisi bulu\u015fturdu"},"content":{"rendered":"<p>Avusturya&#039;n\u0131n Feldkirch(Montforthaus) ve Innsbruck(Congress) \u015fehirlerinde yap\u0131lan ve iki ayr\u0131 b\u00f6l\u00fcmden olu\u015fan programlar, ezan ile ba\u015flad\u0131. \u0130lk b\u00f6l\u00fcm\u00fcnde Kainat\u0131n G\u00fcl\u00fc, Alemlere Rahmet Hz.Muhammed (sav) an\u0131ld\u0131 ve sanat\u00e7\u0131 Erkan Mutlu sahne ald\u0131. Daha sonra haz\u0131rlanan klipler sunuldu. \u0130lk b\u00f6l\u00fcm\u00fcn sonunda Ayta\u00e7 B\u00fcy\u00fckkavkl\u0131 fon m\u00fczi\u011fi e\u015fli\u011finde &#8220;Efendimiz (sav)&#039;in kutlu do\u011fumu ve Rasulullah sevgisi&#8221;\u009d ba\u015fl\u0131kl\u0131 sunumunu ger\u00e7ekle\u015ftirdi. <\/p>\n<p>Vorarlberg eyalentinde \u00fc\u00e7 (Bregenz, Dornbirn ve Feldkich), Tirol eyalentinde ise d\u00f6rt (Innsbruck, Hall in Tirol, Vomp ve W\u00f6rgl) \u015fube gen\u00e7lik te\u015fkilatlar\u0131n\u0131n bir araya gelerek organize ettikleri programlara Kur&#039;an ziyafeti sunmak \u00fczere Abdulkarim El-Hamdovi (Fas), B\u00fclent Faruk Muhammed (Irak), Mehmet Bilgin (T\u00fcrkiye), Hasan Sadigi (Iran), Abdurrahman Sadien (G\u00fcney Afrika) ve Muhammed Buhayri (M\u0131s\u0131r) kat\u0131ld\u0131lar. Her iki programda yap\u0131lan dua ile sona erdi.<\/p>\n<table>\n<tbody>\n<tr>\n<td><\/td>\n<td><\/td>\n<\/tr>\n<tr>\n<td><\/td>\n<td><\/td>\n<\/tr>\n<\/tbody>\n<\/table>\n","protected":false},"excerpt":{"rendered":"<p>K\u0131sa ad\u0131 A\u0130F olan, Avusturya \u0130slam Federasyonu (IGMG &#8211; Avusturya 2.B\u00f6lge) Gen\u00e7lik Te\u015fkilat\u0131 Ba\u015fkanl\u0131\u011f\u0131na ba\u011fl\u0131 bulunan \u015fube gen\u00e7lik te\u015fkilatlar\u0131n\u0131n m\u00fc\u015fterek olarak ger\u00e7ekle\u015ftirmi\u015f olduklar\u0131 Kur&#8217;an Ziyafeti ve Alemlere Rahmet Hz.Muhammed (sav)&#8217;i anma programlar\u0131na binlerce ki\u015fi kat\u0131ld\u0131<\/p>\n","protected":false},"author":1,"featured_media":0,"comment_status":"open","ping_status":"closed","sticky":false,"template":"","format":"standard","meta":{"ngg_post_thumbnail":0},"categories":[23238,24],"tags":[],"_links":{"self":[{"href":"https:\/\/www.igmg.org\/tr\/wp-json\/wp\/v2\/posts\/5100"}],"collection":[{"href":"https:\/\/www.igmg.org\/tr\/wp-json\/wp\/v2\/posts"}],"about":[{"href":"https:\/\/www.igmg.org\/tr\/wp-json\/wp\/v2\/types\/post"}],"author":[{"embeddable":true,"href":"https:\/\/www.igmg.org\/tr\/wp-json\/wp\/v2\/users\/1"}],"replies":[{"embeddable":true,"href":"https:\/\/www.igmg.org\/tr\/wp-json\/wp\/v2\/comments?post=5100"}],"version-history":[{"count":0,"href":"https:\/\/www.igmg.org\/tr\/wp-json\/wp\/v2\/posts\/5100\/revisions"}],"wp:attachment":[{"href":"https:\/\/www.igmg.org\/tr\/wp-json\/wp\/v2\/media?parent=5100"}],"wp:term":[{"taxonomy":"category","embeddable":true,"href":"https:\/\/www.igmg.org\/tr\/wp-json\/wp\/v2\/categories?post=5100"},{"taxonomy":"post_tag","embeddable":true,"href":"https:\/\/www.igmg.org\/tr\/wp-json\/wp\/v2\/tags?post=5100"}],"curies":[{"name":"wp","href":"https:\/\/api.w.org\/{rel}","templated":true}]}}