{"id":5270,"date":"2008-05-10T06:07:00","date_gmt":"2008-05-10T04:07:00","guid":{"rendered":"https:\/\/www.igmg.org\/?p=5270"},"modified":"2015-02-16T10:48:08","modified_gmt":"2015-02-16T09:48:08","slug":"tefekka%c2%bcr-konferanslarae%c2%b1nae%c2%b1n-yedincisi-yapae%c2%b1ldae%c2%b1","status":"publish","type":"post","link":"https:\/\/www.igmg.org\/tr\/tefekka%c2%bcr-konferanslarae%c2%b1nae%c2%b1n-yedincisi-yapae%c2%b1ldae%c2%b1\/","title":{"rendered":"Tefekk\u00fcr Konferanslar\u0131n\u0131n yedincisi yap\u0131ld\u0131"},"content":{"rendered":"<p>Bad Homburg&#8217;da bulunan Erlenbach Halle salonunda yap\u0131lan programa kat\u0131l\u0131m olduk\u00e7a yo\u011fundu.&nbsp; Program a\u00e7\u0131l\u0131\u015f Kur&#8217;an-\u0131 Kerim&#8217;i ile ba\u015flad\u0131.&nbsp; IGMG Hessen B\u00f6lge Ba\u015fkan\u0131 Mehmet Ate\u015f selamlama ve a\u00e7\u0131l\u0131\u015f konu\u015fmas\u0131 i\u00e7in mikrofona geldi. Ate\u015f; ge\u00e7en sezon d\u00fczenlenmeye ba\u015flanan tefekk\u00fcr konferanslar\u0131n\u0131n insan\u0131m\u0131z taraf\u0131ndan sahiplenildi\u011fini ve bu programlar\u0131n yenilerini \u00f6n\u00fcm\u00fczdeki sezon &#8220;Tefekk\u00fcr Panelleri&#8221;\u009d \u015feklinde d\u00fczenlemeyi d\u00fc\u015f\u00fcnd\u00fcklerini s\u00f6yledi. Hessen B\u00f6lge Ba\u015fkan\u0131 Mehmet Ate\u015f&#8217;ten sonra Tefekk\u00fcr Konferanslar\u0131n\u0131n yedincisini sunmak \u00fczere ESAM Genel Sekreteri ve \u0130ktisat Profes\u00f6r\u00fc Prof. Dr. Arif Ersoy sahneye geldi. Prof. Ersoy &#8220;\u0130slam&#8217;\u0131n Sosyal Devlet ve Ekonomiye Bak\u0131\u015f\u0131&#8221;\u009d konulu konferans\u0131n\u0131 yakla\u015f\u0131k 2,5 saatlik bir zaman diliminde izleyicilere sinevizyon e\u015fli\u011finde sundu.&nbsp; Salonda bulunanlar taraf\u0131ndan p\u00fcr dikkat izlenen konferans sinevizyonla da desteklenince olduk\u00e7a verimli ge\u00e7ti. Program kapan\u0131\u015f Kur&#8217;an-\u0131 Kerim&#8217;i ile sona erdi. Program biti\u015finde Prof. Dr. Arif Ersoy kat\u0131l\u0131mc\u0131larla sohbet etti.<\/p>\n","protected":false},"excerpt":{"rendered":"<p>\u0130slam Toplumu Mill\u00ee G\u00f6r\u00fc\u015f Te\u015fkilatlar\u0131 Hessen B\u00f6lgesi taraf\u0131ndan organize edilen &#8220;Tefekk\u00fcr Konferanslar\u0131&#8221;\u009dn\u0131n yedincisi Bad Homburg&#8217;da yap\u0131ld\u0131<\/p>\n","protected":false},"author":1,"featured_media":0,"comment_status":"open","ping_status":"closed","sticky":false,"template":"","format":"standard","meta":{"ngg_post_thumbnail":0},"categories":[23238,24],"tags":[],"_links":{"self":[{"href":"https:\/\/www.igmg.org\/tr\/wp-json\/wp\/v2\/posts\/5270"}],"collection":[{"href":"https:\/\/www.igmg.org\/tr\/wp-json\/wp\/v2\/posts"}],"about":[{"href":"https:\/\/www.igmg.org\/tr\/wp-json\/wp\/v2\/types\/post"}],"author":[{"embeddable":true,"href":"https:\/\/www.igmg.org\/tr\/wp-json\/wp\/v2\/users\/1"}],"replies":[{"embeddable":true,"href":"https:\/\/www.igmg.org\/tr\/wp-json\/wp\/v2\/comments?post=5270"}],"version-history":[{"count":0,"href":"https:\/\/www.igmg.org\/tr\/wp-json\/wp\/v2\/posts\/5270\/revisions"}],"wp:attachment":[{"href":"https:\/\/www.igmg.org\/tr\/wp-json\/wp\/v2\/media?parent=5270"}],"wp:term":[{"taxonomy":"category","embeddable":true,"href":"https:\/\/www.igmg.org\/tr\/wp-json\/wp\/v2\/categories?post=5270"},{"taxonomy":"post_tag","embeddable":true,"href":"https:\/\/www.igmg.org\/tr\/wp-json\/wp\/v2\/tags?post=5270"}],"curies":[{"name":"wp","href":"https:\/\/api.w.org\/{rel}","templated":true}]}}