{"id":52796,"date":"2024-05-16T17:02:01","date_gmt":"2024-05-16T15:02:01","guid":{"rendered":"https:\/\/www.igmg.org\/?p=52796"},"modified":"2024-05-16T17:02:01","modified_gmt":"2024-05-16T15:02:01","slug":"kardeslik-ve-dayanisma","status":"publish","type":"post","link":"https:\/\/www.igmg.org\/tr\/kardeslik-ve-dayanisma\/","title":{"rendered":"Karde\u015flik ve Dayan\u0131\u015fma\u2028"},"content":{"rendered":"<p><b>Aziz Karde\u015flerim!<span class=\"Apple-converted-space\">&nbsp;<\/span><\/b><\/p>\n<p>Hayat rehberimiz olan Kur\u2019an ve Sevgili Peygamberimiz (s.a.v.)\u2019in s\u00fcnnetinde, kan ba\u011f\u0131n\u0131n \u00f6tesinde bir karde\u015flik olan din karde\u015fli\u011finin \u00f6nemine vurgu yap\u0131lmaktad\u0131r. Allah Te\u00e2l\u00e2 Kur\u2019\u00e2n-\u0131 Ker\u00eem\u2019de \u015f\u00f6yle buyurur: <b>\u201cM\u00fcminler ancak karde\u015ftirler, \u00f6yleyse iki karde\u015finizin aras\u0131n\u0131 d\u00fczeltin, Allah\u2019a itaatsizlikten sak\u0131n\u0131n ki rahmetine mazhar olas\u0131n\u0131z.\u201d<\/b> Bu ayet bizlere, iman etmi\u015f her bir bireyin di\u011fer m\u00fcminlerle karde\u015f oldu\u011funu, iman ba\u011f\u0131n\u0131n her t\u00fcrl\u00fc etnik, sosyal ve k\u00fclt\u00fcrel farkl\u0131l\u0131klar\u0131n \u00fcst\u00fcnde bir ba\u011f oldu\u011funu ifade eder. Dolay\u0131s\u0131yla bu karde\u015flik bizleri birbirimize s\u0131ms\u0131k\u0131 ba\u011flamaktad\u0131r. Hatta ba\u011flamakla kalmay\u0131p, karde\u015fler aras\u0131nda bir hukuk kurar. M\u00fcsl\u00fcman, karde\u015fi hakk\u0131nda zanda bulunamaz, g\u0131ybetini yapamaz, onu k\u00fc\u00e7\u00fcmseyip ho\u015flanmad\u0131\u011f\u0131 isim ya da s\u0131fatlarla ona hitap edemez ve onunla \u00fc\u00e7 g\u00fcnden fazla darg\u0131n kalmaz. M\u00fcsl\u00fcmanlar\u0131 karde\u015f yapan inan\u00e7lar\u0131, onlar\u0131 ayn\u0131 kaynaktan beslenen karde\u015fler toplulu\u011fu anlam\u0131nda, bir \u00fcmmet yapar. Peygamber Efendimiz (s.a.v.) de <i>\u201cM\u00fcminler birbirlerini sevmede, birbirlerine merhamet ve \u015fefkat g\u00f6stermede t\u0131pk\u0131 bir organ\u0131 rahats\u0131zland\u0131\u011f\u0131nda di\u011fer organlar\u0131 da uykusuzluk ve y\u00fcksek ate\u015fle bu ac\u0131y\u0131 payla\u015fan bir bedene benzer.\u201d <\/i>buyurarak, bu karde\u015fli\u011fi veciz bir \u015fekilde tarif etmi\u015ftir.<\/p>\n<p><b><br \/>\nMuhterem M\u00fcsl\u00fcmanlar!<\/b><\/p>\n<p>Bu hadis bizlere m\u00fcminlerin birbirlerine kar\u015f\u0131 sorumluluklar\u0131n\u0131 hat\u0131rlat\u0131r. Zulmetmekten ka\u00e7\u0131nmak, yard\u0131ma ihtiyac\u0131 olan\u0131 korumak ve desteklemek, din karde\u015fli\u011finin gere\u011fidir. Gazze\u2019de, Filistin\u2019de, Do\u011fu T\u00fcrkistan, Myanmar ya da d\u00fcnyan\u0131n herhangi bir yerindeki mazlum din karde\u015flerinin yan\u0131nda olmak i\u015fte bu din karde\u015fli\u011finin gereklili\u011fi ve bu karde\u015flikten ne\u015fet eden bir dayan\u0131\u015fmad\u0131r.<span class=\"Apple-converted-space\">&nbsp;<\/span><\/p>\n<p><b>Aziz Cemaat!<\/b><\/p>\n<p>Din karde\u015fli\u011fi sadece s\u00f6zde kalmaz, fiil\u00ee yans\u0131malar\u0131 da olan bir sorumluluktur. Allah\u2019\u0131n r\u0131zas\u0131n\u0131 kazanman\u0131n yollar\u0131ndan biri de m\u00fcmin karde\u015flerimizi g\u00f6zetmek ve onlara destek olmakt\u0131r. Zira bir ba\u015fka had\u00ees-i \u015ferifte Res\u00fblullah (s.a.v.) \u015f\u00f6yle buyurur: <i>\u201cM\u00fcminin m\u00fcmine kar\u015f\u0131 durumu, bir par\u00e7as\u0131 di\u011fer par\u00e7as\u0131n\u0131 s\u0131ms\u0131k\u0131 kenetleyip tutan binalar gibidir.\u201d<\/i><span class=\"Apple-converted-space\">&nbsp; <\/span>Hz. Peygamber bunu s\u00f6ylerken iki elinin parmaklar\u0131n\u0131 birbiri aras\u0131na ge\u00e7irerek kenetlemi\u015ftir. Bu bilin\u00e7le, her birimiz yak\u0131n \u00e7evremizden ba\u015flayarak karde\u015flerimizle aram\u0131zdaki hukuku g\u00f6zetmeli ve dayan\u0131\u015fma i\u00e7erisinde olmal\u0131y\u0131z.<span class=\"Apple-converted-space\">&nbsp;<\/span><\/p>\n<p><b>Aziz Karde\u015flerim!<\/b><\/p>\n<p>Bu ilah\u00ee bilinci taze tutmal\u0131 ve hayat\u0131m\u0131z\u0131n her alan\u0131na uygulamal\u0131y\u0131z. Karde\u015fli\u011fin ve dayan\u0131\u015fman\u0131n canl\u0131 \u00f6rnekleri olmal\u0131y\u0131z. Karde\u015flikten bahsedilirken bizim tutum ve davran\u0131\u015flar\u0131m\u0131z \u00f6rneklik te\u015fkil etmeli. <span class=\"Apple-converted-space\">&nbsp; <\/span>Duam\u0131z odur ki, Allah bizlere ger\u00e7ek anlamda birer din karde\u015fi olarak ya\u015famay\u0131 nasip etsin. Birbirimizi Allah i\u00e7in sevelim ve birbirimizin kusurlar\u0131n\u0131 \u00f6rtmeyi, ihtiya\u00e7lar\u0131n\u0131 gidermeyi kendimize g\u00f6rev bilip, bu yolda sabit kadem olal\u0131m. Cen\u00e2b-\u0131 Hak bizleri do\u011fru yolunda sabit k\u0131ls\u0131n, karde\u015fli\u011fimizi peki\u015ftirsin ve bizlere merhameti ile muamele eylesin.<\/p>\n<p><b>De\u011ferli Dostlar!<\/b><\/p>\n<p>Hutbemi sonland\u0131r\u0131rken sizleri 19 May\u0131s 2024 Pazar g\u00fcn\u00fc Bel\u00e7ika\u2019n\u0131n Hasselt \u015fehrinde \u0130slam Toplumu Mill\u00ee G\u00f6r\u00fc\u015f Te\u015fkilat\u0131\u2019n\u0131n d\u00fczenledi\u011fi <i>\u201cKarde\u015flik ve Dayan\u0131\u015fma G\u00fcn\u00fc\u201d<\/i>ne davet ediyorum. Te\u015fkilat\u0131m\u0131z\u0131n bir gelene\u011fi olan ve d\u00fcnyan\u0131n pek \u00e7ok \u00fclkesinden M\u00fcsl\u00fcman karde\u015flerimizle bir araya gelece\u011fimiz bu m\u00fcstesna g\u00fcne \u015fahitlik etmek; karde\u015fli\u011fimizi g\u00f6stermek, dayan\u0131\u015fma i\u00e7erisinde ne derece g\u00fc\u00e7l\u00fc oldu\u011fumuzu g\u00f6rmek ve ilan etmek i\u00e7in siz k\u0131ymetli karde\u015flerimizle birlikte olmay\u0131 arzu ediyoruz. Cemiyetlerimizde ilgili y\u00f6netici arkada\u015flar\u0131m\u0131zla ileti\u015fime ge\u00e7ip otob\u00fcslerde yerinizi ay\u0131rtmay\u0131 unutmay\u0131n. Program\u0131m\u0131zda g\u00f6r\u00fc\u015fmek dile\u011fi ile Allah\u2019\u0131n selam\u0131, rahmeti ve bereketi \u00fczerinize olsun. Cuman\u0131z m\u00fcbarek olsun.<span class=\"Apple-converted-space\">&nbsp;<\/span><\/p>\n<p><b><sup>1<\/sup><\/b> Hucur\u00e2t suresi, 49:10<\/p>\n<p><i><sup>2<\/sup><\/i> M\u00fcslim, Birr, 66<\/p>\n<p><sup>3<\/sup> Buh\u00e2r\u00ee, Sal\u00e2t 88, Mez\u00e2lim 5; M\u00fcslim, Birr 65<\/p>\n<p><a class=\"pdf_icon\" href=\"https:\/\/www.igmg.org\/wp-content\/uploads\/2024\/05\/TR_17_05_24_Kardes_lik_ve_Dayanis_ma_.pdf\">Hutbe-T\u00fcrk\u00e7e<\/a><\/p>\n<p><a class=\"pdf_icon\" href=\"https:\/\/www.igmg.org\/wp-content\/uploads\/2024\/05\/DE_17_05_24_Geschwisterlichkeit_und_Solidarita_t_.pdf\">Hutbe-Almanca<\/a><\/p>\n<p><a class=\"pdf_icon\" href=\"https:\/\/www.igmg.org\/wp-content\/uploads\/2024\/05\/EN_17_05_24_Brotherhood_and_Solidarity_.pdf\">Hutbe-\u0130ngilizce<\/a><\/p>\n<p><a class=\"pdf_icon\" href=\"https:\/\/www.igmg.org\/wp-content\/uploads\/2024\/05\/FR_17_05_24_La_fraternite_et_la_solidarite_en_Islam_.pdf\">Hutbe-<span class=\"Y2IQFc\" lang=\"tr\">Frans\u0131zca<\/span><\/a><\/p>\n<p><a class=\"pdf_icon\" href=\"https:\/\/www.igmg.org\/wp-content\/uploads\/2024\/05\/\u0627\u0644\u062a_\u0636_\u0627\u0645_\u0646_\u0627_\u0633_\u0627\u0633_\u0627\u0644\u0627_\u062e_\u0648_\u0629_\u0627\u0644\u0627_\u0633_\u0644_\u0627\u0645_\u064a_\u0629_.pdf\">Hutbe-Arap\u00e7a<\/a><\/p>\n<p><a class=\"pdf_icon\" href=\"https:\/\/www.igmg.org\/wp-content\/uploads\/2024\/05\/NL_17_05_24_Broederschap_en_solidariteit_.pdf\">Hutbe-Hollandaca<\/a><\/p>\n<p>Hutbe-Norve\u00e7\u00e7e<\/p>\n<p><a href=\"https:\/\/www.igmg.org\/wp-content\/uploads\/2024\/05\/DK-17-05-24-Broderskab-Og-Solidaritet.pdf\">Hutbe-Danca<\/a><\/p>\n<p><a class=\"pdf_icon\" href=\"https:\/\/www.igmg.org\/wp-content\/uploads\/2024\/05\/SV_17_05_24_Broderskap_och_solidaritet_.pdf\">Hutbe-\u0130sve\u00e7\u00e7e<\/a><\/p>\n<p>&nbsp;<\/p>\n","protected":false},"excerpt":{"rendered":"<p>Hayat rehberimiz olan Kur\u2019an ve Sevgili Peygamberimiz (s.a.v.)\u2019in s\u00fcnnetinde, kan ba\u011f\u0131n\u0131n \u00f6tesinde bir karde\u015flik olan din karde\u015fli\u011finin \u00f6nemine vurgu yap\u0131lmaktad\u0131r. <\/p>\n","protected":false},"author":1,"featured_media":31304,"comment_status":"closed","ping_status":"closed","sticky":false,"template":"","format":"standard","meta":{"ngg_post_thumbnail":0},"categories":[23242,23256,23239],"tags":[],"_links":{"self":[{"href":"https:\/\/www.igmg.org\/tr\/wp-json\/wp\/v2\/posts\/52796"}],"collection":[{"href":"https:\/\/www.igmg.org\/tr\/wp-json\/wp\/v2\/posts"}],"about":[{"href":"https:\/\/www.igmg.org\/tr\/wp-json\/wp\/v2\/types\/post"}],"author":[{"embeddable":true,"href":"https:\/\/www.igmg.org\/tr\/wp-json\/wp\/v2\/users\/1"}],"replies":[{"embeddable":true,"href":"https:\/\/www.igmg.org\/tr\/wp-json\/wp\/v2\/comments?post=52796"}],"version-history":[{"count":1,"href":"https:\/\/www.igmg.org\/tr\/wp-json\/wp\/v2\/posts\/52796\/revisions"}],"predecessor-version":[{"id":52797,"href":"https:\/\/www.igmg.org\/tr\/wp-json\/wp\/v2\/posts\/52796\/revisions\/52797"}],"wp:featuredmedia":[{"embeddable":true,"href":"https:\/\/www.igmg.org\/tr\/wp-json\/wp\/v2\/media\/31304"}],"wp:attachment":[{"href":"https:\/\/www.igmg.org\/tr\/wp-json\/wp\/v2\/media?parent=52796"}],"wp:term":[{"taxonomy":"category","embeddable":true,"href":"https:\/\/www.igmg.org\/tr\/wp-json\/wp\/v2\/categories?post=52796"},{"taxonomy":"post_tag","embeddable":true,"href":"https:\/\/www.igmg.org\/tr\/wp-json\/wp\/v2\/tags?post=52796"}],"curies":[{"name":"wp","href":"https:\/\/api.w.org\/{rel}","templated":true}]}}