{"id":52972,"date":"2024-06-06T15:39:18","date_gmt":"2024-06-06T13:39:18","guid":{"rendered":"https:\/\/www.igmg.org\/?p=52972"},"modified":"2024-06-06T15:39:18","modified_gmt":"2024-06-06T13:39:18","slug":"toplanma-ve-dirilme-hac","status":"publish","type":"post","link":"https:\/\/www.igmg.org\/tr\/toplanma-ve-dirilme-hac\/","title":{"rendered":"Toplanma ve Dirilme: Hac\u2028"},"content":{"rendered":"<p><b>Aziz Karde\u015flerim!<span class=\"Apple-converted-space\">&nbsp;<\/span><\/b><\/p>\n<p>Hac biz m\u00fcminler i\u00e7in sadece bir ibadet de\u011fil, ayn\u0131 zamanda manevi bir yolculuktur. Hac ibadeti y\u00fcce Allah\u2019\u0131n belirtti\u011fi gibi belli zaman ve mek\u00e2na kay\u0131tl\u0131 olarak yap\u0131l\u0131r. Zilhicce ay\u0131n\u0131n 8, 9 ve 10. g\u00fcnlerinde Mekke, Mina, Arafat, M\u00fczdelife b\u00f6lgelerinde eda edilir. Bu hakikat Kur\u2019an\u2019da \u015f\u00f6yle ifade edilmi\u015ftir: <b>\u201cHac bilinen aylardad\u0131r. Kim o aylarda hacca karar verip niyet ederse, bilsin ki hac s\u0131ras\u0131nda kad\u0131na yakla\u015fmak, g\u00fcnaha sapmak ve tart\u0131\u015f\u0131p \u00e7eki\u015fmek yoktur. Ne hay\u0131r i\u015fleseniz Allah onu bilir. Az\u0131k edinin; ku\u015fkusuz az\u0131\u011f\u0131n en hay\u0131rl\u0131s\u0131 takvad\u0131r. \u00d6yleyse bana sayg\u0131 duyun, ey ak\u0131l sahipleri!\u201d<\/b><\/p>\n<p><b>Muhterem M\u00fcsl\u00fcmanlar!<\/b><\/p>\n<p>Bu ayet, hacc\u0131n sadece bedensel bir ibadet olmad\u0131\u011f\u0131n\u0131, ayn\u0131 zamanda manevi bir ar\u0131nma s\u00fcreci oldu\u011funu bizlere hat\u0131rlat\u0131r. Hac insanlarla huzur i\u00e7erisinde ya\u015famay\u0131 ve g\u00fcndelik hayatta helal olan baz\u0131 \u015feylerden Allah istedi\u011fi i\u00e7in uzak durmay\u0131 \u00f6\u011fretir. Hac, Allah\u2019a yakla\u015fman\u0131n, Onun r\u0131zas\u0131n\u0131 kazanman\u0131n ve g\u00fcnahlar\u0131m\u0131zdan ar\u0131nman\u0131n bir yoludur. Hac, her birimizin i\u00e7 d\u00fcnyas\u0131nda bir ke\u015fif, bir muhasebe ve bir t\u00f6vbe f\u0131rsat\u0131d\u0131r.<\/p>\n<p><b>Aziz Cemaat!<\/b><\/p>\n<p>Sevgili Peygamberimiz Hazreti Muhammed (s.a.v.)\u2019in ifade edildi\u011fi gibi: <i>\u201cBir m\u00fcmin hacda \u2018telbiye\u2019 getirdi\u011finde, yani \u2018Lebbeyk Allahumme lebbeyk\u2019 diyerek Allah\u2019\u0131n \u00e7a\u011fr\u0131s\u0131na icabet etti\u011finde, yery\u00fcz\u00fcndeki ta\u015flar, a\u011fa\u00e7lar, topraklar dahi ona e\u015flik eder.\u201d<\/i> Bu, hacc\u0131n kutsall\u0131\u011f\u0131n\u0131 ve evrensel boyutunu g\u00f6sterir. Bizler hacda yaln\u0131z y\u00fcr\u00fcmez, k\u00e2inat\u0131n tamam\u0131yla birlikte Allah\u2019a do\u011fru bir ad\u0131m atar\u0131z.<\/p>\n<p><b>Muhterem M\u00fcsl\u00fcmanlar!<\/b><\/p>\n<p>Hac zenginle fakiri, beyazla siyah\u0131, b\u00fcy\u00fckle k\u00fc\u00e7\u00fc\u011f\u00fc bir araya getirir. Herkesin ayn\u0131 k\u0131yafeti giydi\u011fi, herkesin ayn\u0131 duygular\u0131 payla\u015ft\u0131\u011f\u0131 ve herkesin Allah kar\u015f\u0131s\u0131nda e\u015fit oldu\u011funu zihinlerimize ve ruhlar\u0131m\u0131za kaz\u0131yan k\u0131ymetli bir zaman dilimidir. Bu, bize d\u00fcnyevi farkl\u0131l\u0131klar\u0131n \u00f6nemsizli\u011fini ve tek \u0130lah kar\u015f\u0131s\u0131nda hepimizin bir oldu\u011funu hat\u0131rlat\u0131r. \u00dcst\u00fcnl\u00fck yaln\u0131zca Allah ile kurdu\u011fumuz irtibat ve sorumluluk bilincimizle \u00f6l\u00e7\u00fcl\u00fcr. Bunun \u00f6l\u00e7e\u011fi \u201ctakva\u201d, \u00f6l\u00e7eni ise y\u00fcce Allah\u2019t\u0131r.<\/p>\n<p><b>K\u0131ymetli Karde\u015flerim!<\/b><\/p>\n<p>Arafat\u2019ta durup g\u00fcnahlar\u0131m\u0131z i\u00e7in af diledi\u011fimiz, M\u00fczdelife\u2019de tefekk\u00fcr edip \u015fuurland\u0131\u011f\u0131m\u0131z, Mina\u2019da \u015feytan ta\u015flad\u0131\u011f\u0131m\u0131z anlar bizlere hayat\u0131n ge\u00e7icili\u011fini, t\u00f6vbenin g\u00fcc\u00fcn\u00fc, sab\u0131r ve sebat\u0131n \u00f6nemini \u00f6\u011fretir. Hac bizlere ayn\u0131 zamanda m\u00fccadele ruhunu, kararl\u0131l\u0131\u011f\u0131 ve \u015feytan\u0131n vesveselerine kar\u015f\u0131 koyma g\u00fcc\u00fcn\u00fc kazand\u0131r\u0131r. Hac bizlere \u00f6lmeden \u00f6nce \u00f6lmeyi, d\u00fcnyevi ba\u011flardan s\u0131yr\u0131lmay\u0131; Efendimiz Hz. Muhammed (s.a.v.)\u2019in bizlere g\u00f6sterdi\u011fi yolda onun izlerini takip ederek y\u00fcr\u00fcmeyi \u00f6\u011fretir.<\/p>\n<p><b>Aziz Karde\u015flerim!<\/b><\/p>\n<p>Unutmayal\u0131m ki, hac bizim i\u00e7in sadece hac\u0131 olmak de\u011fil, hac\u0131 kalmak f\u0131rsat\u0131d\u0131r. Hacda edindi\u011fimiz g\u00fczel hasletleri hac sonras\u0131 g\u00fcndelik hayat\u0131m\u0131za ta\u015f\u0131yal\u0131m. Hacda temizledi\u011fimiz ruhumuzu d\u00f6n\u00fcp geldi\u011fimiz evler, toplumlar ve \u015fehirlerde ayn\u0131 \u015fekilde temiz tutal\u0131m. Hac ibadetinin kazan\u0131mlar\u0131ndan hem kendimiz hem de di\u011fer insanlar istifade etsin diye \u00f6lene kadar hac\u0131 olarak kalmaya gayret edelim. Bir m\u00fctefekkirimizin deyimiyle; namaz camiden \u00e7\u0131k\u0131nca, oru\u00e7 ramazan bitince, hac ise Mekke\u2019den d\u00f6n\u00fcnce ba\u015flar.<\/p>\n<p>Y\u00fcce Allah hac ibadeti i\u00e7in Mekke\u2019de bulunan t\u00fcm hac\u0131 adaylar\u0131n\u0131n haclar\u0131n\u0131, ibadetlerini ve hizmetlerini kabul etsin. Aram\u0131zda hen\u00fcz bu ibadeti yerine getirememi\u015f karde\u015flerimize de yollar a\u00e7\u0131p onlara da hacca gitmeyi ve hac\u0131 olmay\u0131 nasip etsin. Bizleri ve t\u00fcm h\u00fcccac\u0131 hacc\u0131n manevi ikliminden nasiptar k\u0131ls\u0131n. Hacc\u0131n ruhunu \u00f6m\u00fcr boyu kalplerimizde ve davran\u0131\u015flar\u0131m\u0131zda ya\u015famay\u0131 nasip etsin. Amin.<\/p>\n<p><b>De\u011ferli Karde\u015flerim!<\/b><\/p>\n<p>Avrupa\u2019da ya\u015fayan M\u00fcsl\u00fcmanlar olarak ortak sorunlar\u0131m\u0131z mevcut. Helal kesim, ba\u015f\u00f6rt\u00fcs\u00fc yasaklar\u0131, sa\u011f pop\u00fclizmin y\u00fckseli\u015fi, M\u00fcsl\u00fcmanlara y\u00f6nelik sald\u0131r\u0131lar bunlardan ilk akla gelenler. Bu bak\u0131mdan, 6 Haziran ile 9 Haziran tarihleri aras\u0131nda Avrupa Birli\u011fi\u2019ne \u00fcye \u00fclkelerde ger\u00e7ekle\u015fecek olan Avrupa Parlamentosu se\u00e7imlerine kat\u0131l\u0131m sa\u011flamam\u0131z \u00e7ok \u00f6nemli. Karar mercilerinin \u015fekillenmesinde M\u00fcsl\u00fcmanlar olarak biz de etkin olal\u0131m ve oyumuzu&nbsp;kullanal\u0131m<\/p>\n<p>Ayr\u0131ca ge\u00e7ti\u011fimiz g\u00fcnlerde Almanya\u2019n\u0131n Mannheim \u015fehrinde kamuoyunu sarsan, \u00fcz\u00fcc\u00fc bir olay ya\u015fand\u0131. Bir densiz, sokak ortas\u0131nda bir insana ve olaya m\u00fcdahale eden bir polis memuruna b\u0131\u00e7akla sald\u0131rd\u0131. Polis memuru a\u011f\u0131r yaralanarak yo\u011fun bak\u0131ma kald\u0131r\u0131ld\u0131 ve ne yaz\u0131k ki daha sonra hayat\u0131n\u0131 kaybetti. Ailesine, dost ve yak\u0131nlar\u0131na ba\u015fsa\u011fl\u0131\u011f\u0131 diliyoruz.<\/p>\n<p>Bu elim hadise vesilesiyle tekrar hat\u0131rlat\u0131p beyan ederiz ki: IGMG olarak \u015fiddettin her t\u00fcrl\u00fcs\u00fcn\u00fc, kimden gelirse gelsin, kime y\u00f6nelik olursa olsun k\u0131n\u0131yoruz. Toplumun huzurunu bozan her t\u00fcrl\u00fc eylemin kar\u015f\u0131s\u0131nda duruyor, huzurlu bir toplum i\u00e7in var g\u00fcc\u00fcm\u00fczle \u00e7al\u0131\u015f\u0131yoruz. Bu hem insanl\u0131\u011f\u0131m\u0131z\u0131n hem de M\u00fcsl\u00fcmanl\u0131\u011f\u0131m\u0131z\u0131n&nbsp;gere\u011fidir.<\/p>\n<p><b><sup>1<\/sup><\/b> Bakara suresi 2:197<\/p>\n<p><i><sup>2<\/sup><\/i> Tirmiz\u00ee, Hac, 14; \u0130M2921 \u0130bn M\u00e2ce, Men\u00e2sik, 15<\/p>\n<p><a class=\"pdf_icon\" href=\"https:\/\/www.igmg.org\/wp-content\/uploads\/2024\/06\/TR_07_06_24_Toplanma_ve_Dirilme_Hac_.pdf\">Hutbe-T\u00fcrk\u00e7e<\/a><\/p>\n<p><a class=\"pdf_icon\" href=\"https:\/\/www.igmg.org\/wp-content\/uploads\/2024\/06\/07_06_24_Die_Hadsch_belebt_das_Herz.pdf\">Hutbe-Almanca<\/a><\/p>\n<p><a class=\"pdf_icon\" href=\"https:\/\/www.igmg.org\/wp-content\/uploads\/2024\/06\/EN_07_06_24_To_Gather_and_Resurrect_Hajj_.pdf\">Hutbe-\u0130ngilizce<\/a><\/p>\n<p><a class=\"pdf_icon\" href=\"https:\/\/www.igmg.org\/wp-content\/uploads\/2024\/06\/FR_07_06_24_Le_Hajj_comme_un_moment_de_rassemblement_et_de_renouvellement_inte_rieur_.pdf\">Hutbe-<span class=\"Y2IQFc\" lang=\"tr\">Frans\u0131zca<\/span><\/a><\/p>\n<p><a class=\"pdf_icon\" href=\"https:\/\/www.igmg.org\/wp-content\/uploads\/2024\/06\/\u0645_\u0646_\u0632_\u0644_\u0629_\u0627_\u0644_\u062d_\u062c_\u0648_\u0627_\u0647_\u0645_\u064a_\u062a_\u0647_\u0639_\u0646_\u062f_\u0627_\u0644_\u0645_\u0648_\u0645_\u0646.pdf\">Hutbe-Arap\u00e7a<\/a><\/p>\n<p><a class=\"pdf_icon\" href=\"https:\/\/www.igmg.org\/wp-content\/uploads\/2024\/06\/NL_07_06_24_Verzameling_en_Herleving_Hadj_.pdf\">Hutbe-Hollandaca<\/a><\/p>\n<p>Hutbe-Norve\u00e7\u00e7e<\/p>\n<p>Hutbe-Danca<\/p>\n<p><a class=\"pdf_icon\" href=\"https:\/\/www.igmg.org\/wp-content\/uploads\/2024\/06\/SV_07_06_24_Uppsamling_och_uppva_ckelse_Hajj_.pdf\">Hutbe-\u0130sve\u00e7\u00e7e<\/a><\/p>\n","protected":false},"excerpt":{"rendered":"<p>Hac biz m\u00fcminler i\u00e7in sadece bir ibadet de\u011fil, ayn\u0131 zamanda manevi bir yolculuktur. Hac ibadeti y\u00fcce Allah\u2019\u0131n belirtti\u011fi gibi belli zaman ve mek\u00e2na kay\u0131tl\u0131 olarak yap\u0131l\u0131r.<\/p>\n","protected":false},"author":1,"featured_media":31312,"comment_status":"closed","ping_status":"closed","sticky":false,"template":"","format":"standard","meta":{"ngg_post_thumbnail":0},"categories":[23242,23256,23239],"tags":[],"_links":{"self":[{"href":"https:\/\/www.igmg.org\/tr\/wp-json\/wp\/v2\/posts\/52972"}],"collection":[{"href":"https:\/\/www.igmg.org\/tr\/wp-json\/wp\/v2\/posts"}],"about":[{"href":"https:\/\/www.igmg.org\/tr\/wp-json\/wp\/v2\/types\/post"}],"author":[{"embeddable":true,"href":"https:\/\/www.igmg.org\/tr\/wp-json\/wp\/v2\/users\/1"}],"replies":[{"embeddable":true,"href":"https:\/\/www.igmg.org\/tr\/wp-json\/wp\/v2\/comments?post=52972"}],"version-history":[{"count":1,"href":"https:\/\/www.igmg.org\/tr\/wp-json\/wp\/v2\/posts\/52972\/revisions"}],"predecessor-version":[{"id":52973,"href":"https:\/\/www.igmg.org\/tr\/wp-json\/wp\/v2\/posts\/52972\/revisions\/52973"}],"wp:featuredmedia":[{"embeddable":true,"href":"https:\/\/www.igmg.org\/tr\/wp-json\/wp\/v2\/media\/31312"}],"wp:attachment":[{"href":"https:\/\/www.igmg.org\/tr\/wp-json\/wp\/v2\/media?parent=52972"}],"wp:term":[{"taxonomy":"category","embeddable":true,"href":"https:\/\/www.igmg.org\/tr\/wp-json\/wp\/v2\/categories?post=52972"},{"taxonomy":"post_tag","embeddable":true,"href":"https:\/\/www.igmg.org\/tr\/wp-json\/wp\/v2\/tags?post=52972"}],"curies":[{"name":"wp","href":"https:\/\/api.w.org\/{rel}","templated":true}]}}