{"id":5429,"date":"2008-06-19T00:41:00","date_gmt":"2008-06-18T22:41:00","guid":{"rendered":"https:\/\/www.igmg.org\/?p=5429"},"modified":"2015-02-16T10:48:05","modified_gmt":"2015-02-16T09:48:05","slug":"kuzey-ruhraeda-bahar-azenliaeyi","status":"publish","type":"post","link":"https:\/\/www.igmg.org\/tr\/kuzey-ruhraeda-bahar-azenliaeyi\/","title":{"rendered":"Kuzey Ruhr&#8217;da Bahar \u015eenli\u011fi"},"content":{"rendered":"<p>Etkinlikler B\u00f6lge E\u011fitim Ba\u015fkan\u0131 Zeki \u015eeker&#8217;in okumu\u015f oldu\u011fu a\u015f\u0131r ve \u0130stiklal Mar\u015f\u0131 ile ba\u015flad\u0131. Ye\u015fil sahadaki beyaz \u00e7ad\u0131rlar alt\u0131nda her y\u00f6reden yemekler ve standlar halka a\u00e7\u0131ld\u0131. \u00d6\u011fle namaz\u0131na m\u00fcteakip a\u00e7\u0131l\u0131\u015f konu\u015fmas\u0131n\u0131 yapan B\u00f6lge Ba\u015fkan\u0131 Murat \u0130leri, &#8220;Bu g\u00fcne kadar Kuzey Ruhr&#8217;daki 20 cemiyetimizden 17&#8217;si kermesini yapm\u0131\u015f bulunmaktad\u0131r. Bug\u00fcn ve yar\u0131nda &nbsp;b\u00f6lgemizdeki kermesi t\u00fcm cemiyetlerimize ve halka a\u00e7m\u0131\u015f bulunmaktay\u0131z. Yavrular\u0131m\u0131z\u0131n e\u011flenmeleri i\u00e7in de\u011fi\u015fik e\u011flence hizmeti mevcttur, standlar\u0131m\u0131z dolu dolu , e\u011flenmek ve gezmek i\u00e7in bu ye\u015fil alan\u0131 kaplayan beyaz \u00e7ad\u0131rlar\u0131m\u0131z\u0131 sizlerin hizmetine a\u00e7m\u0131\u015f bulunmaktay\u0131z. \u015eimdiden yo\u011fun ilginizden dolay\u0131 siz de\u011ferli karde\u015flerime te\u015fekk\u00fcr\u00fc bir bor\u00e7 bilirim&#8221;\u009d diyerek s\u00f6zlerini tamamlad\u0131. <\/p>\n<p>Sunucu Mahmut Engel 2 g\u00fcn devam edecek olan Aileler G\u00fcn\u00fc&#8217;n\u00fcn program ak\u0131\u015f\u0131n\u0131 a\u00e7\u0131klad\u0131. Programda hac\u0131lar bulu\u015fmas\u0131, ilahiler, s\u0131la gecesi, \u00e7i\u011f k\u00f6fte, semazen minikler, semazen b\u00fcy\u00fckler, voleybol turnuvas\u0131, tekvando g\u00f6sterisi ve \u015fiirler yer ald\u0131. Program\u0131n ak\u0131\u015f\u0131nda hac\u0131lar hasret giderdi. B\u00f6lge taraf\u0131ndan kendilerine ikramda bulunuldu.&nbsp; Daha sonra Abdullah Kodaman ve ekibi ilahiler semazen g\u00f6sterileri ve e\u011flence ile b\u00fct\u00fcn ilgiyi \u00fczerlerine toplad\u0131lar. \u00c7i\u011f k\u00f6fte yap\u0131m\u0131 esnas\u0131nda, beyaz \u00e7ad\u0131rdaki \u015fark k\u00f6\u015fesinde Mahmut Engel ve ekibi s\u0131la gecesi d\u00fczenledi.<\/p>\n<p>\u0130kinci g\u00fcnde minik semazenler ve Tekvando Kul\u00fcb\u00fc&#8217;n\u00fcn sporcular\u0131 g\u00f6sterileri ile izleyenleri b\u00fcy\u00fclediler. Bu arada \u015fiirler okundu ve \u0130sa Sar\u0131o\u011flu taraf\u0131ndan t\u00fcrk\u00fcler s\u00f6ylendi. G\u00fcn\u00fcn hat\u0131ras\u0131nda el sanat\u0131 hatt\u0131 en y\u00fcksek fiyat vererek Detmold Te\u015fkilat\u0131&#8217;ndan Seda F\u0131nd\u0131k sahip oldu. Yine ikinci hatt\u0131 ise Bielefeld&#8217;den Kerim Ba\u015faran hak etti. B\u00f6ylece Bahar \u015eenli\u011fi&#8217;nde unutulmaz hat\u0131ralar ya\u015fad\u0131lar. Son derece \u00e7eki\u015fmeli ge\u00e7en Voleybol Turnuvas\u0131&#8217;nda Halle birinci, Lage ikincilik kupas\u0131n\u0131 ald\u0131.<\/p>\n<p>21:30&#8217;da program sona ererken B\u00f6lge Ba\u015fkan\u0131 Murat \u0130leri,&#8221;\u0130ki g\u00fcn boyunca dolu dolu ve muhte\u015fem ge\u00e7en programda, Ceneb-\u0131 Allah&#8217;a hamdolsun b\u00f6lge Aileler G\u00fcn\u00fc&#8217;ne b\u00fcy\u00fck bir ilgi oldu\u011funu g\u00f6rd\u00fcm. Alman ziyaret\u00e7ilerinde kat\u0131l\u0131m\u0131, standlar\u0131m\u0131z\u0131 gezmeleri bizleri mutlu etti. Y\u00fcce Allah eme\u011fi ge\u00e7enlerden ve kat\u0131lanlardan raz\u0131 olsun&#8221;\u009d diyerek bahar \u015fenli\u011finin kapan\u0131\u015f konu\u015fmas\u0131n\u0131 yapt\u0131. Program B\u00f6lge \u0130r\u015fad Ba\u015fkan\u0131 \u0130kram Sever&#8217;in okudu\u011fu Kur&#8217;an-\u0131 Kerim ve yapt\u0131\u011f\u0131 dualarla sona erdi.<\/p>\n","protected":false},"excerpt":{"rendered":"<p>IGMG Kuzey Ruhr B\u00f6lgesi&#8217;nin geleneksel olarak d\u00fczenledi\u011fi &#8220;Aileler g\u00fcn\u00fc ve Kermes&#8221;\u009d  b\u00f6lgenin geni\u015f alan\u0131nda 2 g\u00fcn s\u00fcre boyunca \u015fenlik havas\u0131nda ge\u00e7ti<\/p>\n","protected":false},"author":1,"featured_media":0,"comment_status":"open","ping_status":"closed","sticky":false,"template":"","format":"standard","meta":{"ngg_post_thumbnail":0},"categories":[23238,24],"tags":[],"_links":{"self":[{"href":"https:\/\/www.igmg.org\/tr\/wp-json\/wp\/v2\/posts\/5429"}],"collection":[{"href":"https:\/\/www.igmg.org\/tr\/wp-json\/wp\/v2\/posts"}],"about":[{"href":"https:\/\/www.igmg.org\/tr\/wp-json\/wp\/v2\/types\/post"}],"author":[{"embeddable":true,"href":"https:\/\/www.igmg.org\/tr\/wp-json\/wp\/v2\/users\/1"}],"replies":[{"embeddable":true,"href":"https:\/\/www.igmg.org\/tr\/wp-json\/wp\/v2\/comments?post=5429"}],"version-history":[{"count":0,"href":"https:\/\/www.igmg.org\/tr\/wp-json\/wp\/v2\/posts\/5429\/revisions"}],"wp:attachment":[{"href":"https:\/\/www.igmg.org\/tr\/wp-json\/wp\/v2\/media?parent=5429"}],"wp:term":[{"taxonomy":"category","embeddable":true,"href":"https:\/\/www.igmg.org\/tr\/wp-json\/wp\/v2\/categories?post=5429"},{"taxonomy":"post_tag","embeddable":true,"href":"https:\/\/www.igmg.org\/tr\/wp-json\/wp\/v2\/tags?post=5429"}],"curies":[{"name":"wp","href":"https:\/\/api.w.org\/{rel}","templated":true}]}}