{"id":54385,"date":"2024-12-03T14:15:23","date_gmt":"2024-12-03T13:15:23","guid":{"rendered":"https:\/\/www.igmg.org\/?p=54385"},"modified":"2024-12-03T14:15:23","modified_gmt":"2024-12-03T13:15:23","slug":"polis-memurlari-arasinda-yayginlasan-islam-duesmanligindan-endiseliyiz","status":"publish","type":"post","link":"https:\/\/www.igmg.org\/tr\/polis-memurlari-arasinda-yayginlasan-islam-duesmanligindan-endiseliyiz\/","title":{"rendered":"Polis memurlar\u0131 aras\u0131nda yayg\u0131nla\u015fan \u0130slam d\u00fc\u015fmanl\u0131\u011f\u0131ndan endi\u015feliyiz"},"content":{"rendered":"<p class=\"s7\"><strong><span class=\"s8\">\u0130slam Toplumu Mill\u00ee G\u00f6r\u00fc\u015f (IGMG) Genel Sekreteri Ali Mete <\/span><span class=\"s8\">Rheinland-Pfalz<\/span><span class=\"s8\"> eyaletinin ger\u00e7ekle\u015ftirdi\u011fi \u201c\u0130\u00e7 G\u00fcvenlik ve Demokratik Dayan\u0131kl\u0131l\u0131k. \u00c7o\u011fulcu Bir Toplumda Polis Faaliyetleri ve Etkile\u015fimleri\u201d ba\u015fl\u0131kl\u0131 ara\u015ft\u0131rma sebebiyle bir a\u00e7\u0131klama yapt\u0131. Ara\u015ft\u0131rmaya g\u00f6re yakla\u015f\u0131k her be\u015f polis memurundan biri M\u00fcsl\u00fcman kar\u015f\u0131t\u0131 ifadeleri onaylarken, <\/span><span class=\"s8\">%26<\/span><span class=\"s8\">\u2019s\u0131 bunlar\u0131 reddetmiyor. \u201cPolis te\u015fkilat\u0131 i\u00e7erisinde \u00e7ok b\u00fcy\u00fck bir \u0130slam d\u00fc\u015fmanl\u0131\u011f\u0131 sorunu var. Siyasete bu anlamda g\u00f6revler d\u00fc\u015f\u00fcyor.\u201d diyen Mete s\u00f6zlerini \u015f\u00f6yle s\u00fcrd\u00fcrd\u00fc:<\/span><\/strong><\/p>\n<p class=\"s7\"><span class=\"s9\">\u201c<\/span><span class=\"s9\">Rheinland-Pfalz<\/span><span class=\"s9\"> eyaletinde<\/span><span class=\"s9\"> polis<\/span><span class=\"s9\"> memurlar\u0131na y\u00f6nelik ger\u00e7ekle\u015ftirilen<\/span><span class=\"s9\"> ara\u015ft\u0131rmas\u0131n\u0131n sonu\u00e7lar\u0131 \u015fok edici. Ara\u015ft\u0131rmaya g\u00f6re, her be\u015f polis memurundan biri M\u00fcsl\u00fcman kar\u015f\u0131t\u0131 ifadelere kat\u0131l\u0131rken, en az\u0131ndan y\u00fczde 26 ya da 30<\/span><span class=\"s9\">\u2019<\/span><span class=\"s9\">u bunlar\u0131 reddetmiyor. Bu da <\/span><span class=\"s9\">Rheinland-Pfalz<\/span> <span class=\"s9\">eyalet <\/span><span class=\"s9\">polisinin b\u00fcy\u00fck bir sorunla kar\u015f\u0131 kar\u015f\u0131ya oldu\u011fu anlam\u0131na geliyor. Siyas<\/span><span class=\"s9\">iler<\/span><span class=\"s9\"> bu sorunu \u00e7\u00f6zmek i\u00e7in etkili ve s\u00fcrd\u00fcr\u00fclebilir tedbirler almakla y\u00fck\u00fcml\u00fcd\u00fcr.<\/span><\/p>\n<p class=\"s7\"><span class=\"s9\">Ara\u015ft\u0131rma<\/span><span class=\"s9\">n\u0131n belki de <\/span><span class=\"s9\">tek olumlu <\/span><span class=\"s9\">yan\u0131, <\/span><span class=\"s9\">di\u011fer federal eyaletlerden farkl\u0131 olarak<\/span><span class=\"s9\">,<\/span><span class=\"s9\"> ilk etapta <\/span><span class=\"s9\">b\u00f6yle bir ara\u015ft\u0131rman\u0131n yap\u0131lm\u0131\u015f olmas\u0131<\/span><span class=\"s9\">. Ara\u015ft\u0131rma, eyalette<\/span><span class=\"s9\"> ya\u015fayan<\/span><span class=\"s9\"> y\u00fcz binlerce M\u00fcsl\u00fcman<\/span><span class=\"s9\">\u2019<\/span><span class=\"s9\">\u0131n giderek daha fazla \u015fik\u00e2yet etti\u011fi bir hususu teyit ediyor<\/span><span class=\"s9\">.<\/span> <span class=\"s9\">Zaten M\u00fcsl\u00fcmanlar da p<\/span><span class=\"s9\">olis memurlar\u0131n\u0131n kendilerine y\u00f6nelik g\u00f6zle g\u00f6r\u00fcl\u00fcr ve somut d\u0131\u015flay\u0131c\u0131 davran\u0131\u015flar\u0131<\/span><span class=\"s9\">ndan \u015fik\u00e2yet\u00e7iydiler.<\/span><\/p>\n<p class=\"s7\"><span class=\"s9\">Durumun vahametini anlamak i\u00e7in r<\/span><span class=\"s9\">akamlar\u0131<\/span><span class=\"s9\">n<\/span><span class=\"s9\">\u00fczerinden ge\u00e7mekte fayda var<\/span><span class=\"s9\">: <\/span><span class=\"s9\">Rheinland-Pfalz<\/span><span class=\"s9\">eyaletindeki<\/span><span class=\"s9\"> M\u00fcsl\u00fcman vatanda\u015flar <\/span><span class=\"s9\">polisle <\/span><span class=\"s9\">her be\u015f <\/span><span class=\"s9\">ileti\u015fimlerinin<\/span><span class=\"s9\"> birinde kendilerine kar\u015f\u0131 d\u00fc\u015fmanca davranan polis memurlar\u0131yla muhatap olmak zorunda kal\u0131yor<\/span><span class=\"s9\">lar<\/span><span class=\"s9\"> ve neredeyse her iki <\/span><span class=\"s9\">ileti\u015fimlerinden <\/span><span class=\"s9\">birinde, \u00f6n<\/span> <span class=\"s9\">yarg\u0131lar\u0131 nedeniyle M\u00fcsl\u00fcman kar\u015f\u0131t\u0131 ifadeleri reddetmeyen bir polis memuruyla <\/span><span class=\"s9\">muhatap olmak zorundalar<\/span><span class=\"s9\">. Bildirilmeyen vaka say\u0131s\u0131n\u0131n daha y\u00fcksek olmas\u0131 <\/span><span class=\"s9\">olduk\u00e7a <\/span><span class=\"s9\">muhtemel<\/span><span class=\"s9\">,<\/span><span class=\"s9\"> \u00e7\u00fcnk\u00fc a\u015f\u0131r\u0131<\/span><span class=\"s9\">c\u0131<\/span><span class=\"s9\"> d\u00fcnya g\u00f6r\u00fc\u015f\u00fcne sahip memurlar <\/span><span class=\"s9\">g\u00f6r\u00fc\u015flerini nadiren a\u00e7\u0131klamakta ya da bu t\u00fcr ara\u015ft\u0131rmalara kat\u0131lmamaktad\u0131r.<\/span><\/p>\n<p class=\"s7\"><span class=\"s9\">Ara\u015ft\u0131rma<\/span><span class=\"s9\"> sonucunda ortaya \u00e7\u0131kan <\/span><span class=\"s9\">tablo polise olan g\u00fcveni g\u00fc\u00e7lendirmiyor, tam <\/span><span class=\"s9\">aksine<\/span><span class=\"s9\"> azalt\u0131yor. M\u00fcsl\u00fcmanlar acil bir durumda yard\u0131m \u00e7a\u011f\u0131rmadan \u00f6nce iki kez d\u00fc\u015f\u00fcnmek zorunda kal\u0131yorlar \u00e7\u00fcnk\u00fc ciddiye al\u0131nmama ve hatta ba\u015fka bir soruna d<\/span><span class=\"s9\">\u00e2<\/span><span class=\"s9\">hil olma riskiyle kar\u015f\u0131 kar\u015f\u0131yalar. M\u00fcsl\u00fcmanlar <\/span><span class=\"s9\">Alman halk\u0131n\u0131n <\/span><span class=\"s9\">do\u011fal bir par\u00e7as\u0131d\u0131r ve polis memurlar\u0131n\u0131n kendilerine \u00f6n<\/span> <span class=\"s9\">yarg\u0131s\u0131z davranmas\u0131n<\/span><span class=\"s9\">a<\/span><span class=\"s9\">, ciddiye al<\/span><span class=\"s9\">\u0131nmaya<\/span><span class=\"s9\"> ve yard\u0131m beklemeye haklar\u0131 vard\u0131r.<\/span><\/p>\n<p class=\"s7\"><span class=\"s9\">A<\/span><span class=\"s9\">ra\u015ft\u0131rma, soruna ili\u015fkin fark\u0131ndal\u0131k <\/span><span class=\"s9\">olu\u015fmas\u0131 <\/span><span class=\"s9\">y\u00f6n\u00fcnde at\u0131lm\u0131\u015f \u00f6nemli bir ilk ad\u0131md\u0131r. \u0130slam Toplumu<\/span><span class=\"s9\"> Mill\u00ee g\u00f6r\u00fc\u015f olarak<\/span><span class=\"s9\">, t\u00fcm federal eyaletlerin h\u00fck<\/span><span class=\"s9\">\u00fb<\/span><span class=\"s9\">metlerine, sorunun boyutunu \u00f6l\u00e7mek ve elle tutulur h<\/span><span class=\"s9\">\u00e2<\/span><span class=\"s9\">le getirmek i\u00e7in uygun ara\u015ft\u0131rmalar yapt\u0131rmalar\u0131 \u00e7a\u011fr\u0131s\u0131nda bulun<\/span><span class=\"s9\">uyoruz<\/span><span class=\"s9\">. <\/span><span class=\"s9\">Sonras\u0131nda ise<\/span><span class=\"s9\"> bu sorunun \u00fczerine azami kararl\u0131l\u0131kla gidilmelidir.\u201d<\/span><\/p>\n","protected":false},"excerpt":{"rendered":"<p>\u0130slam Toplumu Mill\u00ee G\u00f6r\u00fc\u015f (IGMG) Genel Sekreteri Ali Mete Rheinland-Pfalz eyaletinin ger\u00e7ekle\u015ftirdi\u011fi \u201c\u0130\u00e7 G\u00fcvenlik ve Demokratik Dayan\u0131kl\u0131l\u0131k. \u00c7o\u011fulcu Bir Toplumda Polis Faaliyetleri ve Etkile\u015fimleri\u201d ba\u015fl\u0131kl\u0131 ara\u015ft\u0131rma sebebiyle bir a\u00e7\u0131klama yapt\u0131. Ara\u015ft\u0131rmaya g\u00f6re yakla\u015f\u0131k her be\u015f polis memurundan biri M\u00fcsl\u00fcman kar\u015f\u0131t\u0131 ifadeleri onaylarken, %26\u2019s\u0131 bunlar\u0131 reddetmiyor. \u201cPolis te\u015fkilat\u0131 i\u00e7erisinde \u00e7ok b\u00fcy\u00fck bir \u0130slam d\u00fc\u015fmanl\u0131\u011f\u0131 sorunu var. Siyasete bu anlamda g\u00f6revler d\u00fc\u015f\u00fcyor.\u201d diyen Mete s\u00f6zlerini \u015f\u00f6yle s\u00fcrd\u00fcrd\u00fc:<\/p>\n","protected":false},"author":1,"featured_media":32515,"comment_status":"closed","ping_status":"closed","sticky":false,"template":"","format":"standard","meta":{"ngg_post_thumbnail":0},"categories":[23244,23262,23239],"tags":[],"_links":{"self":[{"href":"https:\/\/www.igmg.org\/tr\/wp-json\/wp\/v2\/posts\/54385"}],"collection":[{"href":"https:\/\/www.igmg.org\/tr\/wp-json\/wp\/v2\/posts"}],"about":[{"href":"https:\/\/www.igmg.org\/tr\/wp-json\/wp\/v2\/types\/post"}],"author":[{"embeddable":true,"href":"https:\/\/www.igmg.org\/tr\/wp-json\/wp\/v2\/users\/1"}],"replies":[{"embeddable":true,"href":"https:\/\/www.igmg.org\/tr\/wp-json\/wp\/v2\/comments?post=54385"}],"version-history":[{"count":1,"href":"https:\/\/www.igmg.org\/tr\/wp-json\/wp\/v2\/posts\/54385\/revisions"}],"predecessor-version":[{"id":54386,"href":"https:\/\/www.igmg.org\/tr\/wp-json\/wp\/v2\/posts\/54385\/revisions\/54386"}],"wp:featuredmedia":[{"embeddable":true,"href":"https:\/\/www.igmg.org\/tr\/wp-json\/wp\/v2\/media\/32515"}],"wp:attachment":[{"href":"https:\/\/www.igmg.org\/tr\/wp-json\/wp\/v2\/media?parent=54385"}],"wp:term":[{"taxonomy":"category","embeddable":true,"href":"https:\/\/www.igmg.org\/tr\/wp-json\/wp\/v2\/categories?post=54385"},{"taxonomy":"post_tag","embeddable":true,"href":"https:\/\/www.igmg.org\/tr\/wp-json\/wp\/v2\/tags?post=54385"}],"curies":[{"name":"wp","href":"https:\/\/api.w.org\/{rel}","templated":true}]}}