{"id":55268,"date":"2025-01-26T22:21:20","date_gmt":"2025-01-26T21:21:20","guid":{"rendered":"https:\/\/www.igmg.org\/?p=55268"},"modified":"2025-02-03T22:47:33","modified_gmt":"2025-02-03T21:47:33","slug":"fransa-islam-toplumu-milli-goerues-annemasse-subesinden-ihtiyac-sahiplerine-uzanan-el-yardimi","status":"publish","type":"post","link":"https:\/\/www.igmg.org\/tr\/fransa-islam-toplumu-milli-goerues-annemasse-subesinden-ihtiyac-sahiplerine-uzanan-el-yardimi\/","title":{"rendered":"Fransa \u0130slam Toplumu Milli G\u00f6r\u00fc\u015f Annemasse \u015eubesinden \u0130htiya\u00e7 Sahiplerine \u201cUzanan El\u201d Yard\u0131m\u0131"},"content":{"rendered":"<p>Fransa \u0130slam Toplumu Mill\u00ee G\u00f6r\u00fc\u015f Annemasse \u015eubesi Kad\u0131nlar Gen\u00e7lik Te\u015fkilat\u0131, \u201cUzanan El\u201d projesiyle ihtiya\u00e7 sahiplerine yard\u0131m ula\u015ft\u0131rarak anlaml\u0131 bir sosyal sorumluluk \u00e7al\u0131\u015fmas\u0131na imza att\u0131.<\/p>\n<p>&nbsp;<\/p>\n<p>Fransa \u0130slam Toplumu Milli G\u00f6r\u00fc\u015f (CIMG) Annemasse \u015eubesi Kad\u0131nlar Gen\u00e7lik Te\u015fkilat\u0131, anlaml\u0131 bir sosyal sorumluluk projesine imza att\u0131. \u201cUzanan El\u201d ad\u0131 verilen yard\u0131m \u00e7al\u0131\u015fmas\u0131 kapsam\u0131nda ihtiya\u00e7 sahiplerine yard\u0131m eli uzat\u0131ld\u0131.<\/p>\n<p>Y\u00f6netim kurulu \u00fcyelerinden Pakize Aytekin, \u00e7al\u0131\u015fman\u0131n amac\u0131n\u0131 \u015fu s\u00f6zlerle ifade etti: \u201cYa\u015fad\u0131\u011f\u0131m\u0131z \u015fehirdeki ihtiya\u00e7 sahibi ki\u015filere ula\u015farak, bir nebze de olsa yard\u0131mc\u0131 olmay\u0131 ama\u00e7l\u0131yoruz. Bu \u00e7al\u0131\u015fma \u00f6ncesinde g\u00f6n\u00fcll\u00fclerimizle birlikte kumanya paketlerini \u00f6zenle haz\u0131rlad\u0131k.\u201d<\/p>\n<p><strong><span class=\"s3\">\u201dInsanlar\u0131n G\u00f6zlerindeki Mutlulu\u011fu Her \u015eeye De\u011fer\u201d<\/span><\/strong><\/p>\n<p>Yard\u0131m organizasyonunun insani yard\u0131m sorumlusu Nesibe Polat ise yakla\u015f\u0131k 100 adet kumanya paketinin ihtiya\u00e7 sahiplerine ula\u015ft\u0131r\u0131ld\u0131\u011f\u0131n\u0131 belirtti. Polat, yard\u0131m esnas\u0131nda insanlar\u0131n g\u00f6zlerindeki mutlulu\u011fun her \u015feye de\u011fdi\u011fini vurgulad\u0131. Ayr\u0131ca, yard\u0131ma muhta\u00e7 bir ki\u015finin, \u00fc\u00e7 g\u00fcnd\u00fcr a\u00e7 oldu\u011funu s\u00f6yleyerek yap\u0131lan yard\u0131m\u0131n \u00f6nemini dile getirdi\u011fini de payla\u015ft\u0131.<\/p>\n<p><strong>\u201dBu \u00c7al\u0131\u015fmalar Devam Edecek\u201d<\/strong><\/p>\n<p>Kad\u0131nlar Gen\u00e7lik Te\u015fkilat\u0131 y\u00f6neticileri, bu t\u00fcr insani yard\u0131m \u00e7al\u0131\u015fmalar\u0131n\u0131 ilerleyen tarihlerde de s\u00fcrd\u00fcreceklerini ifade ettiler. Organizasyon boyunca yorgun olsalar da mutlulukla ayr\u0131lan g\u00f6n\u00fcll\u00fcler, dayan\u0131\u015fma ve yard\u0131mla\u015fma ruhunu bir kez daha \u00f6n plana \u00e7\u0131kard\u0131.<\/p>\n<p>Yard\u0131m \u00e7al\u0131\u015fmas\u0131, ihtiya\u00e7 sahiplerinin y\u00fczlerinde bir tebess\u00fcm olu\u015ftururken, g\u00f6n\u00fcll\u00fcler i\u00e7in de unutulmaz bir deneyim oldu. (<a href=\"https:\/\/camiahaber.com\/2025\/01\/26\/fransa-islam-toplumu-milli-gorus-annemasse-subesinden-ihtiyac-sahiplerine-uzanan-el-yardimi\/\">camiahaber<\/a>)<\/p>\n","protected":false},"excerpt":{"rendered":"<p>Fransa \u0130slam Toplumu Mill\u00ee G\u00f6r\u00fc\u015f Annemasse \u015eubesi Kad\u0131nlar Gen\u00e7lik Te\u015fkilat\u0131, \u201cUzanan El\u201d projesiyle ihtiya\u00e7 sahiplerine yard\u0131m ula\u015ft\u0131rarak anlaml\u0131 bir sosyal sorumluluk \u00e7al\u0131\u015fmas\u0131na imza att\u0131.<\/p>\n","protected":false},"author":1,"featured_media":55269,"comment_status":"closed","ping_status":"closed","sticky":false,"template":"","format":"standard","meta":{"ngg_post_thumbnail":0},"categories":[24261],"tags":[],"_links":{"self":[{"href":"https:\/\/www.igmg.org\/tr\/wp-json\/wp\/v2\/posts\/55268"}],"collection":[{"href":"https:\/\/www.igmg.org\/tr\/wp-json\/wp\/v2\/posts"}],"about":[{"href":"https:\/\/www.igmg.org\/tr\/wp-json\/wp\/v2\/types\/post"}],"author":[{"embeddable":true,"href":"https:\/\/www.igmg.org\/tr\/wp-json\/wp\/v2\/users\/1"}],"replies":[{"embeddable":true,"href":"https:\/\/www.igmg.org\/tr\/wp-json\/wp\/v2\/comments?post=55268"}],"version-history":[{"count":1,"href":"https:\/\/www.igmg.org\/tr\/wp-json\/wp\/v2\/posts\/55268\/revisions"}],"predecessor-version":[{"id":55274,"href":"https:\/\/www.igmg.org\/tr\/wp-json\/wp\/v2\/posts\/55268\/revisions\/55274"}],"wp:featuredmedia":[{"embeddable":true,"href":"https:\/\/www.igmg.org\/tr\/wp-json\/wp\/v2\/media\/55269"}],"wp:attachment":[{"href":"https:\/\/www.igmg.org\/tr\/wp-json\/wp\/v2\/media?parent=55268"}],"wp:term":[{"taxonomy":"category","embeddable":true,"href":"https:\/\/www.igmg.org\/tr\/wp-json\/wp\/v2\/categories?post=55268"},{"taxonomy":"post_tag","embeddable":true,"href":"https:\/\/www.igmg.org\/tr\/wp-json\/wp\/v2\/tags?post=55268"}],"curies":[{"name":"wp","href":"https:\/\/api.w.org\/{rel}","templated":true}]}}