{"id":55358,"date":"2025-02-03T10:57:43","date_gmt":"2025-02-03T09:57:43","guid":{"rendered":"https:\/\/www.igmg.org\/?p=55358"},"modified":"2025-02-12T00:59:15","modified_gmt":"2025-02-11T23:59:15","slug":"cimg-lyon-genclik-teskilati-sabah-namazinda-bulustu","status":"publish","type":"post","link":"https:\/\/www.igmg.org\/tr\/cimg-lyon-genclik-teskilati-sabah-namazinda-bulustu\/","title":{"rendered":"CIMG Lyon Gen\u00e7lik Te\u015fkilat\u0131 Sabah Namaz\u0131nda Bulu\u015ftu"},"content":{"rendered":"<p>\u0130slam Toplumu Milli G\u00f6r\u00fc\u015f (CIMG) Lyon Gen\u00e7lik Te\u015fkilat\u0131\u2019n\u0131n d\u00fczenledi\u011fi Cemaatle Sabah Namaz\u0131 Program\u0131\u2019na gen\u00e7ler yo\u011fun ilgi g\u00f6sterdi. Programda mazlum ve ma\u011fdurlar i\u00e7in dua edildi.<\/p>\n<p>\u0130slam Toplumu Milli G\u00f6r\u00fc\u015f (CIMG) Lyon Gen\u00e7lik Te\u015fkilat\u0131 gen\u00e7leri sabah namaz\u0131nda bulu\u015fturdu. Sabah namaz\u0131n\u0131 cemaatle k\u0131lan gen\u00e7ler daha sonra zikir halkas\u0131 yapt\u0131. IGMG Gen\u00e7lik Te\u015fkilat\u0131 Ba\u015fkan\u0131 Furkan Kahraman ile birlikte yap\u0131lan evrad ve zikirlerden sonra da mazlumlar ve ma\u011fdurlar i\u00e7in dua edildi. Duay\u0131 V\u00e9nissieux Ey\u00fcp Sultan Camii \u0130mam\u0131 Abdullah Azalma yapt\u0131. \u0130mam Abdullah Azalma ile birlikte namaz ve zikir halkas\u0131na kat\u0131lan gen\u00e7ler de duaya i\u015ftirak etti.<\/p>\n<p><strong>Gen\u00e7li\u011fin ve Zaman\u0131n K\u0131ymeti<\/strong><\/p>\n<p>CIMG Lyon B\u00f6lgesi Gen\u00e7lik Te\u015fkilat\u0131 Ba\u015fkan\u0131 Murat Yazar, zikir halkas\u0131 \u00f6ncesinde namaza ve zikre gelen gen\u00e7lere zaman\u0131n k\u0131ymetini bilme tavsiyesinde bulundu. \u201cZaman, bizlere verilen en k\u0131ymetli emanetlerden biridir. \u00d6zellikle gen\u00e7lik d\u00f6nemi, hayat\u0131m\u0131z\u0131n en verimli ve en dinamik zaman\u0131d\u0131r. Ancak bu zaman\u0131n k\u0131ymetini bilmek, onu en do\u011fru \u015fekilde de\u011ferlendirmek gerekir.\u201d diyen Murat Yazar, g\u00fcn\u00fcm\u00fczde gen\u00e7lerin bir\u00e7ok farkl\u0131 me\u015fgale ile vakit ge\u00e7irdiklerini ancak \u00f6nemli olan\u0131n, bu vakitlerin nas\u0131l de\u011ferlendirildi\u011fi ve Allah\u2019a daha da yakla\u015ft\u0131racak ibadetlerle, faydal\u0131 ilimlerle ve hay\u0131rl\u0131 i\u015flerle doldurulmas\u0131n\u0131n oldu\u011funu s\u00f6yledi.<\/p>\n<p>Yazar, ibadetin yaln\u0131zca bireysel bir g\u00f6rev olmad\u0131\u011f\u0131n\u0131, ayn\u0131 zamanda M\u00fcsl\u00fcmanlar aras\u0131ndaki karde\u015flik ba\u011flar\u0131n\u0131 g\u00fc\u00e7lendiren bir unsur oldu\u011funu ifade ettikten sonra, cemaatle yap\u0131lan ibadetlerin, dualar\u0131n ve manevi sohbetlerin M\u00fcsl\u00fcman gen\u00e7leri bir araya getirdi\u011fini ve bu birlikteli\u011fin, gelece\u011fin \u015fuurlu nesillerinin yeti\u015fmesine vesile oldu\u011funu belirtti.<\/p>\n<p><img decoding=\"async\" loading=\"lazy\" class=\"alignnone size-full wp-image-87618\" src=\"https:\/\/camiahaber.com\/wp-content\/uploads\/2025\/02\/Lyon-dua-2-scaled-e1738578811799.jpeg\" alt=\"\" width=\"800\" height=\"533\"><\/p>\n<p><strong>Furkan Kahraman: \u201c\u0130badet Ruhumuzu Besleyen Bir G\u0131dad\u0131r\u201d<\/strong><\/p>\n<p>IGMG Gen\u00e7lik Te\u015fkilat\u0131 Ba\u015fkan\u0131 Furkan Kahraman da gen\u00e7lerle sohbet etti. \u0130badetin insan hayat\u0131ndaki merkezi rol\u00fc \u00fczerine kapsaml\u0131 bir sohbet yapan Kahraman, ibadetlerin yaln\u0131zca yerine getirilmesi gereken bir sorumluluk olmad\u0131\u011f\u0131n\u0131, ayn\u0131 zamanda insan ruhunu besleyen ve onu manevi olarak g\u00fc\u00e7lendiren bir g\u0131da oldu\u011funu belirtti.<\/p>\n<p>Sohbetinde Kahraman, \u00f6zellikle g\u00fcn\u00fcm\u00fcz d\u00fcnyas\u0131nda gen\u00e7lerin manevi bo\u015fluk i\u00e7ine d\u00fc\u015ft\u00fc\u011f\u00fcne ve bu bo\u015flu\u011fun ancak ibadet bilinciyle doldurulabilece\u011fine \u015fu \u015fekilde dikkat \u00e7ekti:<\/p>\n<p>\u201cTeknolojinin ve sosyal medyan\u0131n hayat\u0131m\u0131za bu kadar n\u00fcfuz etti\u011fi bir \u00e7a\u011fda, bir\u00e7ok gen\u00e7 maalesef manevi anlamda zay\u0131fl\u0131yor. G\u00fcnl\u00fck hayat\u0131n ko\u015fturmacas\u0131, d\u00fcnya me\u015fgaleleri derken ibadetlerimiz bazen geri planda kalabiliyor. Ancak unutmamal\u0131y\u0131z ki, bizler Rabbimize y\u00f6neldik\u00e7e, O da bizleri huzura ve saadete eri\u015ftirecektir. Namaz, sadece belirli vakitlerde k\u0131l\u0131nan bir ibadet de\u011fil; aksine hayat\u0131m\u0131z\u0131 \u015fekillendiren bir rehberdir. Ayn\u0131 \u015fekilde, zikir de yaln\u0131zca dil ile de\u011fil, kalp ile yap\u0131lmal\u0131; Allah\u2019\u0131 anarken ger\u00e7ekten hissetmeliyiz.\u201d (<a href=\"https:\/\/camiahaber.com\/2025\/02\/03\/cimg-lyon-genclik-teskilati-sabah-namazinda-zikir-halkasinda-bulustu\/\">camiahaber<\/a>)<\/p>\n","protected":false},"excerpt":{"rendered":"<p>\u0130slam Toplumu Milli G\u00f6r\u00fc\u015f (CIMG) Lyon Gen\u00e7lik Te\u015fkilat\u0131\u2019n\u0131n d\u00fczenledi\u011fi Cemaatle Sabah Namaz\u0131 Program\u0131\u2019na gen\u00e7ler yo\u011fun ilgi g\u00f6sterdi. Programda mazlum ve ma\u011fdurlar i\u00e7in dua edildi.<\/p>\n","protected":false},"author":1,"featured_media":55359,"comment_status":"closed","ping_status":"closed","sticky":false,"template":"","format":"standard","meta":{"ngg_post_thumbnail":0},"categories":[23256],"tags":[],"_links":{"self":[{"href":"https:\/\/www.igmg.org\/tr\/wp-json\/wp\/v2\/posts\/55358"}],"collection":[{"href":"https:\/\/www.igmg.org\/tr\/wp-json\/wp\/v2\/posts"}],"about":[{"href":"https:\/\/www.igmg.org\/tr\/wp-json\/wp\/v2\/types\/post"}],"author":[{"embeddable":true,"href":"https:\/\/www.igmg.org\/tr\/wp-json\/wp\/v2\/users\/1"}],"replies":[{"embeddable":true,"href":"https:\/\/www.igmg.org\/tr\/wp-json\/wp\/v2\/comments?post=55358"}],"version-history":[{"count":1,"href":"https:\/\/www.igmg.org\/tr\/wp-json\/wp\/v2\/posts\/55358\/revisions"}],"predecessor-version":[{"id":55364,"href":"https:\/\/www.igmg.org\/tr\/wp-json\/wp\/v2\/posts\/55358\/revisions\/55364"}],"wp:featuredmedia":[{"embeddable":true,"href":"https:\/\/www.igmg.org\/tr\/wp-json\/wp\/v2\/media\/55359"}],"wp:attachment":[{"href":"https:\/\/www.igmg.org\/tr\/wp-json\/wp\/v2\/media?parent=55358"}],"wp:term":[{"taxonomy":"category","embeddable":true,"href":"https:\/\/www.igmg.org\/tr\/wp-json\/wp\/v2\/categories?post=55358"},{"taxonomy":"post_tag","embeddable":true,"href":"https:\/\/www.igmg.org\/tr\/wp-json\/wp\/v2\/tags?post=55358"}],"curies":[{"name":"wp","href":"https:\/\/api.w.org\/{rel}","templated":true}]}}