{"id":55372,"date":"2025-02-07T13:00:56","date_gmt":"2025-02-07T12:00:56","guid":{"rendered":"https:\/\/www.igmg.org\/?p=55372"},"modified":"2025-02-20T12:22:28","modified_gmt":"2025-02-20T11:22:28","slug":"kemal-erguen-hasene-koeyue-depremzedeler-icin-yeni-umut-kapisi-oldu","status":"publish","type":"post","link":"https:\/\/www.igmg.org\/tr\/kemal-erguen-hasene-koeyue-depremzedeler-icin-yeni-umut-kapisi-oldu\/","title":{"rendered":"Kemal Erg\u00fcn: Hasene K\u00f6y\u00fc Depremzedeler \u0130\u00e7in Yeni Umut Kap\u0131s\u0131 Oldu"},"content":{"rendered":"<div>\n<p>Hasene \u0130nsani Yard\u0131m Derne\u011fi\u2019nin Suriye\u2019nin Azez kentinde in\u015fa etti\u011fi Hasene K\u00f6y\u00fc ile ilgili IGMG Genel Ba\u015fkan\u0131 Kemal Erg\u00fcn, Camia Haber\u2019e a\u00e7\u0131klamalarda bulundu ve projenin \u00f6nemine de\u011findi.<\/p>\n<p><a href=\"http:\/\/hasene.org\/\" target=\"_blank\" rel=\"noopener\">Hasene \u0130nsani Yard\u0131m Derne\u011fi\u2019nin<\/a>, 6 \u015eubat 2023\u2019te Kahramanmara\u015f merkezli depremlerden etkilenen Suriye\u2019nin Azez kentinde ba\u015flatt\u0131\u011f\u0131 \u201cSuriye Hasene K\u00f6y Kompleksi Projesi\u201d tamamland\u0131. \u0130slam Toplumu Mill\u00ee G\u00f6r\u00fc\u015f (IGMG) Genel Ba\u015fkan\u0131 Kemal Erg\u00fcn, a\u00e7\u0131l\u0131\u015f t\u00f6reni sonras\u0131 Camia Haber\u2019e a\u00e7\u0131klamalarda bulunarak projenin \u00f6nemine dikkat \u00e7ekti.<\/p>\n<p><strong>\u201dD\u00fcnyan\u0131n D\u00f6rt Bir Yan\u0131ndan Destek Geldi\u201d<\/strong><\/p>\n<p class=\"p1\"><span class=\"s1\">A\u00e7\u0131l\u0131\u015f t\u00f6reninde konu\u015fan Kemal Erg\u00fcn, projeye destek veren t\u00fcm ba\u011f\u0131\u015f\u00e7\u0131lara ve g\u00f6n\u00fcll\u00fclere te\u015fekk\u00fcr ederek, \u201cAvrupa\u2019n\u0131n ve d\u00fcnyan\u0131n bir\u00e7ok yerinden depremzedelere yard\u0131m ula\u015ft\u0131rmak i\u00e7in bize g\u00fcvenen insanlar\u0131m\u0131z oldu. 6 \u015eubat\u2019ta meydana gelen deprem sadece T\u00fcrkiye\u2019deki \u015fehirleri de\u011fil, Suriye\u2019nin kuzeyini de a\u011f\u0131r \u015fekilde etkiledi\u201d dedi.<\/span><\/p>\n<p class=\"p1\"><span class=\"s1\">\u0130slam\u2019\u0131n temel insani de\u011ferlerinden hareket ettiklerini belirten Erg\u00fcn, yard\u0131mlar\u0131n hi\u00e7bir ayr\u0131m g\u00f6zetmeksizin yap\u0131ld\u0131\u011f\u0131n\u0131 vurgulad\u0131. \u201cBizler mazlumun dinine, rengine, tenine veya kavmiyetine bakmay\u0131z. Nerede bir s\u0131k\u0131nt\u0131 varsa, oraya elimizi uzat\u0131r\u0131z\u201d ifadelerini kulland\u0131.<\/span><\/p>\n<p class=\"p1\"><strong><span class=\"s2\">Baas Rejimi ve \u00d6zg\u00fcrl\u00fck M\u00fccadelesi<\/span><\/strong><\/p>\n<p class=\"p1\"><span class=\"s1\">Azez ve \u00e7evresinin ge\u00e7mi\u015fte b\u00fcy\u00fck ac\u0131lar ya\u015fad\u0131\u011f\u0131n\u0131 vurgulayan Erg\u00fcn, Suriye\u2019nin uzun y\u0131llar boyunca bask\u0131c\u0131 bir y\u00f6netim alt\u0131nda oldu\u011funu hat\u0131rlatt\u0131. Erg\u00fcn,&nbsp;<\/span>\u201cSuriye\u2019de 60 y\u0131l\u0131 a\u015fk\u0131n bir s\u00fcredir Baas rejiminin, 50 y\u0131l\u0131 a\u015fk\u0131n bir s\u00fcredir de Esed rejiminin zulm\u00fc var. Burada bir grubun di\u011fer \u00e7o\u011funluk \u00fczerinde tahakk\u00fcm\u00fc s\u00f6z konusu. \u00d6zg\u00fcrl\u00fck ve d\u00fc\u015f\u00fcnce h\u00fcrriyeti hi\u00e7bir zaman olmad\u0131. \u0130nsanlar aileleri i\u00e7inde dahi birbirinden korkarak ya\u015fad\u0131. \u00d6zg\u00fcrl\u00fck isteyen insanlar ge\u00e7mi\u015fte de direni\u015f g\u00f6sterdi, ancak rejim bunu u\u00e7aklarla, tanklarla, bombalarla bast\u0131rd\u0131. Binlerce insan katledildi. 2011 y\u0131l\u0131nda halk tekrar \u00f6zg\u00fcrl\u00fck m\u00fccadelesine ba\u015flad\u0131. D\u00fcnyan\u0131n inanmad\u0131\u011f\u0131 bir ortamda, onlar iman varsa imkan da vard\u0131r diyerek m\u00fccadele ettiler. Bu s\u00fcre\u00e7te bir\u00e7ok insan evlad\u0131n\u0131, ailesini, i\u015fini, evini kaybetti. Kimse do\u011fup b\u00fcy\u00fcd\u00fc\u011f\u00fc topraklar\u0131 kolay kolay terk etmez. Ancak zul\u00fcm kar\u015f\u0131s\u0131nda, milyonlarca insan m\u00fclteci olmak zorunda kald\u0131.\u201d diye belirtti.<\/p>\n<p><strong>\u201c\u0130nand\u0131lar ve ba\u015fard\u0131lar\u201d<\/strong><\/p>\n<p class=\"p1\"><span class=\"s1\">Erg\u00fcn, \u00f6zellikle T\u00fcrkiye\u2019nin ve Avrupa\u2019daki M\u00fcsl\u00fcmanlar\u0131n m\u00fcltecileri sahiplenerek b\u00fcy\u00fck bir dayan\u0131\u015fma \u00f6rne\u011fi g\u00f6sterdi\u011fini vurgulad\u0131. Camilerde ve e\u011fitim merkezlerinde Suriyeli \u00e7ocuklar i\u00e7in s\u0131n\u0131flar a\u00e7\u0131ld\u0131\u011f\u0131n\u0131, onlara y\u00f6nelik te\u015fkilatlar kuruldu\u011funu belirtti. Erg\u00fcn<\/span>, \u201cArt\u0131k Suriye\u2019de \u00f6zg\u00fcrl\u00fc\u011f\u00fc savunan b\u00fct\u00fcn gruplar\u0131n, inan\u00e7 ve ifade \u00f6zg\u00fcrl\u00fc\u011f\u00fcn\u00fc garanti alt\u0131na alacak bir y\u00f6netimin \u015fekillendi\u011fini g\u00f6r\u00fcyoruz. Bug\u00fcn burada bu \u00f6zg\u00fcrl\u00fck atmosferinde bir a\u00e7\u0131l\u0131\u015f yapman\u0131n bahtiyarl\u0131\u011f\u0131n\u0131 ya\u015f\u0131yoruz. \u0130nand\u0131lar ve ba\u015fard\u0131lar. \u00c7\u00fcnk\u00fc bizim inanc\u0131m\u0131zda iman varsa, imkan da vard\u0131r.\u201d diye ekledi.<\/p>\n<p class=\"p1\"><strong><span class=\"s2\">108 Konut, E\u011fitim Kompleksi ve Cami Hizmete A\u00e7\u0131ld\u0131<\/span><\/strong><\/p>\n<p class=\"p1\"><span class=\"s1\">IGMG \u00f6nc\u00fcl\u00fc\u011f\u00fcnde tamamlanan Hasene K\u00f6y\u00fc, depremzedelere uzun vadeli bir ya\u015fam alan\u0131 sunmay\u0131 ama\u00e7l\u0131yor. Proje kapsam\u0131nda 108 konutun yan\u0131 s\u0131ra b\u00fcy\u00fck bir cami, ilkokul, anaokulu, ortaokul ve ilerleyen d\u00f6nemde lise olarak hizmet verecek bir e\u011fitim kompleksi in\u015fa edildi. Ayr\u0131ca yetimler i\u00e7in \u00f6zel bir merkez de projeye dahil edildi.<\/span><\/p>\n<p class=\"p1\"><span class=\"s1\">Bu projeyi \u00fcmmet bilinciyle hayata ge\u00e7irdiklerini belirten Erg\u00fcn, \u201cBiz \u0131rk\u00e7\u0131l\u0131\u011f\u0131 ve milliyet\u00e7ili\u011fi bir \u00fcst\u00fcnl\u00fck sebebi olarak kabul etmeyiz. Arap\u2019\u0131n, T\u00fcrk\u2019\u00fcn, K\u00fcrt\u2019\u00fcn, Acem\u2019in veya ba\u015fka bir milletin birbirine \u00fcst\u00fcnl\u00fc\u011f\u00fc yoktur. \u00dcst\u00fcnl\u00fck, ancak Allah kat\u0131ndaki takva iledir\u201d diyerek, projeye verilen deste\u011fin birlik ve beraberli\u011fin bir g\u00f6stergesi oldu\u011funu vurgulad\u0131.<\/span><\/p>\n<p class=\"p1\"><strong><span class=\"s2\">Suriye\u2019de Bir \u0130lk: Rehabilitasyon Merkezi A\u00e7\u0131ld\u0131<\/span><\/strong><\/p>\n<p class=\"p1\"><span class=\"s1\">Hasene K\u00f6y\u00fc\u2019n\u00fcn en dikkat \u00e7eken projelerinden biri de b\u00f6lgedeki&nbsp;<\/span><span class=\"s2\">ilk rehabilitasyon merkezi<\/span><span class=\"s1\">&nbsp;oldu. Azez ve Halep civar\u0131nda benzeri bulunmayan merkez, \u00f6zellikle depremde ailesini kaybetmi\u015f \u00e7ocuklara destek sa\u011flayacak. 0-12 ya\u015f grubu \u00e7ocuklara y\u00f6nelik \u00f6zel hizmetler sunulacak merkezin en \u00f6nemli faaliyetlerinden biri de&nbsp;<\/span><span class=\"s2\">protez deste\u011fi<\/span><span class=\"s1\">&nbsp;olacak.<\/span><\/p>\n<p class=\"p1\"><span class=\"s1\">\u201cBu merkez, sava\u015f ve deprem nedeniyle b\u00fcy\u00fck kay\u0131plar ya\u015fam\u0131\u015f \u00e7ocuklar\u0131m\u0131z i\u00e7in kritik bir \u00f6nem ta\u015f\u0131yor.\u201d diyen Erg\u00fcn, merkezde doktorlar\u0131n, \u00f6\u011fretmenlerin ve psikiyatristlerin g\u00f6rev yapaca\u011f\u0131n\u0131 belirtti.<\/span><\/p>\n<p class=\"p1\"><strong><span class=\"s2\">14 Ayda Tamamlanan B\u00fcy\u00fck Bir Ba\u015far\u0131<\/span><\/strong><\/p>\n<p class=\"p1\"><span class=\"s1\">Erg\u00fcn, 14 ay gibi k\u0131sa bir s\u00fcrede b\u00f6yle b\u00fcy\u00fck bir projeyi tamamlaman\u0131n b\u00fcy\u00fck bir ba\u015far\u0131 oldu\u011funu belirterek, \u201cAllah\u2019a hamdolsun, d\u00fcnyan\u0131n d\u00f6rt bir yan\u0131ndaki g\u00f6n\u00fcll\u00fclerimiz bize g\u00fcvendi ve emanetlerini teslim etti. Bug\u00fcn bunun heyecan\u0131n\u0131 ya\u015f\u0131yoruz.\u201d dedi.<\/span><\/p>\n<p class=\"p1\"><strong><span class=\"s2\">Sava\u015f\u0131n ve Zulm\u00fcn Kar\u015f\u0131s\u0131nda, \u00d6zg\u00fcrl\u00fc\u011f\u00fcn Yan\u0131nda<\/span><\/strong><\/p>\n<p class=\"p1\"><span class=\"s1\">Suriye gibi y\u0131llard\u0131r sava\u015f\u0131n ve zulm\u00fcn etkisinde kalan b\u00f6lgelerde insani yard\u0131m projelerinin \u00f6nemine dikkat \u00e7eken Erg\u00fcn, sava\u015f\u0131n asla bir kazanan\u0131 olmad\u0131\u011f\u0131n\u0131 \u015fu s\u00f6zlerle vurgulad\u0131: \u201cEfendimiz (s.a.v.) bizlere sa\u011fl\u0131k ve afiyet dilemeyi \u00f6\u011f\u00fctl\u00fcyor. Biz M\u00fcsl\u00fcmanlar olarak, \u00f6zelde de \u0130slam Toplumu Mill\u00ee G\u00f6r\u00fc\u015f te\u015fkilatlar\u0131 olarak sava\u015f istemeyiz. Filistin\u2019de, Gazze\u2019de, Myanmar\u2019da, Sudan\u2019da, Yemen\u2019de, Ukrayna\u2019da, Do\u011fu T\u00fcrkistan\u2019da nerede olursa olsun, e\u011fer bir mazlum \u00f6l\u00fcyorsa, \u00e7ocuklar yetim kal\u0131yorsa, analar evlats\u0131z kal\u0131yorsa, bu sava\u015f\u0131n kazanan\u0131 olmaz. D\u00fcnya \u00fczerindeki nimetler adil payla\u015f\u0131lsa, herkese yetecek kadar kaynak var. Ancak h\u0131rs ve a\u00e7g\u00f6zl\u00fcl\u00fck insanlar\u0131 birbirine d\u00fc\u015f\u00fcr\u00fcyor.\u201d<\/span><\/p>\n<p><strong>\u201cZafer \u0130nananlar\u0131n Olacak\u201d<\/strong><\/p>\n<p class=\"p1\"><span class=\"s1\">Suriye\u2019de \u00f6zg\u00fcrl\u00fc\u011f\u00fcn yeni yeni tesis edilmeye ba\u015fland\u0131\u011f\u0131n\u0131 belirten Erg\u00fcn, t\u00fcm mazlum co\u011frafyalarda adaletin ve bar\u0131\u015f\u0131n hakim olmas\u0131n\u0131 diledi. Erg\u00fcn, \u201c\u00d6zg\u00fcrl\u00fckleri i\u00e7in m\u00fccadele eden halklar\u0131n eninde sonunda ba\u015faraca\u011f\u0131na inan\u0131yoruz. Belki bu s\u00fcre\u00e7 y\u0131llar s\u00fcrecek, ama sonunda zafer inananlar\u0131n olacak. T\u00fcm d\u00fcnyadaki sava\u015flar\u0131n, Suriye \u00f6rne\u011finde oldu\u011fu gibi \u00f6zg\u00fcrl\u00fckle sonu\u00e7lanmas\u0131n\u0131 Rabbimden temenni ediyorum. Hasene\u2019ye destek veren t\u00fcm g\u00f6n\u00fcll\u00fclerimize selam ve h\u00fcrmetlerimi sunuyorum.\u201d diye kaydetti.<\/span><\/p>\n<p class=\"p1\"><strong><span class=\"s2\">Hasene\u2019nin K\u00fcresel Yard\u0131m \u00c7al\u0131\u015fmalar\u0131 Devam Ediyor<\/span><\/strong><\/p>\n<p class=\"p1\"><span class=\"s1\">Hasene, d\u00fcnyan\u0131n farkl\u0131 co\u011frafyalar\u0131nda sava\u015f, do\u011fal afet ve yoksulluk nedeniyle zor durumda kalan insanlara destek olmaya devam ediyor. Suriye\u2019de tamamlanan bu projeye ek olarak, Gazze, Sudan, Myanmar ve di\u011fer kriz b\u00f6lgelerinde de insani yard\u0131m \u00e7al\u0131\u015fmalar\u0131n\u0131 s\u00fcrd\u00fcr\u00fcyor.(<a href=\"https:\/\/camiahaber.com\/2025\/02\/07\/kemal-ergun-hasene-koyu-depremzedeler-icin-yeni-umut-kapisi-oldu\/\">camiahaber<\/a>)<\/span><\/p>\n<\/div>\n","protected":false},"excerpt":{"rendered":"<p>Hasene \u0130nsani Yard\u0131m Derne\u011fi\u2019nin Suriye\u2019nin Azez kentinde in\u015fa etti\u011fi Hasene K\u00f6y\u00fc ile ilgili IGMG Genel Ba\u015fkan\u0131 Kemal Erg\u00fcn, Camia Haber\u2019e a\u00e7\u0131klamalarda bulundu ve projenin \u00f6nemine de\u011findi.<\/p>\n","protected":false},"author":1,"featured_media":55373,"comment_status":"closed","ping_status":"closed","sticky":false,"template":"","format":"standard","meta":{"ngg_post_thumbnail":0},"categories":[24261],"tags":[],"_links":{"self":[{"href":"https:\/\/www.igmg.org\/tr\/wp-json\/wp\/v2\/posts\/55372"}],"collection":[{"href":"https:\/\/www.igmg.org\/tr\/wp-json\/wp\/v2\/posts"}],"about":[{"href":"https:\/\/www.igmg.org\/tr\/wp-json\/wp\/v2\/types\/post"}],"author":[{"embeddable":true,"href":"https:\/\/www.igmg.org\/tr\/wp-json\/wp\/v2\/users\/1"}],"replies":[{"embeddable":true,"href":"https:\/\/www.igmg.org\/tr\/wp-json\/wp\/v2\/comments?post=55372"}],"version-history":[{"count":1,"href":"https:\/\/www.igmg.org\/tr\/wp-json\/wp\/v2\/posts\/55372\/revisions"}],"predecessor-version":[{"id":55378,"href":"https:\/\/www.igmg.org\/tr\/wp-json\/wp\/v2\/posts\/55372\/revisions\/55378"}],"wp:featuredmedia":[{"embeddable":true,"href":"https:\/\/www.igmg.org\/tr\/wp-json\/wp\/v2\/media\/55373"}],"wp:attachment":[{"href":"https:\/\/www.igmg.org\/tr\/wp-json\/wp\/v2\/media?parent=55372"}],"wp:term":[{"taxonomy":"category","embeddable":true,"href":"https:\/\/www.igmg.org\/tr\/wp-json\/wp\/v2\/categories?post=55372"},{"taxonomy":"post_tag","embeddable":true,"href":"https:\/\/www.igmg.org\/tr\/wp-json\/wp\/v2\/tags?post=55372"}],"curies":[{"name":"wp","href":"https:\/\/api.w.org\/{rel}","templated":true}]}}