{"id":55535,"date":"2025-02-20T16:16:47","date_gmt":"2025-02-20T15:16:47","guid":{"rendered":"https:\/\/www.igmg.org\/?p=55535"},"modified":"2025-02-20T16:16:47","modified_gmt":"2025-02-20T15:16:47","slug":"almanya-federal-secimlerinde-oyumuzu-kullanalim","status":"publish","type":"post","link":"https:\/\/www.igmg.org\/tr\/almanya-federal-secimlerinde-oyumuzu-kullanalim\/","title":{"rendered":"Almanya Federal Se\u00e7imlerinde oyumuzu kullanal\u0131m!"},"content":{"rendered":"<p><strong>\u0130slam Toplumu Mill\u00ee G\u00f6r\u00fc\u015f (IGMG) Genel Ba\u015fkan\u0131 Kemal Erg\u00fcn, 23 \u015eubat 2025 tarihinde ger\u00e7ekle\u015fecek olan Almanya Federal Se\u00e7imleri sebebiyle bir a\u00e7\u0131klama yapt\u0131. \u201cSe\u00e7imlere kat\u0131lmak hem vatanda\u015fl\u0131k g\u00f6revimizi yerine getirmek hem de toplum i\u00e7in sorumluluk almak demektir. Toplum i\u00e7in sorumluluk almak din\u00ee bir vecibedir.\u201d diyen Erg\u00fcn s\u00f6zlerini \u015f\u00f6yle s\u00fcrd\u00fcrd\u00fc:<\/strong><\/p>\n<p>\u201c\u0130slam Toplumu Mill\u00ee G\u00f6r\u00fc\u015f olarak, ba\u015fta M\u00fcsl\u00fcmanlar olmak \u00fczere Almanya\u2019daki b\u00fct\u00fcn vatanda\u015flar\u0131 Federal Se\u00e7imlerde oy kullanmaya \u00e7a\u011f\u0131r\u0131yoruz. Unutulmamal\u0131d\u0131r ki kat\u0131l\u0131m olmadan demokrasi ya\u015famaz ve her oy \u00f6nemlidir. Oy hakk\u0131n\u0131 kullanmayan ki\u015fi hem \u00fclkemizin gelece\u011fi hakk\u0131nda karar alma yetkisini ba\u015fkalar\u0131na devretmi\u015f hem de a\u015f\u0131r\u0131c\u0131 zihniyetteki olu\u015fumlara kendi ajandalar\u0131n\u0131 ger\u00e7ekle\u015ftirme imk\u00e2n\u0131 tan\u0131m\u0131\u015f olur.<\/p>\n<p>Bu \u00fclkenin gelece\u011fine M\u00fcsl\u00fcmanlar da katk\u0131 sa\u011fl\u0131yorlar ve oy tercihlerinin siyasette net olarak yank\u0131 bulmas\u0131n\u0131n zaman\u0131 gelmi\u015ftir. Bunun i\u00e7in de se\u00e7imlere aktif kat\u0131l\u0131m elzemdir. Buna ra\u011fmen oy kullanmayanlar e\u011fitim, kat\u0131l\u0131m, ekonomik istikrar, i\u015fg\u00fcc\u00fc piyasas\u0131, sosyal adalet, inan\u00e7 \u00f6zg\u00fcrl\u00fc\u011f\u00fc veya ayr\u0131mc\u0131l\u0131\u011fa kar\u015f\u0131 koruma gibi konular\u0131 ba\u015fkalar\u0131n\u0131n inisiyatifine b\u0131rakacakt\u0131r. Sadece oy hakk\u0131n\u0131 kullananlar gelece\u011fi \u015fekillendirmeye yard\u0131mc\u0131 olabilir.<\/p>\n<p>\u00d6zellikle toplumsal b\u00f6l\u00fcnmenin ya\u015fand\u0131\u011f\u0131 ve sa\u011fa meylin artt\u0131\u011f\u0131 bir d\u00f6nemde sorumluluk almak b\u00fcy\u00fck \u00f6nem ta\u015f\u0131yor. A\u015f\u0131r\u0131 sa\u011fc\u0131 partiler toplumda giderek daha fazla kar\u015f\u0131l\u0131k buluyorlar. Bu partilerin ideolojileri az\u0131nl\u0131k haklar\u0131n\u0131 k\u0131s\u0131tlamay\u0131 ve \u00f6zg\u00fcrl\u00fck\u00e7\u00fc de\u011ferlerimizi zay\u0131flatmay\u0131 ama\u00e7l\u0131yor. Bu durumda her bir oy \u00f6nemli ve b\u00fcy\u00fck bir etkiye sahip. Kullan\u0131lmayan he oy temel demokratik de\u011ferlerimizi sorgulayan g\u00fc\u00e7leri dolayl\u0131 olarak g\u00fc\u00e7lendirecektir.<\/p>\n<p>\u0130nsanlar\u0131m\u0131z ve toplumumuz i\u00e7in sorumluluk almak \u0130slam\u2019\u0131n bir \u00f6\u011fretisidir. Oy vermek hem bu sorumlulu\u011fun bir ifadesi hem de adil ve \u00e7o\u011fulcu bir toplum i\u00e7in katk\u0131 sunma f\u0131rsat\u0131d\u0131r. Kur\u2019an\u2019da \u015f\u00f6yle buyurulur: \u2018Allah bir kavme verdi\u011fini, o kavim kendisini bozup de\u011fi\u015ftirmedik\u00e7e de\u011fi\u015ftirmez.\u2019 (Ra\u2019d suresi, 13:11) Bu ilah\u00ee kelam, bize de\u011fi\u015fimin kendimizle ba\u015flad\u0131\u011f\u0131n\u0131 hat\u0131rlat\u0131yor. Bunun i\u00e7in de oy hakk\u0131n\u0131 kullanmak \u00e7ok \u00f6nemli bir ad\u0131m.\u201d<\/p>\n","protected":false},"excerpt":{"rendered":"<p>\u0130slam Toplumu Mill\u00ee G\u00f6r\u00fc\u015f (IGMG) Genel Ba\u015fkan\u0131 Kemal Erg\u00fcn, 23 \u015eubat 2025 tarihinde ger\u00e7ekle\u015fecek olan Almanya Federal Se\u00e7imleri sebebiyle bir a\u00e7\u0131klama yapt\u0131. \u201cSe\u00e7imlere kat\u0131lmak hem vatanda\u015fl\u0131k g\u00f6revimizi yerine getirmek hem de toplum i\u00e7in sorumluluk almak demektir. Toplum i\u00e7in sorumluluk almak din\u00ee bir vecibedir.\u201d diyen Erg\u00fcn s\u00f6zlerini \u015f\u00f6yle s\u00fcrd\u00fcrd\u00fc:<\/p>\n","protected":false},"author":1,"featured_media":32515,"comment_status":"closed","ping_status":"closed","sticky":false,"template":"","format":"standard","meta":{"ngg_post_thumbnail":0},"categories":[23244,23254,23239],"tags":[],"_links":{"self":[{"href":"https:\/\/www.igmg.org\/tr\/wp-json\/wp\/v2\/posts\/55535"}],"collection":[{"href":"https:\/\/www.igmg.org\/tr\/wp-json\/wp\/v2\/posts"}],"about":[{"href":"https:\/\/www.igmg.org\/tr\/wp-json\/wp\/v2\/types\/post"}],"author":[{"embeddable":true,"href":"https:\/\/www.igmg.org\/tr\/wp-json\/wp\/v2\/users\/1"}],"replies":[{"embeddable":true,"href":"https:\/\/www.igmg.org\/tr\/wp-json\/wp\/v2\/comments?post=55535"}],"version-history":[{"count":1,"href":"https:\/\/www.igmg.org\/tr\/wp-json\/wp\/v2\/posts\/55535\/revisions"}],"predecessor-version":[{"id":55536,"href":"https:\/\/www.igmg.org\/tr\/wp-json\/wp\/v2\/posts\/55535\/revisions\/55536"}],"wp:featuredmedia":[{"embeddable":true,"href":"https:\/\/www.igmg.org\/tr\/wp-json\/wp\/v2\/media\/32515"}],"wp:attachment":[{"href":"https:\/\/www.igmg.org\/tr\/wp-json\/wp\/v2\/media?parent=55535"}],"wp:term":[{"taxonomy":"category","embeddable":true,"href":"https:\/\/www.igmg.org\/tr\/wp-json\/wp\/v2\/categories?post=55535"},{"taxonomy":"post_tag","embeddable":true,"href":"https:\/\/www.igmg.org\/tr\/wp-json\/wp\/v2\/tags?post=55535"}],"curies":[{"name":"wp","href":"https:\/\/api.w.org\/{rel}","templated":true}]}}