{"id":55930,"date":"2025-03-19T14:46:14","date_gmt":"2025-03-19T13:46:14","guid":{"rendered":"https:\/\/www.igmg.org\/?p=55930"},"modified":"2025-03-19T14:46:14","modified_gmt":"2025-03-19T13:46:14","slug":"muesluemanlarin-daha-fazla-temsiline-ve-daha-fazla-katilimina-ihtiyac-var","status":"publish","type":"post","link":"https:\/\/www.igmg.org\/tr\/muesluemanlarin-daha-fazla-temsiline-ve-daha-fazla-katilimina-ihtiyac-var\/","title":{"rendered":"M\u00fcsl\u00fcmanlar\u0131n daha fazla temsiline ve daha fazla kat\u0131l\u0131m\u0131na ihtiya\u00e7 var"},"content":{"rendered":"<p><strong>\u0130slam Toplumu Mill\u00ee G\u00f6r\u00fc\u015f (IGMG) Gen\u00e7lik Te\u015fkilat\u0131 Ba\u015fkan\u0131 Furkan Kahraman ve Kad\u0131nlar Gen\u00e7lik Te\u015fkilat\u0131 Ba\u015fkan\u0131 Zehra Karata\u015f Entegrasyon ve G\u00f6\u00e7 Bilirki\u015fi Komisyonu&#8217;nun (SVR) &#8220;Gen\u00e7 ve \u00e7ok y\u00f6nl\u00fc, ama siyasi kat\u0131l\u0131m\u0131 eksik mi?&#8221; isimli yeni ara\u015ft\u0131rmas\u0131 sebebiyle bir a\u00e7\u0131klama yapt\u0131. &#8220;G\u00f6r\u00fcn\u00fcr olmayanlar g\u00f6z ard\u0131 ediliyor. G\u00f6\u00e7men k\u00f6kenli gen\u00e7ler siyasette yeterince temsil edilmiyor. \u0130slam Toplumu Mill\u00ee G\u00f6r\u00fc\u015f olarak hedefe y\u00f6nelik tedbirler al\u0131nmas\u0131n\u0131 talep ediyor, M\u00fcsl\u00fcman gen\u00e7lere siyasi kat\u0131l\u0131m \u00e7a\u011fr\u0131s\u0131nda bulunuyoruz.&#8221; diyen Kahraman ve Karata\u015f s\u00f6zlerini \u015f\u00f6yle s\u00fcrd\u00fcrd\u00fcler: <\/strong><\/p>\n<p>\u201cAra\u015ft\u0131rman\u0131n bulgular\u0131 endi\u015fe verici: G\u00f6\u00e7menlik tecr\u00fcbesi olan gen\u00e7lerin siyasete kat\u0131lma olas\u0131l\u0131\u011f\u0131, g\u00f6\u00e7menlik ge\u00e7mi\u015fi olmayan akranlar\u0131na g\u00f6re daha d\u00fc\u015f\u00fck. Bunu ilgi eksikli\u011fi olarak yorumlamak durumu ciddiyetini kavramamak anlam\u0131na gelir. Bunun m\u00fcsebbibi gen\u00e7lerin kendileri de\u011fil, siyasi kat\u0131l\u0131mlar\u0131n\u0131 zorla\u015ft\u0131ran yap\u0131lard\u0131r. Belirli gruplar\u0131n asl\u0131nda buraya ait olmad\u0131klar\u0131 mesaj\u0131n\u0131 s\u00fcrekli olarak veren yap\u0131lar oldu\u011fu s\u00fcrece gen\u00e7lerin geri durmas\u0131 s\u00fcrpriz olmamal\u0131d\u0131r. Bu nedenle \u0130slam Toplumu Mill\u00ee G\u00f6r\u00fc\u015f olarak, bu geli\u015fmeye kar\u015f\u0131 koymak i\u00e7in daha fazla temsil, hedefe y\u00f6nelik e\u011fitim \u00f6nlemleri ve ger\u00e7ek f\u0131rsat e\u015fitli\u011fi \u00e7a\u011fr\u0131s\u0131nda bulunuyoruz.\u201d<\/p>\n<p>G\u00f6\u00e7 ge\u00e7mi\u015fine sahip \u00e7ok say\u0131da gen\u00e7, k\u00fc\u00e7\u00fck ya\u015flardan itibaren siyasi tart\u0131\u015fmalarda seslerini duyuram\u0131yorlar. Toplumun bir par\u00e7as\u0131 olmalar\u0131na ra\u011fmen karar alma s\u00fcre\u00e7lerine kat\u0131lmalar\u0131na izin verilmedi\u011fi hissiyle b\u00fcy\u00fcyorlar. \u00c7e\u015fitlilik okullarda, medyada ve kamusal s\u00f6ylemde s\u0131kl\u0131kla tart\u0131\u015f\u0131lsa da siyasi yap\u0131lara pek de yans\u0131m\u0131yor. Netice olarak da \u00e7ok say\u0131da ki\u015finin temsil edildi\u011fini hissetmedi\u011fi ve kat\u0131l\u0131m\u0131n temel bir haktan ziyade bir ayr\u0131cal\u0131k olarak g\u00f6r\u00fcld\u00fc\u011f\u00fc bir siyaset ortaya \u00e7\u0131k\u0131yor. SVR taraf\u0131ndan tespit edilen bulgular da bunu teyit ediyor.<\/p>\n<p>Kahraman ve Karata\u015f: \u201cKendini toplumun hizmetine sunmak bir se\u00e7enek de\u011fil, bir g\u00f6revdir. Siyasi olarak g\u00f6r\u00fcnmez kalanlar, gelecekleriyle ilgili karar\u0131 ba\u015fkalar\u0131na b\u0131rakm\u0131\u015f olurlar. Bu nedenle siyasi makamlarda ve komisyonlarda M\u00fcsl\u00fcmanlar\u0131n daha fazla temsil edilmesine ihtiya\u00e7 vard\u0131r. M\u00fcsl\u00fcmanlar da d\u00e2hil olmak \u00fczere g\u00f6\u00e7 k\u00f6kenli gen\u00e7ler daha g\u00f6r\u00fcn\u00fcr h\u00e2le gelmeli, bak\u0131\u015f a\u00e7\u0131lar\u0131 duyulmal\u0131 ve siyaset onlara gelece\u011fi \u015fekillendirmeye yard\u0131mc\u0131 olacak ger\u00e7ek f\u0131rsatlar sunmal\u0131d\u0131r. De\u011fi\u015fim ancak iki taraftan gelirse ba\u015far\u0131l\u0131 olabilir. Siyasilerin engelleri ortadan kald\u0131rmak ve gen\u00e7lere kap\u0131lar\u0131 a\u00e7mak gibi bir g\u00f6revi var, ancak gen\u00e7ler de seslerini y\u00fckseltmeli. Bu nedenle \u0130slam Toplumu Mill\u00ee G\u00f6r\u00fc\u015f olarak M\u00fcsl\u00fcman gen\u00e7lere cesaretlerini kaybetmemeleri \u00e7a\u011fr\u0131s\u0131nda bulunuyoruz. S\u00f6yleyecek s\u00f6z\u00fc olan ve sorumluluk alanlar bir fark meydana getirebilir. Toplumumuzun bu seslere ihtiyac\u0131 var.\u201d<\/p>\n","protected":false},"excerpt":{"rendered":"<p>\u0130slam Toplumu Mill\u00ee G\u00f6r\u00fc\u015f (IGMG) Gen\u00e7lik Te\u015fkilat\u0131 Ba\u015fkan\u0131 Furkan Kahraman ve Kad\u0131nlar Gen\u00e7lik Te\u015fkilat\u0131 Ba\u015fkan\u0131 Zehra Karata\u015f Entegrasyon ve G\u00f6\u00e7 Bilirki\u015fi Komisyonu&#8217;nun (SVR) &#8220;Gen\u00e7 ve \u00e7ok y\u00f6nl\u00fc, ama siyasi kat\u0131l\u0131m\u0131 eksik mi?&#8221; isimli yeni ara\u015ft\u0131rmas\u0131 sebebiyle bir a\u00e7\u0131klama yapt\u0131. &#8220;G\u00f6r\u00fcn\u00fcr olmayanlar g\u00f6z ard\u0131 ediliyor. G\u00f6\u00e7men k\u00f6kenli gen\u00e7ler siyasette yeterince temsil edilmiyor. \u0130slam Toplumu Mill\u00ee G\u00f6r\u00fc\u015f olarak hedefe y\u00f6nelik tedbirler al\u0131nmas\u0131n\u0131 talep ediyor, M\u00fcsl\u00fcman gen\u00e7lere siyasi kat\u0131l\u0131m \u00e7a\u011fr\u0131s\u0131nda bulunuyoruz.&#8221; diyen Kahraman ve Karata\u015f s\u00f6zlerini \u015f\u00f6yle s\u00fcrd\u00fcrd\u00fcler:<\/p>\n","protected":false},"author":1,"featured_media":32515,"comment_status":"closed","ping_status":"closed","sticky":false,"template":"","format":"standard","meta":{"ngg_post_thumbnail":0},"categories":[23244,23259,23239],"tags":[],"_links":{"self":[{"href":"https:\/\/www.igmg.org\/tr\/wp-json\/wp\/v2\/posts\/55930"}],"collection":[{"href":"https:\/\/www.igmg.org\/tr\/wp-json\/wp\/v2\/posts"}],"about":[{"href":"https:\/\/www.igmg.org\/tr\/wp-json\/wp\/v2\/types\/post"}],"author":[{"embeddable":true,"href":"https:\/\/www.igmg.org\/tr\/wp-json\/wp\/v2\/users\/1"}],"replies":[{"embeddable":true,"href":"https:\/\/www.igmg.org\/tr\/wp-json\/wp\/v2\/comments?post=55930"}],"version-history":[{"count":1,"href":"https:\/\/www.igmg.org\/tr\/wp-json\/wp\/v2\/posts\/55930\/revisions"}],"predecessor-version":[{"id":55931,"href":"https:\/\/www.igmg.org\/tr\/wp-json\/wp\/v2\/posts\/55930\/revisions\/55931"}],"wp:featuredmedia":[{"embeddable":true,"href":"https:\/\/www.igmg.org\/tr\/wp-json\/wp\/v2\/media\/32515"}],"wp:attachment":[{"href":"https:\/\/www.igmg.org\/tr\/wp-json\/wp\/v2\/media?parent=55930"}],"wp:term":[{"taxonomy":"category","embeddable":true,"href":"https:\/\/www.igmg.org\/tr\/wp-json\/wp\/v2\/categories?post=55930"},{"taxonomy":"post_tag","embeddable":true,"href":"https:\/\/www.igmg.org\/tr\/wp-json\/wp\/v2\/tags?post=55930"}],"curies":[{"name":"wp","href":"https:\/\/api.w.org\/{rel}","templated":true}]}}