{"id":55986,"date":"2025-03-19T22:56:08","date_gmt":"2025-03-19T21:56:08","guid":{"rendered":"https:\/\/www.igmg.org\/?p=55986"},"modified":"2025-03-20T22:57:30","modified_gmt":"2025-03-20T21:57:30","slug":"viyanada-gassallik-kursu-duezenlendi-oeluemue-hatirlamak-ve-son-yolculuga-hazirlik","status":"publish","type":"post","link":"https:\/\/www.igmg.org\/tr\/viyanada-gassallik-kursu-duezenlendi-oeluemue-hatirlamak-ve-son-yolculuga-hazirlik\/","title":{"rendered":"Viyana\u2019da Gassall\u0131k Kursu D\u00fczenlendi: \u00d6l\u00fcm\u00fc Hat\u0131rlamak ve Son Yolculu\u011fa Haz\u0131rl\u0131k"},"content":{"rendered":"<div>\n<p>Viyana \u0130slam Federasyonu Gen\u00e7lik Te\u015fkilat\u0131 (IFW) ve UKBA Cenaze Yard\u0131mla\u015fma Derne\u011fi, 16 Mart 2025\u2019te Viyana M\u00fcsl\u00fcman Mezarl\u0131\u011f\u0131\u2019nda \u201cGassall\u0131k Kursu\u201d d\u00fczenledi. \u00d6l\u00fcm\u00fc hat\u0131rlamak ve cenaze hizmetleri konusunda bilin\u00e7 olu\u015fturmak amac\u0131yla ger\u00e7ekle\u015ftirilen etkinlik, yo\u011fun ilgi g\u00f6rd\u00fc.<\/p>\n<p><a href=\"https:\/\/camiahaber.com\/2025\/03\/11\/avusturyada-oruc-tartismasi-hukumetin-hedefinde-yine-muslumanlar-var\/\" target=\"_blank\" rel=\"noopener\">Avusturya\u2019da<\/a>&nbsp;Viyana \u0130slam Federasyonu Gen\u00e7lik Te\u015fkilat\u0131 (IFW), Gen\u00e7lik ve UKBA Cenaze Yard\u0131mla\u015fma Derne\u011fi 16 Mart 2025 tarihinde \u201cGassall\u0131k Kursu\u201d organize etti. Kurs, Viyana M\u00fcsl\u00fcman Mezarl\u0131\u011f\u0131\u2019nda ger\u00e7ekle\u015ftirildi. \u00d6l\u00fcm\u00fc hat\u0131rlamak ve cenaze hizmetleri konusunda bilin\u00e7 olu\u015fturmak amac\u0131yla d\u00fczenlenen etkinlik, yo\u011fun ilgi g\u00f6rd\u00fc.<\/p>\n<p>Kurs kapsam\u0131nda, cenazenin nas\u0131l y\u0131kanaca\u011f\u0131, kefenlenece\u011fi, cenaze namaz\u0131n\u0131n nas\u0131l k\u0131l\u0131naca\u011f\u0131 ve defin i\u015flemlerinin nas\u0131l yap\u0131laca\u011f\u0131 gibi konular detayl\u0131 bir \u015fekilde ele al\u0131nd\u0131. Ayr\u0131ca UKBA Cenaze Yard\u0131mla\u015fma Derne\u011fi\u2019nin \u00e7al\u0131\u015fmalar\u0131 hakk\u0131nda da bilgilendirme yap\u0131ld\u0131.<\/p>\n<p><img decoding=\"async\" loading=\"lazy\" class=\"alignnone size-full wp-image-90591\" src=\"https:\/\/camiahaber.com\/wp-content\/uploads\/2025\/03\/dcc7c924-6675-4523-bd1e-f21e78818731-scaled.jpg\" sizes=\"(max-width: 2560px) 100vw, 2560px\" srcset=\"https:\/\/camiahaber.com\/wp-content\/uploads\/2025\/03\/dcc7c924-6675-4523-bd1e-f21e78818731-scaled.jpg 2560w, https:\/\/camiahaber.com\/wp-content\/uploads\/2025\/03\/dcc7c924-6675-4523-bd1e-f21e78818731-300x200.jpg 300w, https:\/\/camiahaber.com\/wp-content\/uploads\/2025\/03\/dcc7c924-6675-4523-bd1e-f21e78818731-1024x683.jpg 1024w, https:\/\/camiahaber.com\/wp-content\/uploads\/2025\/03\/dcc7c924-6675-4523-bd1e-f21e78818731-768x512.jpg 768w, https:\/\/camiahaber.com\/wp-content\/uploads\/2025\/03\/dcc7c924-6675-4523-bd1e-f21e78818731-1536x1024.jpg 1536w, https:\/\/camiahaber.com\/wp-content\/uploads\/2025\/03\/dcc7c924-6675-4523-bd1e-f21e78818731-2048x1365.jpg 2048w, https:\/\/camiahaber.com\/wp-content\/uploads\/2025\/03\/dcc7c924-6675-4523-bd1e-f21e78818731-495x330.jpg 495w, https:\/\/camiahaber.com\/wp-content\/uploads\/2025\/03\/dcc7c924-6675-4523-bd1e-f21e78818731-270x180.jpg 270w\" alt=\"\" width=\"2560\" height=\"1707\"><\/p>\n<p><strong>\u201cBu Mezarl\u0131k, M\u00fcsl\u00fcmanlar\u0131n Ahiret Yurduna A\u00e7\u0131lan Kap\u0131s\u0131d\u0131r\u201d<\/strong><\/p>\n<p>Etkinlik, Viyana M\u00fcsl\u00fcman Mezarl\u0131\u011f\u0131 M\u00fcd\u00fcr\u00fc Rag\u0131b Taric taraf\u0131ndan verilen \u201cMezarl\u0131\u011f\u0131n Tarih\u00e7esi\u201d konulu sunumla ba\u015flad\u0131. Mezarl\u0131\u011f\u0131n ge\u00e7mi\u015fine, \u00f6nemine ve burada yap\u0131lan hizmetlere de\u011finen Taric, \u201cBuras\u0131, Avusturya\u2019da ya\u015fayan M\u00fcsl\u00fcmanlar i\u00e7in b\u00fcy\u00fck bir de\u011fer ta\u015f\u0131yor. M\u00fcsl\u00fcman mezarl\u0131\u011f\u0131m\u0131z, ahiret yurduna a\u00e7\u0131lan bir kap\u0131d\u0131r. Cenaze hizmetlerinin eksiksiz ve \u0130slami usullere uygun \u015fekilde yap\u0131lmas\u0131 i\u00e7in b\u00fcy\u00fck bir \u00f6zveriyle \u00e7al\u0131\u015f\u0131yoruz.\u201d ifadelerini kulland\u0131.<\/p>\n<p><img decoding=\"async\" loading=\"lazy\" class=\"alignnone size-full wp-image-90592\" src=\"https:\/\/camiahaber.com\/wp-content\/uploads\/2025\/03\/ca9c39d1-4b2c-4b55-ae1f-5a6eacae3bb2-scaled.jpg\" sizes=\"(max-width: 2560px) 100vw, 2560px\" srcset=\"https:\/\/camiahaber.com\/wp-content\/uploads\/2025\/03\/ca9c39d1-4b2c-4b55-ae1f-5a6eacae3bb2-scaled.jpg 2560w, https:\/\/camiahaber.com\/wp-content\/uploads\/2025\/03\/ca9c39d1-4b2c-4b55-ae1f-5a6eacae3bb2-300x200.jpg 300w, https:\/\/camiahaber.com\/wp-content\/uploads\/2025\/03\/ca9c39d1-4b2c-4b55-ae1f-5a6eacae3bb2-1024x683.jpg 1024w, https:\/\/camiahaber.com\/wp-content\/uploads\/2025\/03\/ca9c39d1-4b2c-4b55-ae1f-5a6eacae3bb2-768x512.jpg 768w, https:\/\/camiahaber.com\/wp-content\/uploads\/2025\/03\/ca9c39d1-4b2c-4b55-ae1f-5a6eacae3bb2-1536x1024.jpg 1536w, https:\/\/camiahaber.com\/wp-content\/uploads\/2025\/03\/ca9c39d1-4b2c-4b55-ae1f-5a6eacae3bb2-2048x1365.jpg 2048w, https:\/\/camiahaber.com\/wp-content\/uploads\/2025\/03\/ca9c39d1-4b2c-4b55-ae1f-5a6eacae3bb2-495x330.jpg 495w, https:\/\/camiahaber.com\/wp-content\/uploads\/2025\/03\/ca9c39d1-4b2c-4b55-ae1f-5a6eacae3bb2-270x180.jpg 270w\" alt=\"\" width=\"2560\" height=\"1707\"><\/p>\n<p><strong>Ekrem \u0130lhan\u2019dan Uygulamal\u0131 Cenaze Y\u0131kama ve Kefenleme E\u011fitimi<\/strong><\/p>\n<p>Etkinli\u011fin en \u00f6nemli b\u00f6l\u00fcmlerinden biri, Mescid-i Selam \u0130mam Hatibi Ekrem \u0130lhan taraf\u0131ndan verilen uygulamal\u0131 cenaze y\u0131kama ve kefenleme e\u011fitimi oldu. Kat\u0131l\u0131mc\u0131lara birebir g\u00f6sterilen bu uygulamal\u0131 e\u011fitim, cenaze y\u0131kama s\u00fcrecini anlamak a\u00e7\u0131s\u0131ndan b\u00fcy\u00fck \u00f6nem ta\u015f\u0131d\u0131.<\/p>\n<p><img decoding=\"async\" loading=\"lazy\" class=\"alignnone size-full wp-image-90598\" src=\"https:\/\/camiahaber.com\/wp-content\/uploads\/2025\/03\/a3e1bd50-0b98-4d04-8c5e-f4f79eeacb92-scaled.jpg\" sizes=\"(max-width: 2560px) 100vw, 2560px\" srcset=\"https:\/\/camiahaber.com\/wp-content\/uploads\/2025\/03\/a3e1bd50-0b98-4d04-8c5e-f4f79eeacb92-scaled.jpg 2560w, https:\/\/camiahaber.com\/wp-content\/uploads\/2025\/03\/a3e1bd50-0b98-4d04-8c5e-f4f79eeacb92-300x200.jpg 300w, https:\/\/camiahaber.com\/wp-content\/uploads\/2025\/03\/a3e1bd50-0b98-4d04-8c5e-f4f79eeacb92-1024x683.jpg 1024w, https:\/\/camiahaber.com\/wp-content\/uploads\/2025\/03\/a3e1bd50-0b98-4d04-8c5e-f4f79eeacb92-768x512.jpg 768w, https:\/\/camiahaber.com\/wp-content\/uploads\/2025\/03\/a3e1bd50-0b98-4d04-8c5e-f4f79eeacb92-1536x1024.jpg 1536w, https:\/\/camiahaber.com\/wp-content\/uploads\/2025\/03\/a3e1bd50-0b98-4d04-8c5e-f4f79eeacb92-2048x1365.jpg 2048w, https:\/\/camiahaber.com\/wp-content\/uploads\/2025\/03\/a3e1bd50-0b98-4d04-8c5e-f4f79eeacb92-495x330.jpg 495w, https:\/\/camiahaber.com\/wp-content\/uploads\/2025\/03\/a3e1bd50-0b98-4d04-8c5e-f4f79eeacb92-270x180.jpg 270w\" alt=\"\" width=\"2560\" height=\"1707\"><\/p>\n<p>Ekrem \u0130lhan, cenaze hizmetlerinin, her M\u00fcsl\u00fcman\u0131n temel dini bilgisi i\u00e7inde yer almas\u0131 gereken konulardan biri oldu\u011funu vurgulad\u0131. \u0130lhan, \u201cBug\u00fcn burada, bu sorumlulu\u011fu yerine getirmek ad\u0131na \u00f6nemli bir e\u011fitim verdik. \u0130nsan, \u00f6l\u00fcm\u00fc unutmamal\u0131 ve ona haz\u0131rl\u0131kl\u0131 olmal\u0131d\u0131r. Gassall\u0131k sadece bir meslek de\u011fil, b\u00fcy\u00fck bir ibadettir.\u201d diye ekledi.<\/p>\n<p><img decoding=\"async\" loading=\"lazy\" class=\"alignnone size-full wp-image-90593\" src=\"https:\/\/camiahaber.com\/wp-content\/uploads\/2025\/03\/ed41434d-2798-4589-ad9a-9693d2c84450-scaled.jpg\" sizes=\"(max-width: 2560px) 100vw, 2560px\" srcset=\"https:\/\/camiahaber.com\/wp-content\/uploads\/2025\/03\/ed41434d-2798-4589-ad9a-9693d2c84450-scaled.jpg 2560w, https:\/\/camiahaber.com\/wp-content\/uploads\/2025\/03\/ed41434d-2798-4589-ad9a-9693d2c84450-300x200.jpg 300w, https:\/\/camiahaber.com\/wp-content\/uploads\/2025\/03\/ed41434d-2798-4589-ad9a-9693d2c84450-1024x683.jpg 1024w, https:\/\/camiahaber.com\/wp-content\/uploads\/2025\/03\/ed41434d-2798-4589-ad9a-9693d2c84450-768x512.jpg 768w, https:\/\/camiahaber.com\/wp-content\/uploads\/2025\/03\/ed41434d-2798-4589-ad9a-9693d2c84450-1536x1024.jpg 1536w, https:\/\/camiahaber.com\/wp-content\/uploads\/2025\/03\/ed41434d-2798-4589-ad9a-9693d2c84450-2048x1365.jpg 2048w, https:\/\/camiahaber.com\/wp-content\/uploads\/2025\/03\/ed41434d-2798-4589-ad9a-9693d2c84450-495x330.jpg 495w, https:\/\/camiahaber.com\/wp-content\/uploads\/2025\/03\/ed41434d-2798-4589-ad9a-9693d2c84450-270x180.jpg 270w\" alt=\"\" width=\"2560\" height=\"1707\"><\/p>\n<p><strong>&nbsp;\u201cGen\u00e7lerimize \u00d6l\u00fcm Ger\u00e7e\u011fini Hat\u0131rlatmal\u0131y\u0131z\u201d<\/strong><\/p>\n<p>IFW Gen\u00e7lik Ba\u015fkan\u0131 \u0130lker Argan, etkinlik hakk\u0131nda \u015fu a\u00e7\u0131klamalarda bulundu: \u201c\u00d6l\u00fcm, hayat\u0131n ka\u00e7\u0131n\u0131lmaz bir ger\u00e7e\u011fi ve bizler bu bilin\u00e7le ya\u015famay\u0131 \u00f6\u011frenmeliyiz. Gassall\u0131k kursu, sadece teknik bir e\u011fitim de\u011fil; ayn\u0131 zamanda \u00f6l\u00fcm\u00fcn fark\u0131ndal\u0131\u011f\u0131n\u0131 art\u0131ran, ahiret haz\u0131rl\u0131\u011f\u0131n\u0131 d\u00fc\u015f\u00fcnd\u00fcren manevi bir s\u00fcre\u00e7tir. Gen\u00e7lerimizin de bu konuda bilin\u00e7lenmesi \u00e7ok \u00f6nemli. Bu y\u00fczden bu t\u00fcr programlar\u0131 desteklemeye devam edece\u011fiz.\u201d<\/p>\n<p><img decoding=\"async\" loading=\"lazy\" class=\"alignnone size-full wp-image-90594\" src=\"https:\/\/camiahaber.com\/wp-content\/uploads\/2025\/03\/cba4e98b-4bc1-4a9a-be35-8727f0a8ead1-scaled.jpg\" sizes=\"(max-width: 2560px) 100vw, 2560px\" srcset=\"https:\/\/camiahaber.com\/wp-content\/uploads\/2025\/03\/cba4e98b-4bc1-4a9a-be35-8727f0a8ead1-scaled.jpg 2560w, https:\/\/camiahaber.com\/wp-content\/uploads\/2025\/03\/cba4e98b-4bc1-4a9a-be35-8727f0a8ead1-300x200.jpg 300w, https:\/\/camiahaber.com\/wp-content\/uploads\/2025\/03\/cba4e98b-4bc1-4a9a-be35-8727f0a8ead1-1024x683.jpg 1024w, https:\/\/camiahaber.com\/wp-content\/uploads\/2025\/03\/cba4e98b-4bc1-4a9a-be35-8727f0a8ead1-768x512.jpg 768w, https:\/\/camiahaber.com\/wp-content\/uploads\/2025\/03\/cba4e98b-4bc1-4a9a-be35-8727f0a8ead1-1536x1024.jpg 1536w, https:\/\/camiahaber.com\/wp-content\/uploads\/2025\/03\/cba4e98b-4bc1-4a9a-be35-8727f0a8ead1-2048x1365.jpg 2048w, https:\/\/camiahaber.com\/wp-content\/uploads\/2025\/03\/cba4e98b-4bc1-4a9a-be35-8727f0a8ead1-495x330.jpg 495w, https:\/\/camiahaber.com\/wp-content\/uploads\/2025\/03\/cba4e98b-4bc1-4a9a-be35-8727f0a8ead1-270x180.jpg 270w\" alt=\"\" width=\"2560\" height=\"1707\"><\/p>\n<p><strong>\u201cCenaze Hizmetleri Konusunda Toplumu Bilgilendirmeye Devam Edece\u011fiz\u201d<\/strong><\/p>\n<p><a href=\"https:\/\/www.ukba.eu\/\" target=\"_blank\" rel=\"noopener\">UKBA Cenaze Yard\u0131mla\u015fma Derne\u011fi<\/a>&nbsp;ad\u0131na konu\u015fan Ramazan Ko\u00e7 da cenaze hizmetlerinin, her ailenin bir g\u00fcn ihtiya\u00e7 duyaca\u011f\u0131 ama \u00e7o\u011fu zaman yeterince bilinmeyen bir konu oldu\u011funu aktard\u0131. Ko\u00e7, \u201cBiz UKBA olarak, toplumu bu konuda bilin\u00e7lendirmek ve gerekli hizmetleri en iyi \u015fekilde sunmak i\u00e7in \u00e7al\u0131\u015fmalar\u0131m\u0131z\u0131 s\u00fcrd\u00fcr\u00fcyoruz. Gassall\u0131k kursu, hem teorik hem de uygulamal\u0131 e\u011fitimlerle b\u00fcy\u00fck bir ihtiyaca cevap verdi.\u201d diye kaydetti.<\/p>\n<p><img decoding=\"async\" loading=\"lazy\" class=\"alignnone size-full wp-image-90596\" src=\"https:\/\/camiahaber.com\/wp-content\/uploads\/2025\/03\/6101cd6d-7446-46c1-b7bc-2882e253d019-scaled.jpg\" sizes=\"(max-width: 1707px) 100vw, 1707px\" srcset=\"https:\/\/camiahaber.com\/wp-content\/uploads\/2025\/03\/6101cd6d-7446-46c1-b7bc-2882e253d019-scaled.jpg 1707w, https:\/\/camiahaber.com\/wp-content\/uploads\/2025\/03\/6101cd6d-7446-46c1-b7bc-2882e253d019-200x300.jpg 200w, https:\/\/camiahaber.com\/wp-content\/uploads\/2025\/03\/6101cd6d-7446-46c1-b7bc-2882e253d019-683x1024.jpg 683w, https:\/\/camiahaber.com\/wp-content\/uploads\/2025\/03\/6101cd6d-7446-46c1-b7bc-2882e253d019-768x1152.jpg 768w, https:\/\/camiahaber.com\/wp-content\/uploads\/2025\/03\/6101cd6d-7446-46c1-b7bc-2882e253d019-1024x1536.jpg 1024w, https:\/\/camiahaber.com\/wp-content\/uploads\/2025\/03\/6101cd6d-7446-46c1-b7bc-2882e253d019-1365x2048.jpg 1365w, https:\/\/camiahaber.com\/wp-content\/uploads\/2025\/03\/6101cd6d-7446-46c1-b7bc-2882e253d019-220x330.jpg 220w, https:\/\/camiahaber.com\/wp-content\/uploads\/2025\/03\/6101cd6d-7446-46c1-b7bc-2882e253d019-120x180.jpg 120w\" alt=\"\" width=\"1707\" height=\"2560\"><\/p>\n<p><strong>Mezarl\u0131k Ziyareti ve Kat\u0131l\u0131m Belgeleri<\/strong><\/p>\n<p>E\u011fitimin sonunda, kat\u0131l\u0131mc\u0131larla birlikte mezarl\u0131k ziyareti ger\u00e7ekle\u015ftirildi ve dua edildi. Program\u0131n sonunda kursa kat\u0131lanlara kat\u0131l\u0131m belgesi takdim edildi. Kursa kat\u0131lanlar, bu e\u011fitimin kendileri i\u00e7in \u00e7ok anlaml\u0131 oldu\u011funu belirterek, \u00f6l\u00fcm ger\u00e7e\u011fini unutmamak ve son yolculu\u011fa haz\u0131r olmak ad\u0131na \u00e7ok \u00f6nemli bir f\u0131rsat sundu\u011funu ifade etti. IFW ve UKBA yetkilileri, bu t\u00fcr bilin\u00e7lendirme programlar\u0131n\u0131 ilerleyen d\u00f6nemlerde de s\u00fcrd\u00fcreceklerini a\u00e7\u0131klad\u0131. (<a href=\"https:\/\/camiahaber.com\/2025\/03\/19\/viyanada-gassallik-kursu-duzenlendi-olumu-hatirlamak-ve-son-yolculuga-hazirlik\/\">camiahaber<\/a>)<\/p>\n<\/div>\n","protected":false},"excerpt":{"rendered":"<p>Viyana \u0130slam Federasyonu Gen\u00e7lik Te\u015fkilat\u0131 (IFW) ve UKBA Cenaze Yard\u0131mla\u015fma Derne\u011fi, 16 Mart 2025\u2019te Viyana M\u00fcsl\u00fcman Mezarl\u0131\u011f\u0131\u2019nda \u201cGassall\u0131k Kursu\u201d d\u00fczenledi. \u00d6l\u00fcm\u00fc hat\u0131rlamak ve cenaze hizmetleri konusunda bilin\u00e7 olu\u015fturmak amac\u0131yla ger\u00e7ekle\u015ftirilen etkinlik, yo\u011fun ilgi g\u00f6rd\u00fc.<\/p>\n","protected":false},"author":1,"featured_media":55987,"comment_status":"closed","ping_status":"closed","sticky":false,"template":"","format":"standard","meta":{"ngg_post_thumbnail":0},"categories":[24261],"tags":[],"_links":{"self":[{"href":"https:\/\/www.igmg.org\/tr\/wp-json\/wp\/v2\/posts\/55986"}],"collection":[{"href":"https:\/\/www.igmg.org\/tr\/wp-json\/wp\/v2\/posts"}],"about":[{"href":"https:\/\/www.igmg.org\/tr\/wp-json\/wp\/v2\/types\/post"}],"author":[{"embeddable":true,"href":"https:\/\/www.igmg.org\/tr\/wp-json\/wp\/v2\/users\/1"}],"replies":[{"embeddable":true,"href":"https:\/\/www.igmg.org\/tr\/wp-json\/wp\/v2\/comments?post=55986"}],"version-history":[{"count":1,"href":"https:\/\/www.igmg.org\/tr\/wp-json\/wp\/v2\/posts\/55986\/revisions"}],"predecessor-version":[{"id":55992,"href":"https:\/\/www.igmg.org\/tr\/wp-json\/wp\/v2\/posts\/55986\/revisions\/55992"}],"wp:featuredmedia":[{"embeddable":true,"href":"https:\/\/www.igmg.org\/tr\/wp-json\/wp\/v2\/media\/55987"}],"wp:attachment":[{"href":"https:\/\/www.igmg.org\/tr\/wp-json\/wp\/v2\/media?parent=55986"}],"wp:term":[{"taxonomy":"category","embeddable":true,"href":"https:\/\/www.igmg.org\/tr\/wp-json\/wp\/v2\/categories?post=55986"},{"taxonomy":"post_tag","embeddable":true,"href":"https:\/\/www.igmg.org\/tr\/wp-json\/wp\/v2\/tags?post=55986"}],"curies":[{"name":"wp","href":"https:\/\/api.w.org\/{rel}","templated":true}]}}