{"id":56071,"date":"2025-03-27T14:02:32","date_gmt":"2025-03-27T13:02:32","guid":{"rendered":"https:\/\/www.igmg.org\/?p=56071"},"modified":"2025-03-27T14:02:32","modified_gmt":"2025-03-27T13:02:32","slug":"kalkinma-politikasi-olmadan-baris-olmaz","status":"publish","type":"post","link":"https:\/\/www.igmg.org\/tr\/kalkinma-politikasi-olmadan-baris-olmaz\/","title":{"rendered":"Kalk\u0131nma politikas\u0131 olmadan bar\u0131\u015f olmaz"},"content":{"rendered":"<p><strong>\u0130slam Toplumu Mill\u00ee G\u00f6r\u00fc\u015f (IGMG) Genel Sekreteri Ali Mete, kalk\u0131nma b\u00fct\u00e7esinde olas\u0131 kesintiler ve koalisyon g\u00f6r\u00fc\u015fmelerinin bir par\u00e7as\u0131 olarak Kalk\u0131nma Bakanl\u0131\u011f\u0131&#8217;n\u0131n D\u0131\u015fi\u015fleri Bakanl\u0131\u011f\u0131&#8217;na entegre edilmesi haberleri sebebiyle bir a\u00e7\u0131klama yapt\u0131. \u201cKalk\u0131nma Bakanl\u0131\u011f\u0131&#8217;n\u0131 kald\u0131rmak g\u00f6\u00e7\u00fcn sebeplerini, g\u00fcvensizli\u011fi ve ac\u0131y\u0131 g\u00f6rmezden gelmek demektir. Almanya, d\u00fcnyan\u0131n i\u00e7ine kapanma s\u00fcrecine ortak olmamal\u0131.\u201d diyen Mete s\u00f6zlerini \u015f\u00f6yle s\u00fcrd\u00fcrd\u00fc:<\/strong><\/p>\n<p>\u201c\u0130slam Toplumu Mill\u00ee G\u00f6r\u00fc\u015f olarak, Federal Ekonomik \u0130\u015fbirli\u011fi ve Kalk\u0131nma Bakanl\u0131\u011f\u0131&#8217;n\u0131n (BMZ) la\u011fvedilmesi planlar\u0131n\u0131 b\u00fcy\u00fck bir endi\u015fe ile takip ediyoruz. Mevcut koalisyon m\u00fczakerelerinde tart\u0131\u015f\u0131lan BMZ&#8217;nin D\u0131\u015fi\u015fleri Bakanl\u0131\u011f\u0131&#8217;na entegre edilmesi hem siyasi hem de ahlaki a\u00e7\u0131dan ciddi bir geri ad\u0131m olacakt\u0131r.<\/p>\n<p>Kalk\u0131nma politikas\u0131 diplomasiden daha fazlas\u0131d\u0131r. Ba\u015fl\u0131 ba\u015f\u0131na bir eylem alan\u0131 ve insanl\u0131\u011f\u0131n bir gere\u011fidir. BMZ&#8217;nin zay\u0131flat\u0131lmas\u0131 ve hatta feshedilmesi, uluslararas\u0131 e\u015fitsizliklerin, krizlerin ve \u00fclkelerden ka\u00e7\u0131\u015f nedenlerinin \u00e7o\u011fald\u0131\u011f\u0131 bir d\u00f6neme denk gelecektir. Bu durum bar\u0131\u015f\u0131n sa\u011flanmas\u0131 ve yoksullukla m\u00fccadele i\u00e7in denenen bir arac\u0131 yok etmekle kalmayacak, ayn\u0131 zamanda Almanya&#8217;n\u0131n k\u00fcresel bir akt\u00f6r olarak g\u00fcvenilirli\u011fine de zarar verecektir.<\/p>\n<p>\u0130slami bir perspektiften bak\u0131ld\u0131\u011f\u0131nda, ihtiya\u00e7 sahiplerine yard\u0131m etmek iste\u011fe ba\u011fl\u0131 de\u011fil, zorunludur. S\u0131n\u0131rlar \u00f6tesinde adalet, merhamet ve dayan\u0131\u015fmay\u0131 vurgulayan ahlaki bir tutumun ifadesidir. Dolay\u0131s\u0131yla kalk\u0131nma politikas\u0131 ayn\u0131 zamanda din\u00ee, sosyal ve siyasi a\u00e7\u0131dan bir sorumluluktur. Gelecekteki Alman h\u00fck\u00fbmetinin bu sorumlulu\u011fun bilincinde bir politika izlemesini bekliyoruz.<\/p>\n<p>\u00d6zellikle ABD gibi di\u011fer ba\u011f\u0131\u015f\u00e7\u0131 \u00fclkelerin kalk\u0131nma i\u015fbirli\u011fi fonlar\u0131n\u0131 b\u00fcy\u00fck \u00f6l\u00e7\u00fcde azaltt\u0131\u011f\u0131 bir d\u00f6nemde Almanya&#8217;n\u0131n da geri ad\u0131m atmas\u0131 son derece vahim olacakt\u0131r. Bug\u00fcn kesintiye gidenler, bunun bedelini daha sonra istikrars\u0131zl\u0131k, a\u00e7l\u0131k, yerinden edilme ve siyasi g\u00fcvensizlikle iki kez \u00f6deyeceklerdir. Almanya burada k\u00fcresel geri \u00e7ekilmenin par\u00e7as\u0131 de\u011fil, tam aksine bir kar\u015f\u0131 model, rol model olmal\u0131d\u0131r.<\/p>\n<p>\u0130slam Toplumu Mill\u00ee G\u00f6r\u00fc\u015f olarak koalisyon ortaklar\u0131n\u0131 uluslararas\u0131 dayan\u0131\u015fma ve adalet konusunda a\u00e7\u0131k bir taahh\u00fctte bulunmaya \u00e7a\u011f\u0131r\u0131yoruz. Buna yeterli kaynaklara sahip ba\u011f\u0131ms\u0131z bir kalk\u0131nma bakanl\u0131\u011f\u0131n\u0131n korunmas\u0131 da d\u00e2hildir. Kalk\u0131nma politikas\u0131n\u0131n kabinede d\u0131\u015f politika ve g\u00fcvenlik politikas\u0131yla e\u015fit d\u00fczeyde, bir eklenti olarak de\u011fil, g\u00fc\u00e7l\u00fc bir ses olarak var olmas\u0131 gerekir.\u201d<\/p>\n","protected":false},"excerpt":{"rendered":"<p>\u0130slam Toplumu Mill\u00ee G\u00f6r\u00fc\u015f (IGMG) Genel Sekreteri Ali Mete, kalk\u0131nma b\u00fct\u00e7esinde olas\u0131 kesintiler ve koalisyon g\u00f6r\u00fc\u015fmelerinin bir par\u00e7as\u0131 olarak Kalk\u0131nma Bakanl\u0131\u011f\u0131&#8217;n\u0131n D\u0131\u015fi\u015fleri Bakanl\u0131\u011f\u0131&#8217;na entegre edilmesi haberleri sebebiyle bir a\u00e7\u0131klama yapt\u0131. \u201cKalk\u0131nma Bakanl\u0131\u011f\u0131&#8217;n\u0131 kald\u0131rmak g\u00f6\u00e7\u00fcn sebeplerini, g\u00fcvensizli\u011fi ve ac\u0131y\u0131 g\u00f6rmezden gelmek demektir. Almanya, d\u00fcnyan\u0131n i\u00e7ine kapanma s\u00fcrecine ortak olmamal\u0131.\u201d diyen Mete s\u00f6zlerini \u015f\u00f6yle s\u00fcrd\u00fcrd\u00fc:<\/p>\n","protected":false},"author":1,"featured_media":32515,"comment_status":"closed","ping_status":"closed","sticky":false,"template":"","format":"standard","meta":{"ngg_post_thumbnail":0},"categories":[23244,23262,23239],"tags":[],"_links":{"self":[{"href":"https:\/\/www.igmg.org\/tr\/wp-json\/wp\/v2\/posts\/56071"}],"collection":[{"href":"https:\/\/www.igmg.org\/tr\/wp-json\/wp\/v2\/posts"}],"about":[{"href":"https:\/\/www.igmg.org\/tr\/wp-json\/wp\/v2\/types\/post"}],"author":[{"embeddable":true,"href":"https:\/\/www.igmg.org\/tr\/wp-json\/wp\/v2\/users\/1"}],"replies":[{"embeddable":true,"href":"https:\/\/www.igmg.org\/tr\/wp-json\/wp\/v2\/comments?post=56071"}],"version-history":[{"count":1,"href":"https:\/\/www.igmg.org\/tr\/wp-json\/wp\/v2\/posts\/56071\/revisions"}],"predecessor-version":[{"id":56072,"href":"https:\/\/www.igmg.org\/tr\/wp-json\/wp\/v2\/posts\/56071\/revisions\/56072"}],"wp:featuredmedia":[{"embeddable":true,"href":"https:\/\/www.igmg.org\/tr\/wp-json\/wp\/v2\/media\/32515"}],"wp:attachment":[{"href":"https:\/\/www.igmg.org\/tr\/wp-json\/wp\/v2\/media?parent=56071"}],"wp:term":[{"taxonomy":"category","embeddable":true,"href":"https:\/\/www.igmg.org\/tr\/wp-json\/wp\/v2\/categories?post=56071"},{"taxonomy":"post_tag","embeddable":true,"href":"https:\/\/www.igmg.org\/tr\/wp-json\/wp\/v2\/tags?post=56071"}],"curies":[{"name":"wp","href":"https:\/\/api.w.org\/{rel}","templated":true}]}}