{"id":56154,"date":"2025-03-30T09:36:55","date_gmt":"2025-03-30T07:36:55","guid":{"rendered":"https:\/\/www.igmg.org\/?p=56154"},"modified":"2025-03-31T09:39:14","modified_gmt":"2025-03-31T07:39:14","slug":"avrupada-muesluemanlar-bayram-namazinda-bulustu","status":"publish","type":"post","link":"https:\/\/www.igmg.org\/tr\/avrupada-muesluemanlar-bayram-namazinda-bulustu\/","title":{"rendered":"Avrupa\u2019da M\u00fcsl\u00fcmanlar Bayram Namaz\u0131nda Bulu\u015ftu"},"content":{"rendered":"<div>\n<p>Avrupa\u2019da ya\u015fayan M\u00fcsl\u00fcmanlar, Ramazan Bayram\u0131 namaz\u0131 i\u00e7in camilere ak\u0131n etti. Arefe g\u00fcn\u00fc ise M\u00fcsl\u00fcman mezarl\u0131klar\u0131 ziyaret edilerek dualar edildi.<\/p>\n<p class=\"p1\">Avrupa\u2019da ya\u015fayan M\u00fcsl\u00fcmanlar, Ramazan Bayram\u0131 namaz\u0131 i\u00e7in sabah\u0131n erken saatlerinde camilere ak\u0131n etti. Ba\u015fta T\u00fcrkler olmak \u00fczere farkl\u0131 milletlerden binlerce M\u00fcsl\u00fcman, bayram sevincini cemaatle birlikte ya\u015fad\u0131.<\/p>\n<figure id=\"attachment_91325\" class=\"wp-caption alignnone\" aria-describedby=\"caption-attachment-91325\"><img decoding=\"async\" loading=\"lazy\" class=\"wp-image-91325 size-full\" src=\"https:\/\/camiahaber.com\/wp-content\/uploads\/2025\/03\/IMG_1040-scaled.jpeg\" sizes=\"(max-width: 2560px) 100vw, 2560px\" srcset=\"https:\/\/camiahaber.com\/wp-content\/uploads\/2025\/03\/IMG_1040-scaled.jpeg 2560w, https:\/\/camiahaber.com\/wp-content\/uploads\/2025\/03\/IMG_1040-300x180.jpeg 300w, https:\/\/camiahaber.com\/wp-content\/uploads\/2025\/03\/IMG_1040-1024x614.jpeg 1024w, https:\/\/camiahaber.com\/wp-content\/uploads\/2025\/03\/IMG_1040-768x461.jpeg 768w, https:\/\/camiahaber.com\/wp-content\/uploads\/2025\/03\/IMG_1040-1536x921.jpeg 1536w, https:\/\/camiahaber.com\/wp-content\/uploads\/2025\/03\/IMG_1040-2048x1229.jpeg 2048w, https:\/\/camiahaber.com\/wp-content\/uploads\/2025\/03\/IMG_1040-550x330.jpeg 550w, https:\/\/camiahaber.com\/wp-content\/uploads\/2025\/03\/IMG_1040-270x162.jpeg 270w\" alt=\"\" width=\"2560\" height=\"1536\"><figcaption id=\"caption-attachment-91325\" class=\"wp-caption-text\">@Camiahaber<\/figcaption><\/figure>\n<p><strong><span class=\"s1\">\u201dBayram, Birlik Duygusunu Peki\u015ftiriyor\u201d<\/span><\/strong><\/p>\n<p class=\"p1\"><span class=\"s2\">\u0130slam Toplumu Mill\u00ee G\u00f6r\u00fc\u015f (IGMG) camilerinde okunan bayram hutbesinde, Ramazan ay\u0131n\u0131n maneviyat\u0131 ve bayram\u0131n anlam\u0131 vurguland\u0131. Hutbede, Ramazan\u2019\u0131n sadece oru\u00e7 tutulan bir ay olmad\u0131\u011f\u0131, ayn\u0131 zamanda M\u00fcsl\u00fcmanlar\u0131n ibadetlerle manevi olgunlu\u011fa eri\u015fti\u011fi bir d\u00f6nem oldu\u011fu hat\u0131rlat\u0131ld\u0131.<\/span><\/p>\n<figure id=\"attachment_91320\" class=\"wp-caption alignnone\" aria-describedby=\"caption-attachment-91320\"><img decoding=\"async\" loading=\"lazy\" class=\"size-full wp-image-91320\" src=\"https:\/\/camiahaber.com\/wp-content\/uploads\/2025\/03\/IMG_1036-scaled.jpeg\" sizes=\"(max-width: 2560px) 100vw, 2560px\" srcset=\"https:\/\/camiahaber.com\/wp-content\/uploads\/2025\/03\/IMG_1036-scaled.jpeg 2560w, https:\/\/camiahaber.com\/wp-content\/uploads\/2025\/03\/IMG_1036-300x225.jpeg 300w, https:\/\/camiahaber.com\/wp-content\/uploads\/2025\/03\/IMG_1036-1024x768.jpeg 1024w, https:\/\/camiahaber.com\/wp-content\/uploads\/2025\/03\/IMG_1036-768x576.jpeg 768w, https:\/\/camiahaber.com\/wp-content\/uploads\/2025\/03\/IMG_1036-1536x1152.jpeg 1536w, https:\/\/camiahaber.com\/wp-content\/uploads\/2025\/03\/IMG_1036-2048x1536.jpeg 2048w, https:\/\/camiahaber.com\/wp-content\/uploads\/2025\/03\/IMG_1036-440x330.jpeg 440w, https:\/\/camiahaber.com\/wp-content\/uploads\/2025\/03\/IMG_1036-240x180.jpeg 240w\" alt=\"\" width=\"2560\" height=\"1920\"><figcaption id=\"caption-attachment-91320\" class=\"wp-caption-text\">@Camiahaber<\/figcaption><\/figure>\n<p class=\"p1\"><span class=\"s2\">Bayram\u0131n, birlik, beraberlik ve dayan\u0131\u015fma ruhunu peki\u015ftirdi\u011fi ifade edilen hutbede, M\u00fcsl\u00fcmanlar\u0131n bu g\u00fcnleri f\u0131rsat bilerek karde\u015flik duygular\u0131n\u0131 g\u00fc\u00e7lendirmesi gerekti\u011fi belirtildi. \u00d6zellikle k\u00fcsl\u00fcklerin sona erdirilmesi, yard\u0131ma muhta\u00e7 kimselerin g\u00f6zetilmesi ve yetimlerin sevindirilmesi hususunda \u00e7a\u011fr\u0131da bulunuldu.<\/span><\/p>\n<p><img decoding=\"async\" loading=\"lazy\" class=\"wp-image-91329 size-full\" src=\"https:\/\/camiahaber.com\/wp-content\/uploads\/2025\/03\/IMG_2788.jpeg\" sizes=\"(max-width: 1284px) 100vw, 1284px\" srcset=\"https:\/\/camiahaber.com\/wp-content\/uploads\/2025\/03\/IMG_2788.jpeg 1284w, https:\/\/camiahaber.com\/wp-content\/uploads\/2025\/03\/IMG_2788-300x180.jpeg 300w, https:\/\/camiahaber.com\/wp-content\/uploads\/2025\/03\/IMG_2788-1024x614.jpeg 1024w, https:\/\/camiahaber.com\/wp-content\/uploads\/2025\/03\/IMG_2788-768x461.jpeg 768w, https:\/\/camiahaber.com\/wp-content\/uploads\/2025\/03\/IMG_2788-550x330.jpeg 550w, https:\/\/camiahaber.com\/wp-content\/uploads\/2025\/03\/IMG_2788-270x162.jpeg 270w\" alt=\"\" width=\"1284\" height=\"770\"><\/p>\n<p class=\"p1\"><strong><span class=\"s1\">Gazze\u2019deki Mazlumlara Dikkat \u00c7ekildi<\/span><\/strong><\/p>\n<p class=\"p1\"><span class=\"s2\">Hutbede, M\u00fcsl\u00fcmanlar\u0131n bayram sevincini ya\u015farken d\u00fcnyan\u0131n d\u00f6rt bir yan\u0131ndaki mazlumlar\u0131 unutmamalar\u0131 gerekti\u011fi de vurguland\u0131. \u00d6zellikle Gazze\u2019de ya\u015fanan insanl\u0131k dram\u0131na dikkat \u00e7ekilerek, b\u00f6lgede ya\u015fayan M\u00fcsl\u00fcmanlar\u0131n yaln\u0131zca bayram sevincinden de\u011fil, en temel insani haklardan bile mahrum b\u0131rak\u0131ld\u0131\u011f\u0131na i\u015faret edildi. A\u00e7l\u0131k, susuzluk ve sava\u015f\u0131n g\u00f6lgesinde ya\u015fam m\u00fccadelesi veren insanlar\u0131n unutulmamas\u0131 gerekti\u011fi ifade edilerek, mazlumlar\u0131n yan\u0131nda durman\u0131n insani ve \u0130slami bir sorumluluk oldu\u011fu hat\u0131rlat\u0131ld\u0131.<\/span><\/p>\n<figure id=\"attachment_91322\" class=\"wp-caption alignnone\" aria-describedby=\"caption-attachment-91322\"><img decoding=\"async\" loading=\"lazy\" class=\"wp-image-91322 size-full\" src=\"https:\/\/camiahaber.com\/wp-content\/uploads\/2025\/03\/IMG_1042-scaled.jpeg\" sizes=\"(max-width: 1920px) 100vw, 1920px\" srcset=\"https:\/\/camiahaber.com\/wp-content\/uploads\/2025\/03\/IMG_1042-scaled.jpeg 1920w, https:\/\/camiahaber.com\/wp-content\/uploads\/2025\/03\/IMG_1042-225x300.jpeg 225w, https:\/\/camiahaber.com\/wp-content\/uploads\/2025\/03\/IMG_1042-768x1024.jpeg 768w, https:\/\/camiahaber.com\/wp-content\/uploads\/2025\/03\/IMG_1042-1152x1536.jpeg 1152w, https:\/\/camiahaber.com\/wp-content\/uploads\/2025\/03\/IMG_1042-1536x2048.jpeg 1536w, https:\/\/camiahaber.com\/wp-content\/uploads\/2025\/03\/IMG_1042-248x330.jpeg 248w, https:\/\/camiahaber.com\/wp-content\/uploads\/2025\/03\/IMG_1042-135x180.jpeg 135w\" alt=\"\" width=\"1920\" height=\"2560\"><figcaption id=\"caption-attachment-91322\" class=\"wp-caption-text\">@Camiahaber<\/figcaption><\/figure>\n<p class=\"p1\"><span class=\"s1\"><strong>Bayram Namaz\u0131n\u0131n Ard\u0131ndan Bayramla\u015fma<\/strong>&nbsp;<\/span><\/p>\n<p>Bayram namaz\u0131n\u0131 eda eden M\u00fcsl\u00fcmanlar, namaz sonras\u0131 cami avlular\u0131nda ve mahallelerde bayramla\u015farak birbirlerine hay\u0131rl\u0131 bayramlar diledi. Cemaat, bayram sevincini payla\u015f\u0131rken, aile b\u00fcy\u00fckleri ve akrabalar da ziyaret edilerek bayram\u0131n manevi atmosferi ya\u015fand\u0131.<\/p>\n<figure id=\"attachment_91328\" class=\"wp-caption alignnone\" aria-describedby=\"caption-attachment-91328\"><img decoding=\"async\" loading=\"lazy\" class=\"wp-image-91328 size-full\" src=\"https:\/\/camiahaber.com\/wp-content\/uploads\/2025\/03\/IMG_2789.jpeg\" sizes=\"(max-width: 1256px) 100vw, 1256px\" srcset=\"https:\/\/camiahaber.com\/wp-content\/uploads\/2025\/03\/IMG_2789.jpeg 1256w, https:\/\/camiahaber.com\/wp-content\/uploads\/2025\/03\/IMG_2789-249x300.jpeg 249w, https:\/\/camiahaber.com\/wp-content\/uploads\/2025\/03\/IMG_2789-851x1024.jpeg 851w, https:\/\/camiahaber.com\/wp-content\/uploads\/2025\/03\/IMG_2789-768x924.jpeg 768w, https:\/\/camiahaber.com\/wp-content\/uploads\/2025\/03\/IMG_2789-274x330.jpeg 274w, https:\/\/camiahaber.com\/wp-content\/uploads\/2025\/03\/IMG_2789-150x180.jpeg 150w\" alt=\"\" width=\"1256\" height=\"1511\"><figcaption id=\"caption-attachment-91328\" class=\"wp-caption-text\">@Camiahaber<\/figcaption><\/figure>\n<p><strong>Kahvalt\u0131 Programlar\u0131 Yap\u0131ld\u0131<\/strong><\/p>\n<p>Ayr\u0131ca bayram namaz\u0131n\u0131n ard\u0131ndan bir\u00e7ok camide cemaate kahvalt\u0131 da ikram\u0131 yap\u0131ld\u0131. Camilerin avlular\u0131nda ve konferans salonlar\u0131nda kurulan sofralarda bir araya gelen M\u00fcsl\u00fcmanlar, birlikte kahvalt\u0131 yaparak bayram sevincini payla\u015ft\u0131. Kahvalt\u0131 programlar\u0131, cemaatin kayna\u015fmas\u0131n\u0131 sa\u011flarken, \u00f6zellikle yaln\u0131z ya\u015fayan M\u00fcsl\u00fcmanlar i\u00e7in anlaml\u0131 bir bulu\u015fma oldu.<span class=\"Apple-converted-space\"><br \/>\n<\/span><\/p>\n<figure id=\"attachment_91323\" class=\"wp-caption alignnone\" aria-describedby=\"caption-attachment-91323\"><img decoding=\"async\" loading=\"lazy\" class=\"wp-image-91323 size-full\" src=\"https:\/\/camiahaber.com\/wp-content\/uploads\/2025\/03\/IMG_1038.jpeg\" sizes=\"(max-width: 1620px) 100vw, 1620px\" srcset=\"https:\/\/camiahaber.com\/wp-content\/uploads\/2025\/03\/IMG_1038.jpeg 1620w, https:\/\/camiahaber.com\/wp-content\/uploads\/2025\/03\/IMG_1038-300x200.jpeg 300w, https:\/\/camiahaber.com\/wp-content\/uploads\/2025\/03\/IMG_1038-1024x683.jpeg 1024w, https:\/\/camiahaber.com\/wp-content\/uploads\/2025\/03\/IMG_1038-768x512.jpeg 768w, https:\/\/camiahaber.com\/wp-content\/uploads\/2025\/03\/IMG_1038-1536x1024.jpeg 1536w, https:\/\/camiahaber.com\/wp-content\/uploads\/2025\/03\/IMG_1038-495x330.jpeg 495w, https:\/\/camiahaber.com\/wp-content\/uploads\/2025\/03\/IMG_1038-270x180.jpeg 270w\" alt=\"\" width=\"1620\" height=\"1080\"><figcaption id=\"caption-attachment-91323\" class=\"wp-caption-text\">@Camiahaber<\/figcaption><\/figure>\n<p class=\"p1\"><strong><span class=\"s1\">Mezarl\u0131k Ziyaretleri&nbsp;<\/span><\/strong><\/p>\n<p class=\"p1\"><span class=\"s2\">IGMG taraf\u0131ndan organize edilen kabir ziyaretleri de bayram \u00f6ncesinde Arefe g\u00fcn\u00fcnde ger\u00e7ekle\u015ftirildi. M\u00fcsl\u00fcman mezarl\u0131klar\u0131, aileleri ve cemaat taraf\u0131ndan ziyaret edilerek dualarla an\u0131ld\u0131.<\/span><\/p>\n<p><img decoding=\"async\" loading=\"lazy\" class=\"alignnone size-full wp-image-91324\" src=\"https:\/\/camiahaber.com\/wp-content\/uploads\/2025\/03\/IMG_1039.jpeg\" sizes=\"(max-width: 1594px) 100vw, 1594px\" srcset=\"https:\/\/camiahaber.com\/wp-content\/uploads\/2025\/03\/IMG_1039.jpeg 1594w, https:\/\/camiahaber.com\/wp-content\/uploads\/2025\/03\/IMG_1039-300x188.jpeg 300w, https:\/\/camiahaber.com\/wp-content\/uploads\/2025\/03\/IMG_1039-1024x640.jpeg 1024w, https:\/\/camiahaber.com\/wp-content\/uploads\/2025\/03\/IMG_1039-768x480.jpeg 768w, https:\/\/camiahaber.com\/wp-content\/uploads\/2025\/03\/IMG_1039-1536x961.jpeg 1536w, https:\/\/camiahaber.com\/wp-content\/uploads\/2025\/03\/IMG_1039-528x330.jpeg 528w, https:\/\/camiahaber.com\/wp-content\/uploads\/2025\/03\/IMG_1039-270x169.jpeg 270w\" alt=\"\" width=\"1594\" height=\"997\"><\/p>\n<p class=\"p1\"><span class=\"s2\">Bu ziyaretler, birlik, beraberlik ve vefa duygusunun en g\u00fczel \u00f6rneklerinden biri olarak dikkat \u00e7ekti. (<a href=\"https:\/\/camiahaber.com\/2025\/03\/30\/avrupada-muslumanlar-bayram-namazinda-bulustu\/\">camiahaber<\/a>)<\/span><\/p>\n<\/div>\n","protected":false},"excerpt":{"rendered":"<p>Avrupa\u2019da ya\u015fayan M\u00fcsl\u00fcmanlar, Ramazan Bayram\u0131 namaz\u0131 i\u00e7in camilere ak\u0131n etti. Arefe g\u00fcn\u00fc ise M\u00fcsl\u00fcman mezarl\u0131klar\u0131 ziyaret edilerek dualar edildi.<\/p>\n","protected":false},"author":1,"featured_media":56155,"comment_status":"closed","ping_status":"closed","sticky":false,"template":"","format":"standard","meta":{"ngg_post_thumbnail":0},"categories":[23256],"tags":[],"_links":{"self":[{"href":"https:\/\/www.igmg.org\/tr\/wp-json\/wp\/v2\/posts\/56154"}],"collection":[{"href":"https:\/\/www.igmg.org\/tr\/wp-json\/wp\/v2\/posts"}],"about":[{"href":"https:\/\/www.igmg.org\/tr\/wp-json\/wp\/v2\/types\/post"}],"author":[{"embeddable":true,"href":"https:\/\/www.igmg.org\/tr\/wp-json\/wp\/v2\/users\/1"}],"replies":[{"embeddable":true,"href":"https:\/\/www.igmg.org\/tr\/wp-json\/wp\/v2\/comments?post=56154"}],"version-history":[{"count":2,"href":"https:\/\/www.igmg.org\/tr\/wp-json\/wp\/v2\/posts\/56154\/revisions"}],"predecessor-version":[{"id":56161,"href":"https:\/\/www.igmg.org\/tr\/wp-json\/wp\/v2\/posts\/56154\/revisions\/56161"}],"wp:featuredmedia":[{"embeddable":true,"href":"https:\/\/www.igmg.org\/tr\/wp-json\/wp\/v2\/media\/56155"}],"wp:attachment":[{"href":"https:\/\/www.igmg.org\/tr\/wp-json\/wp\/v2\/media?parent=56154"}],"wp:term":[{"taxonomy":"category","embeddable":true,"href":"https:\/\/www.igmg.org\/tr\/wp-json\/wp\/v2\/categories?post=56154"},{"taxonomy":"post_tag","embeddable":true,"href":"https:\/\/www.igmg.org\/tr\/wp-json\/wp\/v2\/tags?post=56154"}],"curies":[{"name":"wp","href":"https:\/\/api.w.org\/{rel}","templated":true}]}}