{"id":56162,"date":"2025-03-29T09:39:24","date_gmt":"2025-03-29T08:39:24","guid":{"rendered":"https:\/\/www.igmg.org\/?p=56162"},"modified":"2025-03-31T09:40:51","modified_gmt":"2025-03-31T07:40:51","slug":"fransada-kurumsal-iftar-programina-yogun-ilgi","status":"publish","type":"post","link":"https:\/\/www.igmg.org\/tr\/fransada-kurumsal-iftar-programina-yogun-ilgi\/","title":{"rendered":"Fransa\u2019da Kurumsal \u0130ftar Program\u0131na Yo\u011fun \u0130lgi"},"content":{"rendered":"<div>\n<p>Fransa \u0130slam Toplumu Mill\u00ee G\u00f6r\u00fc\u015f G\u00fcneybat\u0131 Fransa B\u00f6lgesi\u2019ndeki Chateadun \u015eubesi\u2019nde d\u00fczenlenen kurumsal iftar program\u0131na yo\u011fun ilgi vard\u0131.<\/p>\n<p>Fransa \u0130slam Toplumu Mill\u00ee G\u00f6r\u00fc\u015f (CIMG) G\u00fcneybat\u0131 Fransa B\u00f6lgesi\u2019ne ba\u011fl\u0131 Ch\u00e2teaudun \u015eubesi\u2019nin ev sahipli\u011finde d\u00fczenlenen kurumsal iftar program\u0131, yo\u011fun kat\u0131l\u0131mla ger\u00e7ekle\u015fti.<\/p>\n<p><img decoding=\"async\" loading=\"lazy\" class=\"alignnone size-full wp-image-91306\" src=\"https:\/\/camiahaber.com\/wp-content\/uploads\/2025\/03\/edc09eb9-9e00-45d5-99c9-0bb45bb737d1-scaled.jpeg\" sizes=\"(max-width: 2560px) 100vw, 2560px\" srcset=\"https:\/\/camiahaber.com\/wp-content\/uploads\/2025\/03\/edc09eb9-9e00-45d5-99c9-0bb45bb737d1-scaled.jpeg 2560w, https:\/\/camiahaber.com\/wp-content\/uploads\/2025\/03\/edc09eb9-9e00-45d5-99c9-0bb45bb737d1-300x200.jpeg 300w, https:\/\/camiahaber.com\/wp-content\/uploads\/2025\/03\/edc09eb9-9e00-45d5-99c9-0bb45bb737d1-1024x683.jpeg 1024w, https:\/\/camiahaber.com\/wp-content\/uploads\/2025\/03\/edc09eb9-9e00-45d5-99c9-0bb45bb737d1-768x512.jpeg 768w, https:\/\/camiahaber.com\/wp-content\/uploads\/2025\/03\/edc09eb9-9e00-45d5-99c9-0bb45bb737d1-1536x1024.jpeg 1536w, https:\/\/camiahaber.com\/wp-content\/uploads\/2025\/03\/edc09eb9-9e00-45d5-99c9-0bb45bb737d1-2048x1365.jpeg 2048w, https:\/\/camiahaber.com\/wp-content\/uploads\/2025\/03\/edc09eb9-9e00-45d5-99c9-0bb45bb737d1-495x330.jpeg 495w, https:\/\/camiahaber.com\/wp-content\/uploads\/2025\/03\/edc09eb9-9e00-45d5-99c9-0bb45bb737d1-270x180.jpeg 270w\" alt=\"\" width=\"2560\" height=\"1707\"><\/p>\n<p><strong>Sivil Toplum Temsilcileri Bir Araya Geldi<\/strong><\/p>\n<p>Programa, CIMG G\u00fcneybat\u0131 Fransa B\u00f6lge Ba\u015fkan\u0131 Mehmet \u00c7elebi ve Eure-et-Loir Milletvekili Philippe Vigier\u2019in yan\u0131 s\u0131ra b\u00f6lgedeki sivil toplum kurulu\u015flar\u0131n\u0131n temsilcileri, idareciler ve cemiyet \u00fcyeleri kat\u0131ld\u0131.<\/p>\n<p><img decoding=\"async\" loading=\"lazy\" class=\"alignnone size-full wp-image-91304\" src=\"https:\/\/camiahaber.com\/wp-content\/uploads\/2025\/03\/d9aa1906-514e-40d0-a814-67024540f632-scaled.jpeg\" sizes=\"(max-width: 1707px) 100vw, 1707px\" srcset=\"https:\/\/camiahaber.com\/wp-content\/uploads\/2025\/03\/d9aa1906-514e-40d0-a814-67024540f632-scaled.jpeg 1707w, https:\/\/camiahaber.com\/wp-content\/uploads\/2025\/03\/d9aa1906-514e-40d0-a814-67024540f632-200x300.jpeg 200w, https:\/\/camiahaber.com\/wp-content\/uploads\/2025\/03\/d9aa1906-514e-40d0-a814-67024540f632-683x1024.jpeg 683w, https:\/\/camiahaber.com\/wp-content\/uploads\/2025\/03\/d9aa1906-514e-40d0-a814-67024540f632-768x1152.jpeg 768w, https:\/\/camiahaber.com\/wp-content\/uploads\/2025\/03\/d9aa1906-514e-40d0-a814-67024540f632-1024x1536.jpeg 1024w, https:\/\/camiahaber.com\/wp-content\/uploads\/2025\/03\/d9aa1906-514e-40d0-a814-67024540f632-1365x2048.jpeg 1365w, https:\/\/camiahaber.com\/wp-content\/uploads\/2025\/03\/d9aa1906-514e-40d0-a814-67024540f632-220x330.jpeg 220w, https:\/\/camiahaber.com\/wp-content\/uploads\/2025\/03\/d9aa1906-514e-40d0-a814-67024540f632-120x180.jpeg 120w\" alt=\"\" width=\"1707\" height=\"2560\"><\/p>\n<p>\u0130ftar program\u0131nda konu\u015fan B\u00f6lge Ba\u015fkan\u0131 Mehmet \u00c7elebi, d\u00fcnya genelinde devam eden sava\u015flar\u0131n son bulmas\u0131 i\u00e7in yetkililerin sorumluluk almas\u0131 gerekti\u011fini vurgulad\u0131. Zul\u00fcm g\u00f6ren insanlar\u0131n \u00f6zg\u00fcrl\u00fc\u011fe kavu\u015fmas\u0131n\u0131n \u00f6nemine dikkat \u00e7eken \u00c7elebi, bar\u0131\u015f ve adaletin tesis edilmesi gerekti\u011fini ifade etti.<\/p>\n<p><img decoding=\"async\" loading=\"lazy\" class=\"alignnone size-full wp-image-91305\" src=\"https:\/\/camiahaber.com\/wp-content\/uploads\/2025\/03\/2a15a85e-e73d-47c4-a9d9-413678a26830-scaled.jpeg\" sizes=\"(max-width: 2560px) 100vw, 2560px\" srcset=\"https:\/\/camiahaber.com\/wp-content\/uploads\/2025\/03\/2a15a85e-e73d-47c4-a9d9-413678a26830-scaled.jpeg 2560w, https:\/\/camiahaber.com\/wp-content\/uploads\/2025\/03\/2a15a85e-e73d-47c4-a9d9-413678a26830-300x200.jpeg 300w, https:\/\/camiahaber.com\/wp-content\/uploads\/2025\/03\/2a15a85e-e73d-47c4-a9d9-413678a26830-1024x683.jpeg 1024w, https:\/\/camiahaber.com\/wp-content\/uploads\/2025\/03\/2a15a85e-e73d-47c4-a9d9-413678a26830-768x512.jpeg 768w, https:\/\/camiahaber.com\/wp-content\/uploads\/2025\/03\/2a15a85e-e73d-47c4-a9d9-413678a26830-1536x1024.jpeg 1536w, https:\/\/camiahaber.com\/wp-content\/uploads\/2025\/03\/2a15a85e-e73d-47c4-a9d9-413678a26830-2048x1365.jpeg 2048w, https:\/\/camiahaber.com\/wp-content\/uploads\/2025\/03\/2a15a85e-e73d-47c4-a9d9-413678a26830-495x330.jpeg 495w, https:\/\/camiahaber.com\/wp-content\/uploads\/2025\/03\/2a15a85e-e73d-47c4-a9d9-413678a26830-270x180.jpeg 270w\" alt=\"\" width=\"2560\" height=\"1707\"><\/p>\n<p><strong>Birlik ve Beraberlik Vurgusu Yap\u0131ld\u0131<\/strong><\/p>\n<p>Milletvekili Philippe Vigier de bu anlaml\u0131 programda yer almaktan duydu\u011fu memnuniyeti dile getirerek, Ramazan ay\u0131n\u0131n birlik ve beraberlik ruhunu peki\u015ftirdi\u011fini belirtti. B\u00f6lgede ya\u015fayan M\u00fcsl\u00fcmanlar\u0131n Ramazan ay\u0131n\u0131 tebrik eden Vigier, iftar program\u0131n\u0131n ho\u015fg\u00f6r\u00fc ve dayan\u0131\u015fma a\u00e7\u0131s\u0131ndan \u00f6nemli oldu\u011funu s\u00f6yledi.<\/p>\n<p>Samimi bir atmosferde ge\u00e7en iftar program\u0131, kat\u0131l\u0131mc\u0131lar\u0131n yapt\u0131\u011f\u0131 dua ile sona erdi. (<a href=\"https:\/\/camiahaber.com\/2025\/03\/29\/fransada-kurumsal-iftar-programina-yogun-ilgi\/\">camiahaber<\/a>)<\/p>\n<\/div>\n","protected":false},"excerpt":{"rendered":"<p>Fransa \u0130slam Toplumu Mill\u00ee G\u00f6r\u00fc\u015f G\u00fcneybat\u0131 Fransa B\u00f6lgesi\u2019ndeki Chateadun \u015eubesi\u2019nde d\u00fczenlenen kurumsal iftar program\u0131na yo\u011fun ilgi vard\u0131.<\/p>\n","protected":false},"author":1,"featured_media":56163,"comment_status":"closed","ping_status":"closed","sticky":false,"template":"","format":"standard","meta":{"ngg_post_thumbnail":0},"categories":[24261],"tags":[],"_links":{"self":[{"href":"https:\/\/www.igmg.org\/tr\/wp-json\/wp\/v2\/posts\/56162"}],"collection":[{"href":"https:\/\/www.igmg.org\/tr\/wp-json\/wp\/v2\/posts"}],"about":[{"href":"https:\/\/www.igmg.org\/tr\/wp-json\/wp\/v2\/types\/post"}],"author":[{"embeddable":true,"href":"https:\/\/www.igmg.org\/tr\/wp-json\/wp\/v2\/users\/1"}],"replies":[{"embeddable":true,"href":"https:\/\/www.igmg.org\/tr\/wp-json\/wp\/v2\/comments?post=56162"}],"version-history":[{"count":1,"href":"https:\/\/www.igmg.org\/tr\/wp-json\/wp\/v2\/posts\/56162\/revisions"}],"predecessor-version":[{"id":56168,"href":"https:\/\/www.igmg.org\/tr\/wp-json\/wp\/v2\/posts\/56162\/revisions\/56168"}],"wp:featuredmedia":[{"embeddable":true,"href":"https:\/\/www.igmg.org\/tr\/wp-json\/wp\/v2\/media\/56163"}],"wp:attachment":[{"href":"https:\/\/www.igmg.org\/tr\/wp-json\/wp\/v2\/media?parent=56162"}],"wp:term":[{"taxonomy":"category","embeddable":true,"href":"https:\/\/www.igmg.org\/tr\/wp-json\/wp\/v2\/categories?post=56162"},{"taxonomy":"post_tag","embeddable":true,"href":"https:\/\/www.igmg.org\/tr\/wp-json\/wp\/v2\/tags?post=56162"}],"curies":[{"name":"wp","href":"https:\/\/api.w.org\/{rel}","templated":true}]}}