{"id":56428,"date":"2025-04-18T18:12:20","date_gmt":"2025-04-18T16:12:20","guid":{"rendered":"https:\/\/www.igmg.org\/?p=56428"},"modified":"2025-04-20T18:20:51","modified_gmt":"2025-04-20T16:20:51","slug":"almanyada-kuran-kursu-oegrencilerinden-oernek-davranis","status":"publish","type":"post","link":"https:\/\/www.igmg.org\/tr\/almanyada-kuran-kursu-oegrencilerinden-oernek-davranis\/","title":{"rendered":"Almanya\u2019da Kur\u2019an Kursu \u00d6\u011frencilerinden \u00d6rnek Davran\u0131\u015f"},"content":{"rendered":"<p>Almanya\u2019n\u0131n ba\u015fkenti Berlin\u2019deki Aziziye Camisi\u2019nde Kur\u2019an-\u0131 Kerim kursuna kat\u0131lan \u00f6\u011frenciler, caminin bulundu\u011fu mahalleyi temiz tutmak i\u00e7in cami \u00e7evresinde sokaklardaki \u00e7\u00f6pleri toplad\u0131.<\/p>\n<p>Berlin\u2019in Neuk\u00f6lln il\u00e7esinde faaliyetlerini s\u00fcrd\u00fcren, Berlin \u0130slam Federasyonuna (IF) ba\u011fl\u0131 Aziziye Camisi Derne\u011fi, \u00f6\u011frencilerin ve dernek \u00fcyelerinin \u00e7evre bilincini art\u0131rmak amac\u0131yla \u201cMahallemizi temizliyoruz\u201d kampanyas\u0131 d\u00fczenledi.<\/p>\n<p>Kampanya kapsam\u0131nda camide Kur\u2019an kursuna giden 5-7 ya\u015flar\u0131ndaki \u00e7ocuklar, ellerine lastik eldiven ge\u00e7irip sar\u0131 yelekler giyerek caminin \u00e7evresinde yer alan park ve sokaklardaki \u00e7\u00f6pleri toplad\u0131.<\/p>\n<p><strong>Hem Temizlik Yapt\u0131lar Hem de E\u011flendiler<\/strong><\/p>\n<p>Yerde bulduklar\u0131 plastik at\u0131klar, ka\u011f\u0131t, izmarit, \u015fi\u015fe ve giysi gibi \u00e7\u00f6plerle 3 po\u015fet dolduran \u00f6\u011frenciler, daha sonra caminin yak\u0131n\u0131ndaki oyun park\u0131nda e\u011flendi. \u00d6\u011frencilere, e\u011fitmenlerin yan\u0131 s\u0131ra baz\u0131 dernek \u00fcyeleri de destek oldu.<\/p>\n<p>Aziziye Camisi Derne\u011fi Ba\u015fkan\u0131 Fevzi Mercan, yapt\u0131\u011f\u0131 a\u00e7\u0131klamada, dernek olarak temizlik kampanyas\u0131 d\u00fczenlediklerini belirterek \u201cCamimizde e\u011fitim g\u00f6ren \u00e7ocuklar\u0131m\u0131za hem temizlik hem \u00e7evre bilincini a\u015f\u0131lamak i\u00e7in b\u00f6yle bir kampanya d\u00fczenledik. Ayr\u0131ca bu davran\u0131\u015f\u0131n i\u00e7 i\u00e7e ya\u015fad\u0131\u011f\u0131m\u0131z kom\u015fular\u0131m\u0131za iyi bir intiba b\u0131rakaca\u011f\u0131n\u0131 d\u00fc\u015f\u00fcn\u00fcyoruz.\u201d dedi. Mercan, bu kampanyay\u0131 zaman zaman tekrarlayacaklar\u0131n\u0131 ifade etti.<\/p>\n<p><strong>\u201c\u00c7evre Duyarl\u0131l\u0131\u011f\u0131 Konusunda Faaliyetler Yap\u0131yoruz\u201d<\/strong><\/p>\n<p>Dernek \u00fcyelerinin \u00e7evre duyarl\u0131l\u0131\u011f\u0131 konusunda \u00e7e\u015fitli faaliyetler yap\u0131p \u00e7a\u011fr\u0131larda bulunduklar\u0131n\u0131 anlatan Mercan, \u201cCamimize gelen \u00fcyelerimizin ve cemaatimizin, \u00e7evre ve do\u011fa bilincini a\u015f\u0131lamak ad\u0131na camiye m\u00fcmk\u00fcn mertebe arabayla de\u011fil de bisikletle gelmelerini te\u015fvik ediyoruz. Bu y\u00f6nde de kampanyalar\u0131m\u0131z oluyor.\u201d diye konu\u015ftu.<\/p>\n<p>Mercan, caminin bulundu\u011fu b\u00f6lgede ya\u015fayan Almanlarla iyi ili\u015fkiler i\u00e7inde olduklar\u0131n\u0131 ve onlar\u0131, cami derne\u011finin faaliyetlerine davet ettiklerini dile getirdi.<\/p>\n<p>\u0130slam dinini ve T\u00fcrk k\u00fclt\u00fcr\u00fcn\u00fc tan\u0131tma ad\u0131na bir dizi faaliyet d\u00fczenlediklerini ifade eden Mercan, k\u00fclt\u00fcrel ve sosyal faaliyetler kapsam\u0131nda cadde \u015fenlikleri d\u00fczenleyip ramazanda iftarlar verdiklerini kaydetti.\u200b\u200b\u200b\u200b\u200b\u200b\u200b<br \/>\n(<a href=\"https:\/\/camiahaber.com\/2025\/04\/18\/almanyada-kuran-kursu-ogrencilerinden-ornek-davranis\/\">camiahaber<\/a>)<\/p>\n","protected":false},"excerpt":{"rendered":"<p>Almanya\u2019n\u0131n ba\u015fkenti Berlin\u2019deki Aziziye Camisi\u2019nde Kur\u2019an-\u0131 Kerim kursuna kat\u0131lan \u00f6\u011frenciler, caminin bulundu\u011fu mahalleyi temiz tutmak i\u00e7in cami \u00e7evresinde sokaklardaki \u00e7\u00f6pleri toplad\u0131.<\/p>\n","protected":false},"author":1,"featured_media":56429,"comment_status":"closed","ping_status":"closed","sticky":false,"template":"","format":"standard","meta":{"ngg_post_thumbnail":0},"categories":[24261],"tags":[],"_links":{"self":[{"href":"https:\/\/www.igmg.org\/tr\/wp-json\/wp\/v2\/posts\/56428"}],"collection":[{"href":"https:\/\/www.igmg.org\/tr\/wp-json\/wp\/v2\/posts"}],"about":[{"href":"https:\/\/www.igmg.org\/tr\/wp-json\/wp\/v2\/types\/post"}],"author":[{"embeddable":true,"href":"https:\/\/www.igmg.org\/tr\/wp-json\/wp\/v2\/users\/1"}],"replies":[{"embeddable":true,"href":"https:\/\/www.igmg.org\/tr\/wp-json\/wp\/v2\/comments?post=56428"}],"version-history":[{"count":1,"href":"https:\/\/www.igmg.org\/tr\/wp-json\/wp\/v2\/posts\/56428\/revisions"}],"predecessor-version":[{"id":56434,"href":"https:\/\/www.igmg.org\/tr\/wp-json\/wp\/v2\/posts\/56428\/revisions\/56434"}],"wp:featuredmedia":[{"embeddable":true,"href":"https:\/\/www.igmg.org\/tr\/wp-json\/wp\/v2\/media\/56429"}],"wp:attachment":[{"href":"https:\/\/www.igmg.org\/tr\/wp-json\/wp\/v2\/media?parent=56428"}],"wp:term":[{"taxonomy":"category","embeddable":true,"href":"https:\/\/www.igmg.org\/tr\/wp-json\/wp\/v2\/categories?post=56428"},{"taxonomy":"post_tag","embeddable":true,"href":"https:\/\/www.igmg.org\/tr\/wp-json\/wp\/v2\/tags?post=56428"}],"curies":[{"name":"wp","href":"https:\/\/api.w.org\/{rel}","templated":true}]}}