{"id":56524,"date":"2025-04-23T10:03:22","date_gmt":"2025-04-23T08:03:22","guid":{"rendered":"https:\/\/www.igmg.org\/?p=56524"},"modified":"2025-04-25T15:05:30","modified_gmt":"2025-04-25T13:05:30","slug":"igmg-boelgelerinin-buyrun-ben-muesluemanim-etkinligine-yogun-ilgi","status":"publish","type":"post","link":"https:\/\/www.igmg.org\/tr\/igmg-boelgelerinin-buyrun-ben-muesluemanim-etkinligine-yogun-ilgi\/","title":{"rendered":"IGMG B\u00f6lgelerinin \u201cBuyrun, Ben M\u00fcsl\u00fcman\u0131m\u201d Etkinli\u011fine Yo\u011fun \u0130lgi"},"content":{"rendered":"<div>\n<p>\u0130slam Toplumu Mill\u00ee G\u00f6r\u00fc\u015f\u2019\u00fcn \u00e7e\u015fitli b\u00f6lgelerinde d\u00fczenlenen \u201cBuyrun, Ben M\u00fcsl\u00fcman\u0131m!\u201d etkinli\u011fi, \u015fehir merkezlerinde yo\u011fun ilgi g\u00f6rd\u00fc. Vatanda\u015flarla do\u011frudan ileti\u015fim kurularak \u0130slam hakk\u0131nda bilgilendirme yap\u0131ld\u0131, sorular cevapland\u0131r\u0131ld\u0131.<\/p>\n<p class=\"p1\">\u0130slam Toplumu Mill\u00ee G\u00f6r\u00fc\u015f (\u0130GMG) Rhein-Neckar-Saar (RNS) B\u00f6lgesi taraf\u0131ndan d\u00fczenlenen \u201cBuyrun, Ben M\u00fcsl\u00fcman\u0131m\u201d etkinli\u011fi, b\u00f6lge genelinde yo\u011fun ilgi g\u00f6rd\u00fc. Avrupa\u2019n\u0131n bir\u00e7ok kentinde oldu\u011fu gibi Almanya\u2019n\u0131n \u00e7e\u015fitli \u015fehirlerinde de ger\u00e7ekle\u015ftirilen bu sosyal fark\u0131ndal\u0131k \u00e7al\u0131\u015fmas\u0131yla, kamuoyunda \u0130slam ve M\u00fcsl\u00fcmanlara y\u00f6nelik \u00f6nyarg\u0131lar\u0131n azalt\u0131lmas\u0131 hedefleniyor.<\/p>\n<p><img decoding=\"async\" loading=\"lazy\" class=\"alignnone size-full wp-image-92602\" src=\"https:\/\/camiahaber.com\/wp-content\/uploads\/2025\/04\/IMG_1482.jpeg\" sizes=\"(max-width: 1600px) 100vw, 1600px\" srcset=\"https:\/\/camiahaber.com\/wp-content\/uploads\/2025\/04\/IMG_1482.jpeg 1600w, https:\/\/camiahaber.com\/wp-content\/uploads\/2025\/04\/IMG_1482-300x225.jpeg 300w, https:\/\/camiahaber.com\/wp-content\/uploads\/2025\/04\/IMG_1482-1024x768.jpeg 1024w, https:\/\/camiahaber.com\/wp-content\/uploads\/2025\/04\/IMG_1482-768x576.jpeg 768w, https:\/\/camiahaber.com\/wp-content\/uploads\/2025\/04\/IMG_1482-1536x1152.jpeg 1536w, https:\/\/camiahaber.com\/wp-content\/uploads\/2025\/04\/IMG_1482-440x330.jpeg 440w, https:\/\/camiahaber.com\/wp-content\/uploads\/2025\/04\/IMG_1482-240x180.jpeg 240w\" alt=\"\" width=\"1600\" height=\"1200\"><\/p>\n<p class=\"p1\"><strong><span class=\"s2\">Etkinli\u011fe Kat\u0131lanlara G\u00fcl Da\u011f\u0131t\u0131ld\u0131<\/span><\/strong><\/p>\n<p class=\"p1\"><span class=\"s2\">Etkinlik kapsam\u0131nda IGMG Frankenthal Hicret, Mainz Barbaros, Germersheim Selimiye, Schmelz Anadolu ve Saarbr\u00fccken Ulu Camii, \u015fehir merkezlerinde stant kurarak vatanda\u015flarla birebir ileti\u015fim kurdu. M\u00fcsl\u00fcman g\u00f6n\u00fcll\u00fcler, cadde ve meydanlarda vatanda\u015flarla sohbet ederek \u0130slam hakk\u0131nda sorular\u0131 yan\u0131tlad\u0131 ve \u00e7e\u015fitli bro\u015f\u00fcrler da\u011f\u0131tt\u0131. Ayr\u0131ca etkinli\u011fe kat\u0131lanlara sembolik olarak g\u00fcller takdim edildi.<\/span>&nbsp;<span class=\"s2\">Sokakta M\u00fcsl\u00fcmanlarla birebir konu\u015fma imk\u00e2n\u0131 bulan gayrim\u00fcslim vatanda\u015flar da do\u011frudan ileti\u015fim kurulan bir aksiyondan duyduklar\u0131 memnuniyeti dile getirdi.<\/span><\/p>\n<p><img decoding=\"async\" loading=\"lazy\" class=\"alignnone size-full wp-image-92603\" src=\"https:\/\/camiahaber.com\/wp-content\/uploads\/2025\/04\/IMG_1483.jpeg\" sizes=\"(max-width: 1600px) 100vw, 1600px\" srcset=\"https:\/\/camiahaber.com\/wp-content\/uploads\/2025\/04\/IMG_1483.jpeg 1600w, https:\/\/camiahaber.com\/wp-content\/uploads\/2025\/04\/IMG_1483-300x225.jpeg 300w, https:\/\/camiahaber.com\/wp-content\/uploads\/2025\/04\/IMG_1483-1024x768.jpeg 1024w, https:\/\/camiahaber.com\/wp-content\/uploads\/2025\/04\/IMG_1483-768x576.jpeg 768w, https:\/\/camiahaber.com\/wp-content\/uploads\/2025\/04\/IMG_1483-1536x1152.jpeg 1536w, https:\/\/camiahaber.com\/wp-content\/uploads\/2025\/04\/IMG_1483-440x330.jpeg 440w, https:\/\/camiahaber.com\/wp-content\/uploads\/2025\/04\/IMG_1483-240x180.jpeg 240w\" alt=\"\" width=\"1600\" height=\"1200\"><\/p>\n<p class=\"p1\"><strong><span class=\"s1\">\u201cKat\u0131l\u0131m ve \u0130lgi Bizi Umutland\u0131rd\u0131\u201d<\/span><\/strong><\/p>\n<p class=\"p1\"><span class=\"s2\">Etkinlik boyunca cemiyetleri tek tek ziyaret eden RNS B\u00f6lgesi Kurumsal \u0130leti\u015fim Ba\u015fkan\u0131 Ceyhan Uslu, program\u0131n hem kat\u0131l\u0131m hem de etkile\u015fim a\u00e7\u0131s\u0131ndan olduk\u00e7a ba\u015far\u0131l\u0131 ge\u00e7ti\u011fini belirtti. Uslu, sahada g\u00f6n\u00fcll\u00fc olarak g\u00f6rev alan herkese te\u015fekk\u00fcr ederek, \u201c\u0130nsanlar\u0131n y\u00fcz y\u00fcze gelerek \u00f6nyarg\u0131lar\u0131 sorgulamas\u0131 ve birbirini anlamaya \u00e7al\u0131\u015fmas\u0131, toplumumuz ad\u0131na umut verici bir geli\u015fme.\u201d diye ekledi.<\/span><\/p>\n<p><strong>\u0130GMG D\u00fcsseldorf B\u00f6lgesi\u2019nde de Stantlar Kuruldu<\/strong><\/p>\n<p>IGMG D\u00fcsseldorf B\u00f6lgesi\u2019ne ba\u011fl\u0131 camiler de &nbsp;kent merkezinde stantlar kurdu. IGMG Velbert \u015eubesi, M\u00fcnzbrunnen Meydan\u0131\u2019nda kurduklar\u0131 stantla \u201cBuyrun, Ben M\u00fcsl\u00fcman\u0131m\u201d etkinli\u011fi ger\u00e7ekle\u015ftirdi. \u00c7i\u00e7eklerle s\u00fcslenen stantta vatanda\u015flara g\u00fcl takdim edildi.<\/p>\n<p><img decoding=\"async\" loading=\"lazy\" class=\"alignnone size-full wp-image-92608\" src=\"https:\/\/camiahaber.com\/wp-content\/uploads\/2025\/04\/IMG_1484.jpeg\" sizes=\"(max-width: 1080px) 100vw, 1080px\" srcset=\"https:\/\/camiahaber.com\/wp-content\/uploads\/2025\/04\/IMG_1484.jpeg 1080w, https:\/\/camiahaber.com\/wp-content\/uploads\/2025\/04\/IMG_1484-300x200.jpeg 300w, https:\/\/camiahaber.com\/wp-content\/uploads\/2025\/04\/IMG_1484-1024x683.jpeg 1024w, https:\/\/camiahaber.com\/wp-content\/uploads\/2025\/04\/IMG_1484-768x512.jpeg 768w, https:\/\/camiahaber.com\/wp-content\/uploads\/2025\/04\/IMG_1484-495x330.jpeg 495w, https:\/\/camiahaber.com\/wp-content\/uploads\/2025\/04\/IMG_1484-270x180.jpeg 270w\" alt=\"\" width=\"1080\" height=\"720\"><\/p>\n<p>Etkinlik hakk\u0131nda bilgi veren Yusuf \u00c7oban, g\u00fcllerin \u00fczerinde k\u00fc\u00e7\u00fck mesaj kartlar\u0131n\u0131n bulundu\u011funu ve bu kartlarla insanlara de\u011fer verildi\u011fini, ho\u015f kar\u015f\u0131land\u0131klar\u0131n\u0131 anlatmak istediklerini belirtti. \u201cBir\u00e7ok ki\u015fi k\u0131sa s\u00fcrede durup g\u00fcl\u00fc ald\u0131 ve bizimle sohbete ba\u015flad\u0131.\u201d diyen \u00c7oban, bu diyaloglar\u0131n \u00e7o\u011fu zaman kendili\u011finden &nbsp;ve olduk\u00e7a i\u00e7ten ge\u00e7ti\u011fini ifade etti.<\/p>\n<p><strong>\u201cGer\u00e7ek Ba\u011flant\u0131lar Kurduk\u201d<\/strong><\/p>\n<p>Etkinlik s\u0131ras\u0131nda M\u00fcsl\u00fcmanlar\u0131n g\u00fcnl\u00fck ya\u015famlar\u0131, \u0130slam\u2019\u0131n \u00e7e\u015fitli gelenekleri ve insanlar aras\u0131nda neyin ortak ba\u011f kurdu\u011funa dair \u00e7ok say\u0131da sorular soruldu\u011funu belirten \u00c7oban, \u201c\u0130nsanlar hem merak ettiklerini sordular hem de kendi hik\u00e2yelerini anlatt\u0131lar. Ger\u00e7ekten samimi ba\u011flar kuruldu. B\u00fcy\u00fck bir memnuniyetle ayr\u0131ld\u0131lar.\u201d dedi.<\/p>\n<p>(<a href=\"https:\/\/camiahaber.com\/2025\/04\/23\/igmg-rns-bolgesinde-buyrun-ben-muslumanim-etkinligine-yogun-ilgi\/\">camiahaber<\/a>)<\/p>\n<\/div>\n","protected":false},"excerpt":{"rendered":"<p>\u0130slam Toplumu Mill\u00ee G\u00f6r\u00fc\u015f\u2019\u00fcn \u00e7e\u015fitli b\u00f6lgelerinde d\u00fczenlenen \u201cBuyrun, Ben M\u00fcsl\u00fcman\u0131m!\u201d etkinli\u011fi, \u015fehir merkezlerinde yo\u011fun ilgi g\u00f6rd\u00fc. Vatanda\u015flarla do\u011frudan ileti\u015fim kurularak \u0130slam hakk\u0131nda bilgilendirme yap\u0131ld\u0131, sorular cevapland\u0131r\u0131ld\u0131. \u0130slam Toplumu Mill\u00ee G\u00f6r\u00fc\u015f (\u0130GMG) Rhein-Neckar-Saar (RNS) B\u00f6lgesi taraf\u0131ndan d\u00fczenlenen \u201cBuyrun, Ben M\u00fcsl\u00fcman\u0131m\u201d etkinli\u011fi, b\u00f6lge genelinde yo\u011fun ilgi g\u00f6rd\u00fc. Avrupa\u2019n\u0131n bir\u00e7ok kentinde oldu\u011fu gibi Almanya\u2019n\u0131n \u00e7e\u015fitli \u015fehirlerinde de ger\u00e7ekle\u015ftirilen [&hellip;]<\/p>\n","protected":false},"author":1,"featured_media":56525,"comment_status":"closed","ping_status":"closed","sticky":false,"template":"","format":"standard","meta":{"ngg_post_thumbnail":0},"categories":[24261],"tags":[],"_links":{"self":[{"href":"https:\/\/www.igmg.org\/tr\/wp-json\/wp\/v2\/posts\/56524"}],"collection":[{"href":"https:\/\/www.igmg.org\/tr\/wp-json\/wp\/v2\/posts"}],"about":[{"href":"https:\/\/www.igmg.org\/tr\/wp-json\/wp\/v2\/types\/post"}],"author":[{"embeddable":true,"href":"https:\/\/www.igmg.org\/tr\/wp-json\/wp\/v2\/users\/1"}],"replies":[{"embeddable":true,"href":"https:\/\/www.igmg.org\/tr\/wp-json\/wp\/v2\/comments?post=56524"}],"version-history":[{"count":1,"href":"https:\/\/www.igmg.org\/tr\/wp-json\/wp\/v2\/posts\/56524\/revisions"}],"predecessor-version":[{"id":56530,"href":"https:\/\/www.igmg.org\/tr\/wp-json\/wp\/v2\/posts\/56524\/revisions\/56530"}],"wp:featuredmedia":[{"embeddable":true,"href":"https:\/\/www.igmg.org\/tr\/wp-json\/wp\/v2\/media\/56525"}],"wp:attachment":[{"href":"https:\/\/www.igmg.org\/tr\/wp-json\/wp\/v2\/media?parent=56524"}],"wp:term":[{"taxonomy":"category","embeddable":true,"href":"https:\/\/www.igmg.org\/tr\/wp-json\/wp\/v2\/categories?post=56524"},{"taxonomy":"post_tag","embeddable":true,"href":"https:\/\/www.igmg.org\/tr\/wp-json\/wp\/v2\/tags?post=56524"}],"curies":[{"name":"wp","href":"https:\/\/api.w.org\/{rel}","templated":true}]}}