{"id":5852,"date":"2008-10-05T08:54:00","date_gmt":"2008-10-05T06:54:00","guid":{"rendered":"https:\/\/www.igmg.org\/?p=5852"},"modified":"2015-02-16T10:47:57","modified_gmt":"2015-02-16T09:47:57","slug":"igmg-berlinli-gena%c2%a7leri-iftarda-buluayturdu","status":"publish","type":"post","link":"https:\/\/www.igmg.org\/tr\/igmg-berlinli-gena%c2%a7leri-iftarda-buluayturdu\/","title":{"rendered":"IGMG Berlinli gen\u00e7leri iftarda bulu\u015fturdu"},"content":{"rendered":"<p>IGMG Berlin Gen\u00e7lik Kollar\u0131&#8217;n\u0131n Ba\u015fkent Berlin&#8217;deki b\u00f6lge merkez salonunda ger\u00e7ekle\u015ftirmi\u015f oldugu iftar yeme\u011fine gen\u00e7ler b\u00fcy\u00fck ilgi g\u00f6sterdi. Ramazan ay\u0131n\u0131n bu y\u0131l dolu dolu ya\u015fand\u0131\u011f\u0131 Berlin&#8217;de bir \u00e7ok sivil toplum kurulu\u015funun vermi\u015f oldu\u011fu iftar davetlerinde M\u00fcsl\u00fcmanlar bir araya geldi. Avrupa&#8217;n\u0131n en b\u00fcy\u00fck sivil toplum kurulu\u015flar\u0131ndan\u0130slam Toplumu Mill\u00ee G\u00f6r\u00fc\u015f Te\u015fkilatlar\u0131n\u0131n haz\u0131rlam\u0131\u015f oldu\u011fu iftar sofralar\u0131nda da binlerce&nbsp; insan bulu\u015ftu. <\/p>\n<p>IGMG Berlin Gen\u00e7lik Kollar\u0131 Tan\u0131tma Ba\u015fkan\u0131 Sezai Cakan&#8217;in okumu\u015f oldu\u011fu ezanla iftarlar\u0131n\u0131 a\u00e7an gen\u00e7ler, topluca ak\u015fam namaz\u0131n\u0131 k\u0131ld\u0131kdan sonra Berlin B\u00f6lge Gen\u00e7lik \u0130cras\u0131 taraf\u0131ndan haz\u0131rlanan iftar sofras\u0131na oturdular.<\/p>\n<p>\u0130ftar program\u0131na kat\u0131lan IGMG Berlin B\u00f6lge Ba\u015fkan\u0131 &nbsp;Siyami \u00d6zt\u00fcrk, gen\u00e7lere&nbsp; hitaben yapm\u0131\u015f oldu\u011fu konu\u015fmas\u0131nda, &#8220;Gen\u00e7lik gelecegimizdir&#8221;\u009d dedi. \u00d6zt\u00fcrk gen\u00e7lerimizin hem maddi hem manevi y\u00f6nden g\u00fc\u00e7l\u00fc olmas\u0131n\u0131n \u00f6nemine de\u011findi\u011fi konu\u015fmas\u0131nda &#8220;IGMG Berlin&nbsp; Te\u015fkilat\u0131 olarak Berlin&#8217;deki t\u00fcm gen\u00e7lerimizi kucaklamak ve onlar\u0131n tasalar\u0131nda sevin\u00e7lerinde yanlar\u0131nda olmak isteriz&#8221;\u009d dedi.<\/p>\n<p>\u0130ftarda ayr\u0131ca Berlin&#8217;de ba\u015far\u0131 g\u00f6steren&nbsp;Wedding, Mariendorf ve Kreuzberg Gen\u00e7lik Kollar\u0131 da birer plaketle \u00f6d\u00fcllendirildi. Program&nbsp;Kur&#8217;an-\u0131 Kerim tilaveti d\u00fcnya birincilerinden Hasan Siddigi&#8217;nin Kur&#8217;an tilaveti ile sona erdi.<\/p>\n","protected":false},"excerpt":{"rendered":"<p>IGMG Berlin  B\u00f6lge Gen\u00e7lik Kollar\u0131&#8217;n\u0131n iftar\u0131nda konu\u015fan IGMG Berlin B\u00f6lge Ba\u015fkan\u0131 Siyam\u0131 \u00d6zt\u00fcrk &#8220;Gen\u00e7lik gelece\u011fimizdir&#8221;\u009d<\/p>\n","protected":false},"author":1,"featured_media":0,"comment_status":"open","ping_status":"closed","sticky":false,"template":"","format":"standard","meta":{"ngg_post_thumbnail":0},"categories":[23238,24,23259],"tags":[],"_links":{"self":[{"href":"https:\/\/www.igmg.org\/tr\/wp-json\/wp\/v2\/posts\/5852"}],"collection":[{"href":"https:\/\/www.igmg.org\/tr\/wp-json\/wp\/v2\/posts"}],"about":[{"href":"https:\/\/www.igmg.org\/tr\/wp-json\/wp\/v2\/types\/post"}],"author":[{"embeddable":true,"href":"https:\/\/www.igmg.org\/tr\/wp-json\/wp\/v2\/users\/1"}],"replies":[{"embeddable":true,"href":"https:\/\/www.igmg.org\/tr\/wp-json\/wp\/v2\/comments?post=5852"}],"version-history":[{"count":0,"href":"https:\/\/www.igmg.org\/tr\/wp-json\/wp\/v2\/posts\/5852\/revisions"}],"wp:attachment":[{"href":"https:\/\/www.igmg.org\/tr\/wp-json\/wp\/v2\/media?parent=5852"}],"wp:term":[{"taxonomy":"category","embeddable":true,"href":"https:\/\/www.igmg.org\/tr\/wp-json\/wp\/v2\/categories?post=5852"},{"taxonomy":"post_tag","embeddable":true,"href":"https:\/\/www.igmg.org\/tr\/wp-json\/wp\/v2\/tags?post=5852"}],"curies":[{"name":"wp","href":"https:\/\/api.w.org\/{rel}","templated":true}]}}