{"id":58812,"date":"2025-11-26T14:08:06","date_gmt":"2025-11-26T13:08:06","guid":{"rendered":"https:\/\/www.igmg.org\/?p=58812"},"modified":"2025-11-26T14:56:58","modified_gmt":"2025-11-26T13:56:58","slug":"antisemitizmi-ithal-bir-problem-gibi-goestermek-yeni-oen-yargilara-sebebiyet-verir","status":"publish","type":"post","link":"https:\/\/www.igmg.org\/tr\/antisemitizmi-ithal-bir-problem-gibi-goestermek-yeni-oen-yargilara-sebebiyet-verir\/","title":{"rendered":"Antisemitizmi ithal bir problem gibi g\u00f6stermek yeni \u00f6n yarg\u0131lara sebebiyet verir"},"content":{"rendered":"<p><strong>\u0130slam Toplumu Mill\u00ee G\u00f6r\u00fc\u015f (IGMG) Genel Sekreteri Ali Mete, 25 Kas\u0131m tarihinde yay\u0131nlanan DeZIM ara\u015ft\u0131rmas\u0131 sebebiyle bir a\u00e7\u0131klama yapt\u0131. Ara\u015ft\u0131rma, antisemitizmin etnik k\u00f6ken veya din\u00ee inanca indirgenemeyece\u011fi sonucunu ortaya \u00e7\u0131kar\u0131yor. \u201cAntisemitizmin \u2018ithal edilmi\u015f\u2019 bir problem oldu\u011fu d\u00fc\u015f\u00fcncesine kar\u015f\u0131 dikkatli olunmal\u0131d\u0131r. Bu anlat\u0131 tarihsel sorumlulu\u011fu \u00f6rtbas ediyor, problemin \u00f6nlenmesini engelliyor ve yeni \u00f6n yarg\u0131lar\u0131 k\u00f6r\u00fckl\u00fcyor.\u201d diyen Mete s\u00f6zlerini \u015f\u00f6yle s\u00fcrd\u00fcrd\u00fc:<\/strong><\/p>\n<p>&#8220;DeZIM ara\u015ft\u0131rmas\u0131n\u0131n bulgular\u0131, antisemitizmin ne yeni ne de ithal bir fenomen oldu\u011funu, aksine toplumumuzun farkl\u0131 kesimlerinde yerle\u015fik bulundu\u011funu a\u00e7\u0131k\u00e7a g\u00f6steriyor. Antisemitizmi pe\u015finen M\u00fcsl\u00fcmanlara atfedenler sadece sorumlulu\u011fu ba\u015fkalar\u0131n\u0131n \u00fcst\u00fcne atmakla kalm\u0131yor, ayn\u0131 zamanda yeni \u00f6n yarg\u0131lar \u00fcretiyorlar.<\/p>\n<p>Antisemitizm, kendi \u00fcst\u00fcne al\u0131nmay\u0131p ba\u015fkalar\u0131na itelenerek veya homojen oldu\u011fu varsay\u0131lan bir gruba atfedilerek m\u00fccadele edilebilecek bir problem de\u011fildir. Antisemitizmle, ortaya \u00e7\u0131kt\u0131\u011f\u0131 ve kendini g\u00f6sterdi\u011fi yerde m\u00fccadele edilmelidir.<\/p>\n<p>\u00d6zellikle merkez partilere, kamuoyundaki tart\u0131\u015fmalarda \u00f6fkeyi k\u00f6r\u00fcklemek yerine \u00e7\u00f6z\u00fcmler \u00fcretecek bir dil kullanmalar\u0131 \u00e7a\u011fr\u0131s\u0131nda bulunuyoruz. Sorunun karma\u015f\u0131kl\u0131\u011f\u0131n\u0131 basit anlat\u0131mlarla \u00f6zetlemeye \u00e7al\u0131\u015fan ifadeler, antisemitizmle ger\u00e7ekten m\u00fccadele etmek isteyenlere bir fayda sa\u011flamaz.<\/p>\n<p>DeZIM ara\u015ft\u0131rmas\u0131 hepimize bir uyar\u0131 mahiyetinde: Antisemitizmin bir\u00e7ok nedeni ve ifade bi\u00e7imi vard\u0131r. Bunu tek bir etnik gruba indirgemek, ger\u00e7ekleri \u00e7arp\u0131tmak anlam\u0131na gelir. Antisemitizmin t\u00fcm tezah\u00fcrleri ile m\u00fccadelede etkili bir stratejinin izlenebilmesi i\u00e7in hepimiz birlikte, cesaretle, d\u00fcr\u00fcstl\u00fckle ve bu \u00fclkede beraber ya\u015fama sorumlulu\u011fumuzun bilinciyle hareket etmek zorunday\u0131z.<\/p>\n<p>\u0130slam Toplumu Mill\u00ee G\u00f6r\u00fc\u015f olarak, kime y\u00f6nelik ve kimden gelirse gelsin, her t\u00fcrl\u00fc grup temelli insan d\u00fc\u015fmanl\u0131\u011f\u0131n\u0131 k\u0131n\u0131yoruz. Camilerimizde de \u0130slam&#8217;\u0131n derinliklerinde k\u00f6k salm\u0131\u015f olan adalet, haysiyet, merhamet ve din\u00ee az\u0131nl\u0131klar\u0131n korunmas\u0131 gibi de\u011ferleri \u00f6\u011fretiyoruz. Bunlar e\u011fitim ve cemaat ya\u015fant\u0131m\u0131z\u0131n merkezinde yer alan unsurlard\u0131r.&#8221;<\/p>\n","protected":false},"excerpt":{"rendered":"<p>\u0130slam Toplumu Mill\u00ee G\u00f6r\u00fc\u015f (IGMG) Genel Sekreteri Ali Mete, 25 Kas\u0131m tarihinde yay\u0131nlanan DeZIM ara\u015ft\u0131rmas\u0131 sebebiyle bir a\u00e7\u0131klama yapt\u0131. Ara\u015ft\u0131rma, antisemitizmin etnik k\u00f6ken veya din\u00ee inanca indirgenemeyece\u011fi sonucunu ortaya \u00e7\u0131kar\u0131yor. \u201cAntisemitizmin \u2018ithal edilmi\u015f\u2019 bir problem oldu\u011fu d\u00fc\u015f\u00fcncesine kar\u015f\u0131 dikkatli olunmal\u0131d\u0131r. Bu anlat\u0131 tarihsel sorumlulu\u011fu \u00f6rtbas ediyor, problemin \u00f6nlenmesini engelliyor ve yeni \u00f6n yarg\u0131lar\u0131 k\u00f6r\u00fckl\u00fcyor.\u201d diyen Mete s\u00f6zlerini \u015f\u00f6yle s\u00fcrd\u00fcrd\u00fc:<\/p>\n","protected":false},"author":1,"featured_media":32515,"comment_status":"closed","ping_status":"closed","sticky":false,"template":"","format":"standard","meta":{"ngg_post_thumbnail":0},"categories":[23244,23262,23239],"tags":[],"_links":{"self":[{"href":"https:\/\/www.igmg.org\/tr\/wp-json\/wp\/v2\/posts\/58812"}],"collection":[{"href":"https:\/\/www.igmg.org\/tr\/wp-json\/wp\/v2\/posts"}],"about":[{"href":"https:\/\/www.igmg.org\/tr\/wp-json\/wp\/v2\/types\/post"}],"author":[{"embeddable":true,"href":"https:\/\/www.igmg.org\/tr\/wp-json\/wp\/v2\/users\/1"}],"replies":[{"embeddable":true,"href":"https:\/\/www.igmg.org\/tr\/wp-json\/wp\/v2\/comments?post=58812"}],"version-history":[{"count":1,"href":"https:\/\/www.igmg.org\/tr\/wp-json\/wp\/v2\/posts\/58812\/revisions"}],"predecessor-version":[{"id":58813,"href":"https:\/\/www.igmg.org\/tr\/wp-json\/wp\/v2\/posts\/58812\/revisions\/58813"}],"wp:featuredmedia":[{"embeddable":true,"href":"https:\/\/www.igmg.org\/tr\/wp-json\/wp\/v2\/media\/32515"}],"wp:attachment":[{"href":"https:\/\/www.igmg.org\/tr\/wp-json\/wp\/v2\/media?parent=58812"}],"wp:term":[{"taxonomy":"category","embeddable":true,"href":"https:\/\/www.igmg.org\/tr\/wp-json\/wp\/v2\/categories?post=58812"},{"taxonomy":"post_tag","embeddable":true,"href":"https:\/\/www.igmg.org\/tr\/wp-json\/wp\/v2\/tags?post=58812"}],"curies":[{"name":"wp","href":"https:\/\/api.w.org\/{rel}","templated":true}]}}